{"id":174221,"date":"2017-10-04T15:16:44","date_gmt":"2017-10-04T18:16:44","guid":{"rendered":"http:\/\/www.agrund.com\/?p=174221"},"modified":"2017-10-04T15:16:44","modified_gmt":"2017-10-04T18:16:44","slug":"minas-trend-inverno-2018-o-trico-tropical-de-natalia-pessoa","status":"publish","type":"post","link":"https:\/\/agrund.com\/index.php\/minas-trend-inverno-2018-o-trico-tropical-de-natalia-pessoa\/","title":{"rendered":"Minas Trend Inverno 2018 :: O tric\u00f4 tropical de Nat\u00e1lia Pessoa"},"content":{"rendered":"<p>Por Rafaela Piovezani<\/p>\n<p>No primeiro dia do Minas Trend, Nat\u00e1lia Pessoa apresentou uma cole\u00e7\u00e3o inspirada nas obras do artista Tom Veiga. Na passarela vimos um tric\u00f4 com releituras de estampas tropicais, detalhes em bordados e at\u00e9 pe\u00e7as em vinil que apareceram no final da apresenta\u00e7\u00e3o.<\/p>\n<p>A estilista levou para a passarela do Minas Trend uma silhueta mais ajustada e estampas tropicais, como as palmeiras. Aplica\u00e7\u00f5es bordadas manualmente, al\u00e9m de texturas diversas, como o vinil (destaque para o metalizado azul no final da apresenta\u00e7\u00e3o).<\/p>\n<p>Tudo isso em uma cartela de cores repleta de vermelho, rosa, verde, preto e azul-claro met\u00e1lico.<\/p>\n<div id=\"attachment_174222\" style=\"width: 610px\" class=\"wp-caption aligncenter\"><img aria-describedby=\"caption-attachment-174222\" data-attachment-id=\"174222\" data-permalink=\"https:\/\/agrund.com\/index.php\/minas-trend-inverno-2018-o-trico-tropical-de-natalia-pessoa\/natalia-pessoa-12\/\" data-orig-file=\"https:\/\/i0.wp.com\/agrund.com\/wp-content\/uploads\/sites\/6\/2017\/10\/npes_i18_0001-e1507140827344.jpg?fit=600%2C900&amp;ssl=1\" data-orig-size=\"600,900\" data-comments-opened=\"1\" data-image-meta=\"{&quot;aperture&quot;:&quot;5.6&quot;,&quot;credit&quot;:&quot;Ze Takahashi \\\/ FOTOSITE&quot;,&quot;camera&quot;:&quot;NIKON D500&quot;,&quot;caption&quot;:&quot;Natalia Pessoa\\n\\nMinas Trend - Inverno 2018\\n\\nFoto : Ze Takahashi \\\/  FOTOSITE&quot;,&quot;created_timestamp&quot;:&quot;1507055151&quot;,&quot;copyright&quot;:&quot;\\u00a9 FOTOSITE&quot;,&quot;focal_length&quot;:&quot;195&quot;,&quot;iso&quot;:&quot;800&quot;,&quot;shutter_speed&quot;:&quot;0.0015625&quot;,&quot;title&quot;:&quot;Natalia Pessoa&quot;,&quot;orientation&quot;:&quot;0&quot;}\" data-image-title=\"Minas Trend Inverno 2018 :: O tric\u00f4 tropical de Nat\u00e1lia Pessoa\" data-image-description=\"\" data-image-caption=\"&lt;p&gt;Minas Trend Inverno 2018 :: O tric\u00f4 tropical de Nat\u00e1lia Pessoa&lt;\/p&gt;\n\" data-medium-file=\"https:\/\/i0.wp.com\/agrund.com\/wp-content\/uploads\/sites\/6\/2017\/10\/npes_i18_0001-e1507140827344.jpg?fit=200%2C300&amp;ssl=1\" data-large-file=\"https:\/\/i0.wp.com\/agrund.com\/wp-content\/uploads\/sites\/6\/2017\/10\/npes_i18_0001-e1507140827344.jpg?fit=683%2C1024&amp;ssl=1\" decoding=\"async\" loading=\"lazy\" class=\"size-full wp-image-174222\" src=\"https:\/\/i0.wp.com\/www.agrund.com\/wp-content\/uploads\/sites\/6\/2017\/10\/npes_i18_0001-e1507140827344.jpg?resize=600%2C900\" alt=\"\" width=\"600\" height=\"900\" data-recalc-dims=\"1\" \/><p id=\"caption-attachment-174222\" class=\"wp-caption-text\">Minas Trend Inverno 2018 :: O tric\u00f4 tropical de Nat\u00e1lia Pessoa<\/p><\/div>\n<div id=\"attachment_174224\" style=\"width: 610px\" class=\"wp-caption aligncenter\"><img aria-describedby=\"caption-attachment-174224\" data-attachment-id=\"174224\" data-permalink=\"https:\/\/agrund.com\/index.php\/minas-trend-inverno-2018-o-trico-tropical-de-natalia-pessoa\/natalia-pessoa-14\/\" data-orig-file=\"https:\/\/i0.wp.com\/agrund.com\/wp-content\/uploads\/sites\/6\/2017\/10\/npes_i18_0013-e1507140852446.jpg?fit=600%2C900&amp;ssl=1\" data-orig-size=\"600,900\" data-comments-opened=\"1\" data-image-meta=\"{&quot;aperture&quot;:&quot;5.6&quot;,&quot;credit&quot;:&quot;Ze Takahashi \\\/ FOTOSITE&quot;,&quot;camera&quot;:&quot;NIKON D500&quot;,&quot;caption&quot;:&quot;Natalia Pessoa\\n\\nMinas Trend - Inverno 2018\\n\\nFoto : Ze Takahashi \\\/  FOTOSITE&quot;,&quot;created_timestamp&quot;:&quot;1507055211&quot;,&quot;copyright&quot;:&quot;\\u00a9 FOTOSITE&quot;,&quot;focal_length&quot;:&quot;185&quot;,&quot;iso&quot;:&quot;800&quot;,&quot;shutter_speed&quot;:&quot;0.002&quot;,&quot;title&quot;:&quot;Natalia Pessoa&quot;,&quot;orientation&quot;:&quot;0&quot;}\" data-image-title=\"Minas Trend Inverno 2018 :: O tric\u00f4 tropical de Nat\u00e1lia Pessoa\" data-image-description=\"\" data-image-caption=\"&lt;p&gt;Minas Trend Inverno 2018 :: O tric\u00f4 tropical de Nat\u00e1lia Pessoa&lt;\/p&gt;\n\" data-medium-file=\"https:\/\/i0.wp.com\/agrund.com\/wp-content\/uploads\/sites\/6\/2017\/10\/npes_i18_0013-e1507140852446.jpg?fit=200%2C300&amp;ssl=1\" data-large-file=\"https:\/\/i0.wp.com\/agrund.com\/wp-content\/uploads\/sites\/6\/2017\/10\/npes_i18_0013-e1507140852446.jpg?fit=683%2C1024&amp;ssl=1\" decoding=\"async\" loading=\"lazy\" class=\"size-full wp-image-174224\" src=\"https:\/\/i0.wp.com\/www.agrund.com\/wp-content\/uploads\/sites\/6\/2017\/10\/npes_i18_0013-e1507140852446.jpg?resize=600%2C900\" alt=\"\" width=\"600\" height=\"900\" data-recalc-dims=\"1\" \/><p id=\"caption-attachment-174224\" class=\"wp-caption-text\">Minas Trend Inverno 2018 :: O tric\u00f4 tropical de Nat\u00e1lia Pessoa<\/p><\/div>\n<div id=\"attachment_174225\" style=\"width: 610px\" class=\"wp-caption aligncenter\"><img aria-describedby=\"caption-attachment-174225\" data-attachment-id=\"174225\" data-permalink=\"https:\/\/agrund.com\/index.php\/minas-trend-inverno-2018-o-trico-tropical-de-natalia-pessoa\/natalia-pessoa-15\/\" data-orig-file=\"https:\/\/i0.wp.com\/agrund.com\/wp-content\/uploads\/sites\/6\/2017\/10\/npes_i18_0016-e1507140867874.jpg?fit=600%2C900&amp;ssl=1\" data-orig-size=\"600,900\" data-comments-opened=\"1\" data-image-meta=\"{&quot;aperture&quot;:&quot;5.6&quot;,&quot;credit&quot;:&quot;Ze Takahashi \\\/ FOTOSITE&quot;,&quot;camera&quot;:&quot;NIKON D500&quot;,&quot;caption&quot;:&quot;Natalia Pessoa\\n\\nMinas Trend - Inverno 2018\\n\\nFoto : Ze Takahashi \\\/  FOTOSITE&quot;,&quot;created_timestamp&quot;:&quot;1507055224&quot;,&quot;copyright&quot;:&quot;\\u00a9 FOTOSITE&quot;,&quot;focal_length&quot;:&quot;185&quot;,&quot;iso&quot;:&quot;800&quot;,&quot;shutter_speed&quot;:&quot;0.0015625&quot;,&quot;title&quot;:&quot;Natalia Pessoa&quot;,&quot;orientation&quot;:&quot;0&quot;}\" data-image-title=\"Minas Trend Inverno 2018 :: O tric\u00f4 tropical de Nat\u00e1lia Pessoa\" data-image-description=\"\" data-image-caption=\"&lt;p&gt;Minas Trend Inverno 2018 :: O tric\u00f4 tropical de Nat\u00e1lia Pessoa&lt;\/p&gt;\n\" data-medium-file=\"https:\/\/i0.wp.com\/agrund.com\/wp-content\/uploads\/sites\/6\/2017\/10\/npes_i18_0016-e1507140867874.jpg?fit=200%2C300&amp;ssl=1\" data-large-file=\"https:\/\/i0.wp.com\/agrund.com\/wp-content\/uploads\/sites\/6\/2017\/10\/npes_i18_0016-e1507140867874.jpg?fit=683%2C1024&amp;ssl=1\" decoding=\"async\" loading=\"lazy\" class=\"size-full wp-image-174225\" src=\"https:\/\/i0.wp.com\/www.agrund.com\/wp-content\/uploads\/sites\/6\/2017\/10\/npes_i18_0016-e1507140867874.jpg?resize=600%2C900\" alt=\"\" width=\"600\" height=\"900\" data-recalc-dims=\"1\" \/><p id=\"caption-attachment-174225\" class=\"wp-caption-text\">Minas Trend Inverno 2018 :: O tric\u00f4 tropical de Nat\u00e1lia Pessoa<\/p><\/div>\n<div id=\"attachment_174226\" style=\"width: 610px\" class=\"wp-caption aligncenter\"><img aria-describedby=\"caption-attachment-174226\" data-attachment-id=\"174226\" data-permalink=\"https:\/\/agrund.com\/index.php\/minas-trend-inverno-2018-o-trico-tropical-de-natalia-pessoa\/natalia-pessoa-16\/\" data-orig-file=\"https:\/\/i0.wp.com\/agrund.com\/wp-content\/uploads\/sites\/6\/2017\/10\/npes_i18_0025-e1507140884529.jpg?fit=600%2C900&amp;ssl=1\" data-orig-size=\"600,900\" data-comments-opened=\"1\" data-image-meta=\"{&quot;aperture&quot;:&quot;5.6&quot;,&quot;credit&quot;:&quot;Ze Takahashi \\\/ FOTOSITE&quot;,&quot;camera&quot;:&quot;NIKON D500&quot;,&quot;caption&quot;:&quot;Natalia Pessoa\\n\\nMinas Trend - Inverno 2018\\n\\nFoto : Ze Takahashi \\\/  FOTOSITE&quot;,&quot;created_timestamp&quot;:&quot;1507055269&quot;,&quot;copyright&quot;:&quot;\\u00a9 FOTOSITE&quot;,&quot;focal_length&quot;:&quot;195&quot;,&quot;iso&quot;:&quot;800&quot;,&quot;shutter_speed&quot;:&quot;0.0015625&quot;,&quot;title&quot;:&quot;Natalia Pessoa&quot;,&quot;orientation&quot;:&quot;0&quot;}\" data-image-title=\"Minas Trend Inverno 2018 :: O tric\u00f4 tropical de Nat\u00e1lia Pessoa\" data-image-description=\"\" data-image-caption=\"&lt;p&gt;Minas Trend Inverno 2018 :: O tric\u00f4 tropical de Nat\u00e1lia Pessoa&lt;\/p&gt;\n\" data-medium-file=\"https:\/\/i0.wp.com\/agrund.com\/wp-content\/uploads\/sites\/6\/2017\/10\/npes_i18_0025-e1507140884529.jpg?fit=200%2C300&amp;ssl=1\" data-large-file=\"https:\/\/i0.wp.com\/agrund.com\/wp-content\/uploads\/sites\/6\/2017\/10\/npes_i18_0025-e1507140884529.jpg?fit=683%2C1024&amp;ssl=1\" decoding=\"async\" loading=\"lazy\" class=\"size-full wp-image-174226\" src=\"https:\/\/i0.wp.com\/www.agrund.com\/wp-content\/uploads\/sites\/6\/2017\/10\/npes_i18_0025-e1507140884529.jpg?resize=600%2C900\" alt=\"\" width=\"600\" height=\"900\" data-recalc-dims=\"1\" \/><p id=\"caption-attachment-174226\" class=\"wp-caption-text\">Minas Trend Inverno 2018 :: O tric\u00f4 tropical de Nat\u00e1lia Pessoa<\/p><\/div>\n<div id=\"attachment_174227\" style=\"width: 610px\" class=\"wp-caption aligncenter\"><img aria-describedby=\"caption-attachment-174227\" data-attachment-id=\"174227\" data-permalink=\"https:\/\/agrund.com\/index.php\/minas-trend-inverno-2018-o-trico-tropical-de-natalia-pessoa\/natalia-pessoa-17\/\" data-orig-file=\"https:\/\/i0.wp.com\/agrund.com\/wp-content\/uploads\/sites\/6\/2017\/10\/npes_i18_0034-e1507140903179.jpg?fit=600%2C900&amp;ssl=1\" data-orig-size=\"600,900\" data-comments-opened=\"1\" data-image-meta=\"{&quot;aperture&quot;:&quot;5.6&quot;,&quot;credit&quot;:&quot;Ze Takahashi \\\/ FOTOSITE&quot;,&quot;camera&quot;:&quot;NIKON D500&quot;,&quot;caption&quot;:&quot;Natalia Pessoa\\n\\nMinas Trend - Inverno 2018\\n\\nFoto : Ze Takahashi \\\/  FOTOSITE&quot;,&quot;created_timestamp&quot;:&quot;1507055314&quot;,&quot;copyright&quot;:&quot;\\u00a9 FOTOSITE&quot;,&quot;focal_length&quot;:&quot;180&quot;,&quot;iso&quot;:&quot;800&quot;,&quot;shutter_speed&quot;:&quot;0.0015625&quot;,&quot;title&quot;:&quot;Natalia Pessoa&quot;,&quot;orientation&quot;:&quot;0&quot;}\" data-image-title=\"Minas Trend Inverno 2018 :: O tric\u00f4 tropical de Nat\u00e1lia Pessoa\" data-image-description=\"\" data-image-caption=\"&lt;p&gt;Minas Trend Inverno 2018 :: O tric\u00f4 tropical de Nat\u00e1lia Pessoa&lt;\/p&gt;\n\" data-medium-file=\"https:\/\/i0.wp.com\/agrund.com\/wp-content\/uploads\/sites\/6\/2017\/10\/npes_i18_0034-e1507140903179.jpg?fit=200%2C300&amp;ssl=1\" data-large-file=\"https:\/\/i0.wp.com\/agrund.com\/wp-content\/uploads\/sites\/6\/2017\/10\/npes_i18_0034-e1507140903179.jpg?fit=683%2C1024&amp;ssl=1\" decoding=\"async\" loading=\"lazy\" class=\"size-full wp-image-174227\" src=\"https:\/\/i0.wp.com\/www.agrund.com\/wp-content\/uploads\/sites\/6\/2017\/10\/npes_i18_0034-e1507140903179.jpg?resize=600%2C900\" alt=\"\" width=\"600\" height=\"900\" data-recalc-dims=\"1\" \/><p id=\"caption-attachment-174227\" class=\"wp-caption-text\">Minas Trend Inverno 2018 :: O tric\u00f4 tropical de Nat\u00e1lia Pessoa<\/p><\/div>\n<div id=\"attachment_174228\" style=\"width: 610px\" class=\"wp-caption aligncenter\"><img aria-describedby=\"caption-attachment-174228\" data-attachment-id=\"174228\" data-permalink=\"https:\/\/agrund.com\/index.php\/minas-trend-inverno-2018-o-trico-tropical-de-natalia-pessoa\/natalia-pessoa-18\/\" data-orig-file=\"https:\/\/i0.wp.com\/agrund.com\/wp-content\/uploads\/sites\/6\/2017\/10\/npes_i18_0046-e1507140918733.jpg?fit=600%2C900&amp;ssl=1\" data-orig-size=\"600,900\" data-comments-opened=\"1\" data-image-meta=\"{&quot;aperture&quot;:&quot;5.6&quot;,&quot;credit&quot;:&quot;Ze Takahashi \\\/ FOTOSITE&quot;,&quot;camera&quot;:&quot;NIKON D500&quot;,&quot;caption&quot;:&quot;Natalia Pessoa\\n\\nMinas Trend - Inverno 2018\\n\\nFoto : Ze Takahashi \\\/  FOTOSITE&quot;,&quot;created_timestamp&quot;:&quot;1507055373&quot;,&quot;copyright&quot;:&quot;\\u00a9 FOTOSITE&quot;,&quot;focal_length&quot;:&quot;185&quot;,&quot;iso&quot;:&quot;800&quot;,&quot;shutter_speed&quot;:&quot;0.0015625&quot;,&quot;title&quot;:&quot;Natalia Pessoa&quot;,&quot;orientation&quot;:&quot;0&quot;}\" data-image-title=\"Minas Trend Inverno 2018 :: O tric\u00f4 tropical de Nat\u00e1lia Pessoa\" data-image-description=\"\" data-image-caption=\"&lt;p&gt;Minas Trend Inverno 2018 :: O tric\u00f4 tropical de Nat\u00e1lia Pessoa&lt;\/p&gt;\n\" data-medium-file=\"https:\/\/i0.wp.com\/agrund.com\/wp-content\/uploads\/sites\/6\/2017\/10\/npes_i18_0046-e1507140918733.jpg?fit=200%2C300&amp;ssl=1\" data-large-file=\"https:\/\/i0.wp.com\/agrund.com\/wp-content\/uploads\/sites\/6\/2017\/10\/npes_i18_0046-e1507140918733.jpg?fit=683%2C1024&amp;ssl=1\" decoding=\"async\" loading=\"lazy\" class=\"size-full wp-image-174228\" src=\"https:\/\/i0.wp.com\/www.agrund.com\/wp-content\/uploads\/sites\/6\/2017\/10\/npes_i18_0046-e1507140918733.jpg?resize=600%2C900\" alt=\"\" width=\"600\" height=\"900\" data-recalc-dims=\"1\" \/><p id=\"caption-attachment-174228\" class=\"wp-caption-text\">Minas Trend Inverno 2018 :: O tric\u00f4 tropical de Nat\u00e1lia Pessoa<\/p><\/div>\n<div id=\"attachment_174229\" style=\"width: 610px\" class=\"wp-caption aligncenter\"><img aria-describedby=\"caption-attachment-174229\" data-attachment-id=\"174229\" data-permalink=\"https:\/\/agrund.com\/index.php\/minas-trend-inverno-2018-o-trico-tropical-de-natalia-pessoa\/natalia-pessoa-19\/\" data-orig-file=\"https:\/\/i0.wp.com\/agrund.com\/wp-content\/uploads\/sites\/6\/2017\/10\/npes_i18_0054-e1507140932433.jpg?fit=600%2C900&amp;ssl=1\" data-orig-size=\"600,900\" data-comments-opened=\"1\" data-image-meta=\"{&quot;aperture&quot;:&quot;5.6&quot;,&quot;credit&quot;:&quot;Ze Takahashi \\\/ FOTOSITE&quot;,&quot;camera&quot;:&quot;NIKON D500&quot;,&quot;caption&quot;:&quot;Natalia Pessoa\\n\\nMinas Trend - Inverno 2018\\n\\nFoto : Ze Takahashi \\\/  FOTOSITE&quot;,&quot;created_timestamp&quot;:&quot;1507055419&quot;,&quot;copyright&quot;:&quot;\\u00a9 FOTOSITE&quot;,&quot;focal_length&quot;:&quot;160&quot;,&quot;iso&quot;:&quot;800&quot;,&quot;shutter_speed&quot;:&quot;0.0015625&quot;,&quot;title&quot;:&quot;Natalia Pessoa&quot;,&quot;orientation&quot;:&quot;0&quot;}\" data-image-title=\"Minas Trend Inverno 2018 :: O tric\u00f4 tropical de Nat\u00e1lia Pessoa\" data-image-description=\"\" data-image-caption=\"&lt;p&gt;Minas Trend Inverno 2018 :: O tric\u00f4 tropical de Nat\u00e1lia Pessoa&lt;\/p&gt;\n\" data-medium-file=\"https:\/\/i0.wp.com\/agrund.com\/wp-content\/uploads\/sites\/6\/2017\/10\/npes_i18_0054-e1507140932433.jpg?fit=200%2C300&amp;ssl=1\" data-large-file=\"https:\/\/i0.wp.com\/agrund.com\/wp-content\/uploads\/sites\/6\/2017\/10\/npes_i18_0054-e1507140932433.jpg?fit=683%2C1024&amp;ssl=1\" decoding=\"async\" loading=\"lazy\" class=\"size-full wp-image-174229\" src=\"https:\/\/i0.wp.com\/www.agrund.com\/wp-content\/uploads\/sites\/6\/2017\/10\/npes_i18_0054-e1507140932433.jpg?resize=600%2C900\" alt=\"\" width=\"600\" height=\"900\" data-recalc-dims=\"1\" \/><p id=\"caption-attachment-174229\" class=\"wp-caption-text\">Minas Trend Inverno 2018 :: O tric\u00f4 tropical de Nat\u00e1lia Pessoa<\/p><\/div>\n<div id=\"attachment_174230\" style=\"width: 610px\" class=\"wp-caption aligncenter\"><img aria-describedby=\"caption-attachment-174230\" data-attachment-id=\"174230\" data-permalink=\"https:\/\/agrund.com\/index.php\/minas-trend-inverno-2018-o-trico-tropical-de-natalia-pessoa\/natalia-pessoa-20\/\" data-orig-file=\"https:\/\/i0.wp.com\/agrund.com\/wp-content\/uploads\/sites\/6\/2017\/10\/npes_i18_0060-e1507140979976.jpg?fit=600%2C900&amp;ssl=1\" data-orig-size=\"600,900\" data-comments-opened=\"1\" data-image-meta=\"{&quot;aperture&quot;:&quot;5.6&quot;,&quot;credit&quot;:&quot;Ze Takahashi \\\/ FOTOSITE&quot;,&quot;camera&quot;:&quot;NIKON D500&quot;,&quot;caption&quot;:&quot;Natalia Pessoa\\n\\nMinas Trend - Inverno 2018\\n\\nFoto : Ze Takahashi \\\/  FOTOSITE&quot;,&quot;created_timestamp&quot;:&quot;1507055445&quot;,&quot;copyright&quot;:&quot;\\u00a9 FOTOSITE&quot;,&quot;focal_length&quot;:&quot;185&quot;,&quot;iso&quot;:&quot;800&quot;,&quot;shutter_speed&quot;:&quot;0.0015625&quot;,&quot;title&quot;:&quot;Natalia Pessoa&quot;,&quot;orientation&quot;:&quot;0&quot;}\" data-image-title=\"Minas Trend Inverno 2018 :: O tric\u00f4 tropical de Nat\u00e1lia Pessoa\" data-image-description=\"\" data-image-caption=\"&lt;p&gt;Minas Trend Inverno 2018 :: O tric\u00f4 tropical de Nat\u00e1lia Pessoa&lt;\/p&gt;\n\" data-medium-file=\"https:\/\/i0.wp.com\/agrund.com\/wp-content\/uploads\/sites\/6\/2017\/10\/npes_i18_0060-e1507140979976.jpg?fit=200%2C300&amp;ssl=1\" data-large-file=\"https:\/\/i0.wp.com\/agrund.com\/wp-content\/uploads\/sites\/6\/2017\/10\/npes_i18_0060-e1507140979976.jpg?fit=683%2C1024&amp;ssl=1\" decoding=\"async\" loading=\"lazy\" class=\"size-full wp-image-174230\" src=\"https:\/\/i0.wp.com\/www.agrund.com\/wp-content\/uploads\/sites\/6\/2017\/10\/npes_i18_0060-e1507140979976.jpg?resize=600%2C900\" alt=\"\" width=\"600\" height=\"900\" data-recalc-dims=\"1\" \/><p id=\"caption-attachment-174230\" class=\"wp-caption-text\">Minas Trend Inverno 2018 :: O tric\u00f4 tropical de Nat\u00e1lia Pessoa<\/p><\/div>\n<p>Fotos: Divulga\u00e7\u00e3o\/ Ag\u00eancia Fotosite.<\/p>\n","protected":false},"excerpt":{"rendered":"<p>Por Rafaela Piovezani No primeiro dia do Minas Trend, Nat\u00e1lia Pessoa apresentou uma cole\u00e7\u00e3o inspirada nas obras do artista Tom Veiga. Na passarela vimos um tric\u00f4 com releituras de estampas tropicais, detalhes em bordados e at\u00e9 pe\u00e7as em vinil que apareceram no final da apresenta\u00e7\u00e3o. A estilista levou para a passarela do Minas Trend uma [&hellip;]<\/p>\n","protected":false},"author":8,"featured_media":174231,"comment_status":"open","ping_status":"open","sticky":false,"template":"","format":"standard","meta":{"jetpack_post_was_ever_published":false,"_jetpack_newsletter_access":"","jetpack_publicize_message":"","jetpack_is_tweetstorm":false,"jetpack_publicize_feature_enabled":true,"jetpack_social_post_already_shared":true,"jetpack_social_options":{"image_generator_settings":{"template":"highway","enabled":false}}},"categories":[9,2],"tags":[],"jetpack_publicize_connections":[],"jetpack_featured_media_url":"https:\/\/i0.wp.com\/agrund.com\/wp-content\/uploads\/sites\/6\/2017\/10\/s-27.jpg?fit=960%2C300&ssl=1","jetpack_sharing_enabled":true,"jetpack_shortlink":"https:\/\/wp.me\/p3Hz0n-Jk1","jetpack_likes_enabled":true,"_links":{"self":[{"href":"https:\/\/agrund.com\/index.php\/wp-json\/wp\/v2\/posts\/174221"}],"collection":[{"href":"https:\/\/agrund.com\/index.php\/wp-json\/wp\/v2\/posts"}],"about":[{"href":"https:\/\/agrund.com\/index.php\/wp-json\/wp\/v2\/types\/post"}],"author":[{"embeddable":true,"href":"https:\/\/agrund.com\/index.php\/wp-json\/wp\/v2\/users\/8"}],"replies":[{"embeddable":true,"href":"https:\/\/agrund.com\/index.php\/wp-json\/wp\/v2\/comments?post=174221"}],"version-history":[{"count":0,"href":"https:\/\/agrund.com\/index.php\/wp-json\/wp\/v2\/posts\/174221\/revisions"}],"wp:featuredmedia":[{"embeddable":true,"href":"https:\/\/agrund.com\/index.php\/wp-json\/wp\/v2\/media\/174231"}],"wp:attachment":[{"href":"https:\/\/agrund.com\/index.php\/wp-json\/wp\/v2\/media?parent=174221"}],"wp:term":[{"taxonomy":"category","embeddable":true,"href":"https:\/\/agrund.com\/index.php\/wp-json\/wp\/v2\/categories?post=174221"},{"taxonomy":"post_tag","embeddable":true,"href":"https:\/\/agrund.com\/index.php\/wp-json\/wp\/v2\/tags?post=174221"}],"curies":[{"name":"wp","href":"https:\/\/api.w.org\/{rel}","templated":true}]}}