{"id":174184,"date":"2017-10-04T10:00:22","date_gmt":"2017-10-04T13:00:22","guid":{"rendered":"http:\/\/www.agrund.com\/?p=174184"},"modified":"2017-10-04T10:12:18","modified_gmt":"2017-10-04T13:12:18","slug":"minas-trend-inverno-2018-o-slow-fashion-da-molett","status":"publish","type":"post","link":"https:\/\/agrund.com\/index.php\/minas-trend-inverno-2018-o-slow-fashion-da-molett\/","title":{"rendered":"Minas Trend Inverno 2018 :: O slow fashion da Molett"},"content":{"rendered":"<p>Por Thay Sanqueta<\/p>\n<p>A Molett prop\u00f4s um inverno na passarela do Minas Trend al\u00e9m de tecidos, formas e cores! A ordem da vez foi o sustent\u00e1vel e desacelerado, incentivando conforto aliado \u00e0 modernidade, mas uma moda sem ser descart\u00e1vel.<\/p>\n<p>O moletom do cotidiano ganhou ares futuristas, com finas camadas de pl\u00e1sticos e modelagem oversized. Vi tamb\u00e9m pe\u00e7as em tule e telas, malhas caneladas em diferentes caimentos, o que rendeu leveza \u00e0s pe\u00e7as. Meus olhos brilharam pelos looks em moletom total white e pelo bel\u00edssimo sapato rosa millennial de amarra\u00e7\u00e3o vermelha (AMO essa combina\u00e7\u00e3o), apesar da altura, o conforto foi mantido pelo salto bloco.<\/p>\n<p>Conforto e sustentabilidade com muito estilo e bom gosto!<\/p>\n<div id=\"attachment_174185\" style=\"width: 610px\" class=\"wp-caption aligncenter\"><img aria-describedby=\"caption-attachment-174185\" data-attachment-id=\"174185\" data-permalink=\"https:\/\/agrund.com\/index.php\/minas-trend-inverno-2018-o-slow-fashion-da-molett\/mole_i18_0001\/\" data-orig-file=\"https:\/\/i0.wp.com\/agrund.com\/wp-content\/uploads\/sites\/6\/2017\/10\/mole_i18_0001-e1507122269707.jpg?fit=600%2C900&amp;ssl=1\" data-orig-size=\"600,900\" data-comments-opened=\"1\" data-image-meta=\"{&quot;aperture&quot;:&quot;5.6&quot;,&quot;credit&quot;:&quot;&quot;,&quot;camera&quot;:&quot;NIKON D500&quot;,&quot;caption&quot;:&quot;&quot;,&quot;created_timestamp&quot;:&quot;1507054756&quot;,&quot;copyright&quot;:&quot;&quot;,&quot;focal_length&quot;:&quot;180&quot;,&quot;iso&quot;:&quot;800&quot;,&quot;shutter_speed&quot;:&quot;0.0015625&quot;,&quot;title&quot;:&quot;&quot;,&quot;orientation&quot;:&quot;0&quot;}\" data-image-title=\"Minas Trend Inverno 2018 :: O slow fashion da Molett\" data-image-description=\"\" data-image-caption=\"&lt;p&gt;Minas Trend Inverno 2018 :: O slow fashion da Molett&lt;\/p&gt;\n\" data-medium-file=\"https:\/\/i0.wp.com\/agrund.com\/wp-content\/uploads\/sites\/6\/2017\/10\/mole_i18_0001-e1507122269707.jpg?fit=200%2C300&amp;ssl=1\" data-large-file=\"https:\/\/i0.wp.com\/agrund.com\/wp-content\/uploads\/sites\/6\/2017\/10\/mole_i18_0001-e1507122269707.jpg?fit=683%2C1024&amp;ssl=1\" decoding=\"async\" loading=\"lazy\" class=\"size-full wp-image-174185\" src=\"https:\/\/i0.wp.com\/www.agrund.com\/wp-content\/uploads\/sites\/6\/2017\/10\/mole_i18_0001-e1507122269707.jpg?resize=600%2C900\" alt=\"\" width=\"600\" height=\"900\" data-recalc-dims=\"1\" \/><p id=\"caption-attachment-174185\" class=\"wp-caption-text\">Minas Trend Inverno 2018 :: O slow fashion da Molett<\/p><\/div>\n<div id=\"attachment_174186\" style=\"width: 610px\" class=\"wp-caption aligncenter\"><img aria-describedby=\"caption-attachment-174186\" data-attachment-id=\"174186\" data-permalink=\"https:\/\/agrund.com\/index.php\/minas-trend-inverno-2018-o-slow-fashion-da-molett\/molett\/\" data-orig-file=\"https:\/\/i0.wp.com\/agrund.com\/wp-content\/uploads\/sites\/6\/2017\/10\/mole_i18_0004-e1507122285392.jpg?fit=600%2C900&amp;ssl=1\" data-orig-size=\"600,900\" data-comments-opened=\"1\" data-image-meta=\"{&quot;aperture&quot;:&quot;5.6&quot;,&quot;credit&quot;:&quot;Ze Takahashi \\\/ FOTOSITE&quot;,&quot;camera&quot;:&quot;NIKON D500&quot;,&quot;caption&quot;:&quot;Molett\\n\\nMinas Trend - Inverno 2018\\n\\nFoto : Ze Takahashi \\\/  FOTOSITE&quot;,&quot;created_timestamp&quot;:&quot;1507054772&quot;,&quot;copyright&quot;:&quot;\\u00a9 FOTOSITE&quot;,&quot;focal_length&quot;:&quot;150&quot;,&quot;iso&quot;:&quot;800&quot;,&quot;shutter_speed&quot;:&quot;0.0015625&quot;,&quot;title&quot;:&quot;Molett&quot;,&quot;orientation&quot;:&quot;0&quot;}\" data-image-title=\"Minas Trend Inverno 2018 :: O slow fashion da Molett\" data-image-description=\"\" data-image-caption=\"&lt;p&gt;Minas Trend Inverno 2018 :: O slow fashion da Molett &lt;\/p&gt;\n\" data-medium-file=\"https:\/\/i0.wp.com\/agrund.com\/wp-content\/uploads\/sites\/6\/2017\/10\/mole_i18_0004-e1507122285392.jpg?fit=200%2C300&amp;ssl=1\" data-large-file=\"https:\/\/i0.wp.com\/agrund.com\/wp-content\/uploads\/sites\/6\/2017\/10\/mole_i18_0004-e1507122285392.jpg?fit=683%2C1024&amp;ssl=1\" decoding=\"async\" loading=\"lazy\" class=\"size-full wp-image-174186\" src=\"https:\/\/i0.wp.com\/www.agrund.com\/wp-content\/uploads\/sites\/6\/2017\/10\/mole_i18_0004-e1507122285392.jpg?resize=600%2C900\" alt=\"\" width=\"600\" height=\"900\" data-recalc-dims=\"1\" \/><p id=\"caption-attachment-174186\" class=\"wp-caption-text\">Minas Trend Inverno 2018 :: O slow fashion da Molett<\/p><\/div>\n<div id=\"attachment_174187\" style=\"width: 610px\" class=\"wp-caption aligncenter\"><img aria-describedby=\"caption-attachment-174187\" data-attachment-id=\"174187\" data-permalink=\"https:\/\/agrund.com\/index.php\/minas-trend-inverno-2018-o-slow-fashion-da-molett\/molett-2\/\" data-orig-file=\"https:\/\/i0.wp.com\/agrund.com\/wp-content\/uploads\/sites\/6\/2017\/10\/mole_i18_0007-e1507122302383.jpg?fit=600%2C900&amp;ssl=1\" data-orig-size=\"600,900\" data-comments-opened=\"1\" data-image-meta=\"{&quot;aperture&quot;:&quot;5.6&quot;,&quot;credit&quot;:&quot;Ze Takahashi \\\/ FOTOSITE&quot;,&quot;camera&quot;:&quot;NIKON D500&quot;,&quot;caption&quot;:&quot;Molett\\n\\nMinas Trend - Inverno 2018\\n\\nFoto : Ze Takahashi \\\/  FOTOSITE&quot;,&quot;created_timestamp&quot;:&quot;1507054787&quot;,&quot;copyright&quot;:&quot;\\u00a9 FOTOSITE&quot;,&quot;focal_length&quot;:&quot;165&quot;,&quot;iso&quot;:&quot;800&quot;,&quot;shutter_speed&quot;:&quot;0.0015625&quot;,&quot;title&quot;:&quot;Molett&quot;,&quot;orientation&quot;:&quot;0&quot;}\" data-image-title=\"Minas Trend Inverno 2018 :: O slow fashion da Molett\" data-image-description=\"\" data-image-caption=\"&lt;p&gt;Minas Trend Inverno 2018 :: O slow fashion da Molett &lt;\/p&gt;\n\" data-medium-file=\"https:\/\/i0.wp.com\/agrund.com\/wp-content\/uploads\/sites\/6\/2017\/10\/mole_i18_0007-e1507122302383.jpg?fit=200%2C300&amp;ssl=1\" data-large-file=\"https:\/\/i0.wp.com\/agrund.com\/wp-content\/uploads\/sites\/6\/2017\/10\/mole_i18_0007-e1507122302383.jpg?fit=683%2C1024&amp;ssl=1\" decoding=\"async\" loading=\"lazy\" class=\"size-full wp-image-174187\" src=\"https:\/\/i0.wp.com\/www.agrund.com\/wp-content\/uploads\/sites\/6\/2017\/10\/mole_i18_0007-e1507122302383.jpg?resize=600%2C900\" alt=\"\" width=\"600\" height=\"900\" data-recalc-dims=\"1\" \/><p id=\"caption-attachment-174187\" class=\"wp-caption-text\">Minas Trend Inverno 2018 :: O slow fashion da Molett<\/p><\/div>\n<div id=\"attachment_174188\" style=\"width: 610px\" class=\"wp-caption aligncenter\"><img aria-describedby=\"caption-attachment-174188\" data-attachment-id=\"174188\" data-permalink=\"https:\/\/agrund.com\/index.php\/minas-trend-inverno-2018-o-slow-fashion-da-molett\/molett-3\/\" data-orig-file=\"https:\/\/i0.wp.com\/agrund.com\/wp-content\/uploads\/sites\/6\/2017\/10\/mole_i18_0012-e1507122319192.jpg?fit=600%2C900&amp;ssl=1\" data-orig-size=\"600,900\" data-comments-opened=\"1\" data-image-meta=\"{&quot;aperture&quot;:&quot;5.6&quot;,&quot;credit&quot;:&quot;Ze Takahashi \\\/ FOTOSITE&quot;,&quot;camera&quot;:&quot;NIKON D500&quot;,&quot;caption&quot;:&quot;Molett\\n\\nMinas Trend - Inverno 2018\\n\\nFoto : Ze Takahashi \\\/  FOTOSITE&quot;,&quot;created_timestamp&quot;:&quot;1507054815&quot;,&quot;copyright&quot;:&quot;\\u00a9 FOTOSITE&quot;,&quot;focal_length&quot;:&quot;155&quot;,&quot;iso&quot;:&quot;800&quot;,&quot;shutter_speed&quot;:&quot;0.002&quot;,&quot;title&quot;:&quot;Molett&quot;,&quot;orientation&quot;:&quot;0&quot;}\" data-image-title=\"Minas Trend Inverno 2018 :: O slow fashion da Molett\" data-image-description=\"\" data-image-caption=\"&lt;p&gt;Minas Trend Inverno 2018 :: O slow fashion da Molett &lt;\/p&gt;\n\" data-medium-file=\"https:\/\/i0.wp.com\/agrund.com\/wp-content\/uploads\/sites\/6\/2017\/10\/mole_i18_0012-e1507122319192.jpg?fit=200%2C300&amp;ssl=1\" data-large-file=\"https:\/\/i0.wp.com\/agrund.com\/wp-content\/uploads\/sites\/6\/2017\/10\/mole_i18_0012-e1507122319192.jpg?fit=683%2C1024&amp;ssl=1\" decoding=\"async\" loading=\"lazy\" class=\"size-full wp-image-174188\" src=\"https:\/\/i0.wp.com\/www.agrund.com\/wp-content\/uploads\/sites\/6\/2017\/10\/mole_i18_0012-e1507122319192.jpg?resize=600%2C900\" alt=\"\" width=\"600\" height=\"900\" data-recalc-dims=\"1\" \/><p id=\"caption-attachment-174188\" class=\"wp-caption-text\">Minas Trend Inverno 2018 :: O slow fashion da Molett<\/p><\/div>\n<div id=\"attachment_174189\" style=\"width: 610px\" class=\"wp-caption aligncenter\"><img aria-describedby=\"caption-attachment-174189\" data-attachment-id=\"174189\" data-permalink=\"https:\/\/agrund.com\/index.php\/minas-trend-inverno-2018-o-slow-fashion-da-molett\/molett-4\/\" data-orig-file=\"https:\/\/i0.wp.com\/agrund.com\/wp-content\/uploads\/sites\/6\/2017\/10\/mole_i18_0018-e1507122335840.jpg?fit=600%2C900&amp;ssl=1\" data-orig-size=\"600,900\" data-comments-opened=\"1\" data-image-meta=\"{&quot;aperture&quot;:&quot;5.6&quot;,&quot;credit&quot;:&quot;Ze Takahashi \\\/ FOTOSITE&quot;,&quot;camera&quot;:&quot;NIKON D500&quot;,&quot;caption&quot;:&quot;Molett\\n\\nMinas Trend - Inverno 2018\\n\\nFoto : Ze Takahashi \\\/  FOTOSITE&quot;,&quot;created_timestamp&quot;:&quot;1507054843&quot;,&quot;copyright&quot;:&quot;\\u00a9 FOTOSITE&quot;,&quot;focal_length&quot;:&quot;185&quot;,&quot;iso&quot;:&quot;800&quot;,&quot;shutter_speed&quot;:&quot;0.002&quot;,&quot;title&quot;:&quot;Molett&quot;,&quot;orientation&quot;:&quot;0&quot;}\" data-image-title=\"Minas Trend Inverno 2018 :: O slow fashion da Molett\" data-image-description=\"\" data-image-caption=\"&lt;p&gt;Minas Trend Inverno 2018 :: O slow fashion da Molett &lt;\/p&gt;\n\" data-medium-file=\"https:\/\/i0.wp.com\/agrund.com\/wp-content\/uploads\/sites\/6\/2017\/10\/mole_i18_0018-e1507122335840.jpg?fit=200%2C300&amp;ssl=1\" data-large-file=\"https:\/\/i0.wp.com\/agrund.com\/wp-content\/uploads\/sites\/6\/2017\/10\/mole_i18_0018-e1507122335840.jpg?fit=683%2C1024&amp;ssl=1\" decoding=\"async\" loading=\"lazy\" class=\"size-full wp-image-174189\" src=\"https:\/\/i0.wp.com\/www.agrund.com\/wp-content\/uploads\/sites\/6\/2017\/10\/mole_i18_0018-e1507122335840.jpg?resize=600%2C900\" alt=\"\" width=\"600\" height=\"900\" data-recalc-dims=\"1\" \/><p id=\"caption-attachment-174189\" class=\"wp-caption-text\">Minas Trend Inverno 2018 :: O slow fashion da Molett<\/p><\/div>\n<div id=\"attachment_174190\" style=\"width: 610px\" class=\"wp-caption aligncenter\"><img aria-describedby=\"caption-attachment-174190\" data-attachment-id=\"174190\" data-permalink=\"https:\/\/agrund.com\/index.php\/minas-trend-inverno-2018-o-slow-fashion-da-molett\/molett-5\/\" data-orig-file=\"https:\/\/i0.wp.com\/agrund.com\/wp-content\/uploads\/sites\/6\/2017\/10\/mole_i18_0024-e1507122354987.jpg?fit=600%2C900&amp;ssl=1\" data-orig-size=\"600,900\" data-comments-opened=\"1\" data-image-meta=\"{&quot;aperture&quot;:&quot;5.6&quot;,&quot;credit&quot;:&quot;Ze Takahashi \\\/ FOTOSITE&quot;,&quot;camera&quot;:&quot;NIKON D500&quot;,&quot;caption&quot;:&quot;Molett\\n\\nMinas Trend - Inverno 2018\\n\\nFoto : Ze Takahashi \\\/  FOTOSITE&quot;,&quot;created_timestamp&quot;:&quot;1507054874&quot;,&quot;copyright&quot;:&quot;\\u00a9 FOTOSITE&quot;,&quot;focal_length&quot;:&quot;170&quot;,&quot;iso&quot;:&quot;800&quot;,&quot;shutter_speed&quot;:&quot;0.0015625&quot;,&quot;title&quot;:&quot;Molett&quot;,&quot;orientation&quot;:&quot;0&quot;}\" data-image-title=\"Minas Trend Inverno 2018 :: O slow fashion da Molett\" data-image-description=\"\" data-image-caption=\"&lt;p&gt;Minas Trend Inverno 2018 :: O slow fashion da Molett &lt;\/p&gt;\n\" data-medium-file=\"https:\/\/i0.wp.com\/agrund.com\/wp-content\/uploads\/sites\/6\/2017\/10\/mole_i18_0024-e1507122354987.jpg?fit=200%2C300&amp;ssl=1\" data-large-file=\"https:\/\/i0.wp.com\/agrund.com\/wp-content\/uploads\/sites\/6\/2017\/10\/mole_i18_0024-e1507122354987.jpg?fit=683%2C1024&amp;ssl=1\" decoding=\"async\" loading=\"lazy\" class=\"size-full wp-image-174190\" src=\"https:\/\/i0.wp.com\/www.agrund.com\/wp-content\/uploads\/sites\/6\/2017\/10\/mole_i18_0024-e1507122354987.jpg?resize=600%2C900\" alt=\"\" width=\"600\" height=\"900\" data-recalc-dims=\"1\" \/><p id=\"caption-attachment-174190\" class=\"wp-caption-text\">Minas Trend Inverno 2018 :: O slow fashion da Molett<\/p><\/div>\n<div id=\"attachment_174191\" style=\"width: 610px\" class=\"wp-caption aligncenter\"><img aria-describedby=\"caption-attachment-174191\" data-attachment-id=\"174191\" data-permalink=\"https:\/\/agrund.com\/index.php\/minas-trend-inverno-2018-o-slow-fashion-da-molett\/molett-6\/\" data-orig-file=\"https:\/\/i0.wp.com\/agrund.com\/wp-content\/uploads\/sites\/6\/2017\/10\/mole_i18_0036-e1507122371500.jpg?fit=600%2C900&amp;ssl=1\" data-orig-size=\"600,900\" data-comments-opened=\"1\" data-image-meta=\"{&quot;aperture&quot;:&quot;5.6&quot;,&quot;credit&quot;:&quot;Ze Takahashi \\\/ FOTOSITE&quot;,&quot;camera&quot;:&quot;NIKON D500&quot;,&quot;caption&quot;:&quot;Molett\\n\\nMinas Trend - Inverno 2018\\n\\nFoto : Ze Takahashi \\\/  FOTOSITE&quot;,&quot;created_timestamp&quot;:&quot;1507054930&quot;,&quot;copyright&quot;:&quot;\\u00a9 FOTOSITE&quot;,&quot;focal_length&quot;:&quot;165&quot;,&quot;iso&quot;:&quot;800&quot;,&quot;shutter_speed&quot;:&quot;0.0015625&quot;,&quot;title&quot;:&quot;Molett&quot;,&quot;orientation&quot;:&quot;0&quot;}\" data-image-title=\"Minas Trend Inverno 2018 :: O slow fashion da Molett\" data-image-description=\"\" data-image-caption=\"&lt;p&gt;Minas Trend Inverno 2018 :: O slow fashion da Molett &lt;\/p&gt;\n\" data-medium-file=\"https:\/\/i0.wp.com\/agrund.com\/wp-content\/uploads\/sites\/6\/2017\/10\/mole_i18_0036-e1507122371500.jpg?fit=200%2C300&amp;ssl=1\" data-large-file=\"https:\/\/i0.wp.com\/agrund.com\/wp-content\/uploads\/sites\/6\/2017\/10\/mole_i18_0036-e1507122371500.jpg?fit=683%2C1024&amp;ssl=1\" decoding=\"async\" loading=\"lazy\" class=\"size-full wp-image-174191\" src=\"https:\/\/i0.wp.com\/www.agrund.com\/wp-content\/uploads\/sites\/6\/2017\/10\/mole_i18_0036-e1507122371500.jpg?resize=600%2C900\" alt=\"\" width=\"600\" height=\"900\" data-recalc-dims=\"1\" \/><p id=\"caption-attachment-174191\" class=\"wp-caption-text\">Minas Trend Inverno 2018 :: O slow fashion da Molett<\/p><\/div>\n<div id=\"attachment_174192\" style=\"width: 610px\" class=\"wp-caption aligncenter\"><img aria-describedby=\"caption-attachment-174192\" data-attachment-id=\"174192\" data-permalink=\"https:\/\/agrund.com\/index.php\/minas-trend-inverno-2018-o-slow-fashion-da-molett\/molett-7\/\" data-orig-file=\"https:\/\/i0.wp.com\/agrund.com\/wp-content\/uploads\/sites\/6\/2017\/10\/mole_i18_0048-e1507122385243.jpg?fit=600%2C900&amp;ssl=1\" data-orig-size=\"600,900\" data-comments-opened=\"1\" data-image-meta=\"{&quot;aperture&quot;:&quot;5.6&quot;,&quot;credit&quot;:&quot;Ze Takahashi \\\/ FOTOSITE&quot;,&quot;camera&quot;:&quot;NIKON D500&quot;,&quot;caption&quot;:&quot;Molett\\n\\nMinas Trend - Inverno 2018\\n\\nFoto : Ze Takahashi \\\/  FOTOSITE&quot;,&quot;created_timestamp&quot;:&quot;1507054990&quot;,&quot;copyright&quot;:&quot;\\u00a9 FOTOSITE&quot;,&quot;focal_length&quot;:&quot;160&quot;,&quot;iso&quot;:&quot;800&quot;,&quot;shutter_speed&quot;:&quot;0.0015625&quot;,&quot;title&quot;:&quot;Molett&quot;,&quot;orientation&quot;:&quot;0&quot;}\" data-image-title=\"Minas Trend Inverno 2018 :: O slow fashion da Molett\" data-image-description=\"\" data-image-caption=\"&lt;p&gt;Minas Trend Inverno 2018 :: O slow fashion da Molett &lt;\/p&gt;\n\" data-medium-file=\"https:\/\/i0.wp.com\/agrund.com\/wp-content\/uploads\/sites\/6\/2017\/10\/mole_i18_0048-e1507122385243.jpg?fit=200%2C300&amp;ssl=1\" data-large-file=\"https:\/\/i0.wp.com\/agrund.com\/wp-content\/uploads\/sites\/6\/2017\/10\/mole_i18_0048-e1507122385243.jpg?fit=683%2C1024&amp;ssl=1\" decoding=\"async\" loading=\"lazy\" class=\"size-full wp-image-174192\" src=\"https:\/\/i0.wp.com\/www.agrund.com\/wp-content\/uploads\/sites\/6\/2017\/10\/mole_i18_0048-e1507122385243.jpg?resize=600%2C900\" alt=\"\" width=\"600\" height=\"900\" data-recalc-dims=\"1\" \/><p id=\"caption-attachment-174192\" class=\"wp-caption-text\">Minas Trend Inverno 2018 :: O slow fashion da Molett<\/p><\/div>\n<div id=\"attachment_174193\" style=\"width: 610px\" class=\"wp-caption aligncenter\"><img aria-describedby=\"caption-attachment-174193\" data-attachment-id=\"174193\" data-permalink=\"https:\/\/agrund.com\/index.php\/minas-trend-inverno-2018-o-slow-fashion-da-molett\/molett-8\/\" data-orig-file=\"https:\/\/i0.wp.com\/agrund.com\/wp-content\/uploads\/sites\/6\/2017\/10\/mole_i18_0056-e1507122416322.jpg?fit=600%2C900&amp;ssl=1\" data-orig-size=\"600,900\" data-comments-opened=\"1\" data-image-meta=\"{&quot;aperture&quot;:&quot;5.6&quot;,&quot;credit&quot;:&quot;Ze Takahashi \\\/ FOTOSITE&quot;,&quot;camera&quot;:&quot;NIKON D500&quot;,&quot;caption&quot;:&quot;Molett\\n\\nMinas Trend - Inverno 2018\\n\\nFoto : Ze Takahashi \\\/  FOTOSITE&quot;,&quot;created_timestamp&quot;:&quot;1507055030&quot;,&quot;copyright&quot;:&quot;\\u00a9 FOTOSITE&quot;,&quot;focal_length&quot;:&quot;190&quot;,&quot;iso&quot;:&quot;800&quot;,&quot;shutter_speed&quot;:&quot;0.0015625&quot;,&quot;title&quot;:&quot;Molett&quot;,&quot;orientation&quot;:&quot;0&quot;}\" data-image-title=\"Minas Trend Inverno 2018 :: O slow fashion da Molett\" data-image-description=\"\" data-image-caption=\"&lt;p&gt;Minas Trend Inverno 2018 :: O slow fashion da Molett&lt;\/p&gt;\n\" data-medium-file=\"https:\/\/i0.wp.com\/agrund.com\/wp-content\/uploads\/sites\/6\/2017\/10\/mole_i18_0056-e1507122416322.jpg?fit=200%2C300&amp;ssl=1\" data-large-file=\"https:\/\/i0.wp.com\/agrund.com\/wp-content\/uploads\/sites\/6\/2017\/10\/mole_i18_0056-e1507122416322.jpg?fit=683%2C1024&amp;ssl=1\" decoding=\"async\" loading=\"lazy\" class=\"size-full wp-image-174193\" src=\"https:\/\/i0.wp.com\/www.agrund.com\/wp-content\/uploads\/sites\/6\/2017\/10\/mole_i18_0056-e1507122416322.jpg?resize=600%2C900\" alt=\"\" width=\"600\" height=\"900\" data-recalc-dims=\"1\" \/><p id=\"caption-attachment-174193\" class=\"wp-caption-text\">Minas Trend Inverno 2018 :: O slow fashion da Molett<\/p><\/div>\n<p>Fotos: Divulgac\u00e3o\/ Ag\u00eancia Fotosite.<\/p>\n","protected":false},"excerpt":{"rendered":"<p>Por Thay Sanqueta A Molett prop\u00f4s um inverno na passarela do Minas Trend al\u00e9m de tecidos, formas e cores! A ordem da vez foi o sustent\u00e1vel e desacelerado, incentivando conforto aliado \u00e0 modernidade, mas uma moda sem ser descart\u00e1vel. O moletom do cotidiano ganhou ares futuristas, com finas camadas de pl\u00e1sticos e modelagem oversized. Vi [&hellip;]<\/p>\n","protected":false},"author":8,"featured_media":174194,"comment_status":"open","ping_status":"open","sticky":false,"template":"","format":"standard","meta":{"jetpack_post_was_ever_published":false,"_jetpack_newsletter_access":"","jetpack_publicize_message":"","jetpack_is_tweetstorm":false,"jetpack_publicize_feature_enabled":true,"jetpack_social_post_already_shared":true,"jetpack_social_options":{"image_generator_settings":{"template":"highway","enabled":false}}},"categories":[2],"tags":[],"jetpack_publicize_connections":[],"jetpack_featured_media_url":"https:\/\/i0.wp.com\/agrund.com\/wp-content\/uploads\/sites\/6\/2017\/10\/s-23.jpg?fit=960%2C300&ssl=1","jetpack_sharing_enabled":true,"jetpack_shortlink":"https:\/\/wp.me\/p3Hz0n-Jjq","jetpack_likes_enabled":true,"_links":{"self":[{"href":"https:\/\/agrund.com\/index.php\/wp-json\/wp\/v2\/posts\/174184"}],"collection":[{"href":"https:\/\/agrund.com\/index.php\/wp-json\/wp\/v2\/posts"}],"about":[{"href":"https:\/\/agrund.com\/index.php\/wp-json\/wp\/v2\/types\/post"}],"author":[{"embeddable":true,"href":"https:\/\/agrund.com\/index.php\/wp-json\/wp\/v2\/users\/8"}],"replies":[{"embeddable":true,"href":"https:\/\/agrund.com\/index.php\/wp-json\/wp\/v2\/comments?post=174184"}],"version-history":[{"count":0,"href":"https:\/\/agrund.com\/index.php\/wp-json\/wp\/v2\/posts\/174184\/revisions"}],"wp:featuredmedia":[{"embeddable":true,"href":"https:\/\/agrund.com\/index.php\/wp-json\/wp\/v2\/media\/174194"}],"wp:attachment":[{"href":"https:\/\/agrund.com\/index.php\/wp-json\/wp\/v2\/media?parent=174184"}],"wp:term":[{"taxonomy":"category","embeddable":true,"href":"https:\/\/agrund.com\/index.php\/wp-json\/wp\/v2\/categories?post=174184"},{"taxonomy":"post_tag","embeddable":true,"href":"https:\/\/agrund.com\/index.php\/wp-json\/wp\/v2\/tags?post=174184"}],"curies":[{"name":"wp","href":"https:\/\/api.w.org\/{rel}","templated":true}]}}