{"id":174123,"date":"2017-10-03T16:56:19","date_gmt":"2017-10-03T19:56:19","guid":{"rendered":"http:\/\/www.agrund.com\/?p=174123"},"modified":"2017-10-03T16:59:59","modified_gmt":"2017-10-03T19:59:59","slug":"minas-trend-inverno-2018-ricardo-dos-anjos-acredita-na-beleza-individual","status":"publish","type":"post","link":"https:\/\/agrund.com\/index.php\/minas-trend-inverno-2018-ricardo-dos-anjos-acredita-na-beleza-individual\/","title":{"rendered":"Minas Trend Inverno 2018 :: Ricardo dos Anjos acredita na beleza individual"},"content":{"rendered":"<p>Por Thay Sanqueta<br \/>\nEdi\u00e7\u00e3o por Rafaela Piovezani<\/p>\n<p>Encontramos o beauty artist Ricardo dos Anjos terminando alguns face chart na bancada do backstage do Minas Trend, e n\u00e3o perdemos tempo! Conversamos com ele para adiantar a voc\u00eas as belezas que ser\u00e3o dos desfiles MW inverno 2018.<\/p>\n<p>Ricardo disse que prefere n\u00e3o apontar uma macro ou micro tend\u00eancia, pois acredita na diversidade e que cada mulher precisa entender a sua pr\u00f3pria beleza. Seja uma beleza &#8220;podrinha&#8221; ou uma &#8220;beleza real&#8221;, com pele acetinada e tra\u00e7os marcados, devemos aproveitar o que cada um tem de melhor!<\/p>\n<p>O beauty artist realmente seguiu esse conceito nas belezas planejadas para a passarela desta edi\u00e7\u00e3o. Para cada marca ele seguiu uma linha que conversa com as cria\u00e7\u00f5es, como uma pele acetinada com p\u00e1lpebra em ouro velho para SINDIJOIAS, e a beleza clean com apenas um gloss nos l\u00e1bios para Lucas Magalhaes.<\/p>\n<p>Assim, Ricardo conclui que nenhuma tend\u00eancia vai cair&#8230; mas que cada uma pode encontrar o que melhor lhe &#8220;cai&#8221; bem! #Ficaadica<\/p>\n<p>Diz a\u00ed, o que &#8220;cai&#8221; melhor para voc\u00ea?!<\/p>\n<div id=\"attachment_174126\" style=\"width: 610px\" class=\"wp-caption aligncenter\"><img aria-describedby=\"caption-attachment-174126\" data-attachment-id=\"174126\" data-permalink=\"https:\/\/agrund.com\/index.php\/minas-trend-inverno-2018-ricardo-dos-anjos-acredita-na-beleza-individual\/img_9884\/\" data-orig-file=\"https:\/\/i0.wp.com\/agrund.com\/wp-content\/uploads\/sites\/6\/2017\/10\/IMG_9884.jpg?fit=600%2C400&amp;ssl=1\" data-orig-size=\"600,400\" data-comments-opened=\"1\" data-image-meta=\"{&quot;aperture&quot;:&quot;5.6&quot;,&quot;credit&quot;:&quot;&quot;,&quot;camera&quot;:&quot;Canon EOS REBEL T3i&quot;,&quot;caption&quot;:&quot;&quot;,&quot;created_timestamp&quot;:&quot;1507044506&quot;,&quot;copyright&quot;:&quot;&quot;,&quot;focal_length&quot;:&quot;55&quot;,&quot;iso&quot;:&quot;400&quot;,&quot;shutter_speed&quot;:&quot;0.01&quot;,&quot;title&quot;:&quot;&quot;,&quot;orientation&quot;:&quot;1&quot;}\" data-image-title=\"Minas Trend Inverno 2018 :: Ricardo dos Anjos acredita na beleza individual\" data-image-description=\"\" data-image-caption=\"&lt;p&gt;Minas Trend Inverno 2018 :: Ricardo dos Anjos acredita na beleza individual&lt;\/p&gt;\n\" data-medium-file=\"https:\/\/i0.wp.com\/agrund.com\/wp-content\/uploads\/sites\/6\/2017\/10\/IMG_9884.jpg?fit=300%2C200&amp;ssl=1\" data-large-file=\"https:\/\/i0.wp.com\/agrund.com\/wp-content\/uploads\/sites\/6\/2017\/10\/IMG_9884.jpg?fit=600%2C400&amp;ssl=1\" decoding=\"async\" loading=\"lazy\" class=\"size-full wp-image-174126\" src=\"https:\/\/i0.wp.com\/www.agrund.com\/wp-content\/uploads\/sites\/6\/2017\/10\/IMG_9884.jpg?resize=600%2C400\" alt=\"\" width=\"600\" height=\"400\" srcset=\"https:\/\/i0.wp.com\/agrund.com\/wp-content\/uploads\/sites\/6\/2017\/10\/IMG_9884.jpg?w=600&amp;ssl=1 600w, https:\/\/i0.wp.com\/agrund.com\/wp-content\/uploads\/sites\/6\/2017\/10\/IMG_9884.jpg?resize=300%2C200&amp;ssl=1 300w\" sizes=\"(max-width: 600px) 100vw, 600px\" data-recalc-dims=\"1\" \/><p id=\"caption-attachment-174126\" class=\"wp-caption-text\">Minas Trend Inverno 2018 :: Ricardo dos Anjos acredita na beleza individual<\/p><\/div>\n<div id=\"attachment_174127\" style=\"width: 610px\" class=\"wp-caption aligncenter\"><img aria-describedby=\"caption-attachment-174127\" data-attachment-id=\"174127\" data-permalink=\"https:\/\/agrund.com\/index.php\/minas-trend-inverno-2018-ricardo-dos-anjos-acredita-na-beleza-individual\/img_9887\/\" data-orig-file=\"https:\/\/i0.wp.com\/agrund.com\/wp-content\/uploads\/sites\/6\/2017\/10\/IMG_9887.jpg?fit=600%2C900&amp;ssl=1\" data-orig-size=\"600,900\" data-comments-opened=\"1\" data-image-meta=\"{&quot;aperture&quot;:&quot;4.5&quot;,&quot;credit&quot;:&quot;&quot;,&quot;camera&quot;:&quot;Canon EOS REBEL T3i&quot;,&quot;caption&quot;:&quot;&quot;,&quot;created_timestamp&quot;:&quot;1507044620&quot;,&quot;copyright&quot;:&quot;&quot;,&quot;focal_length&quot;:&quot;36&quot;,&quot;iso&quot;:&quot;2000&quot;,&quot;shutter_speed&quot;:&quot;0.0166666666667&quot;,&quot;title&quot;:&quot;&quot;,&quot;orientation&quot;:&quot;1&quot;}\" data-image-title=\"Minas Trend Inverno 2018 :: Ricardo dos Anjos acredita na beleza individual\" data-image-description=\"\" data-image-caption=\"&lt;p&gt;Minas Trend Inverno 2018 :: Ricardo dos Anjos acredita na beleza individual&lt;\/p&gt;\n\" data-medium-file=\"https:\/\/i0.wp.com\/agrund.com\/wp-content\/uploads\/sites\/6\/2017\/10\/IMG_9887.jpg?fit=200%2C300&amp;ssl=1\" data-large-file=\"https:\/\/i0.wp.com\/agrund.com\/wp-content\/uploads\/sites\/6\/2017\/10\/IMG_9887.jpg?fit=600%2C900&amp;ssl=1\" decoding=\"async\" loading=\"lazy\" class=\"wp-image-174127 size-full\" src=\"https:\/\/i0.wp.com\/www.agrund.com\/wp-content\/uploads\/sites\/6\/2017\/10\/IMG_9887.jpg?resize=600%2C900\" alt=\"\" width=\"600\" height=\"900\" srcset=\"https:\/\/i0.wp.com\/agrund.com\/wp-content\/uploads\/sites\/6\/2017\/10\/IMG_9887.jpg?w=600&amp;ssl=1 600w, https:\/\/i0.wp.com\/agrund.com\/wp-content\/uploads\/sites\/6\/2017\/10\/IMG_9887.jpg?resize=200%2C300&amp;ssl=1 200w\" sizes=\"(max-width: 600px) 100vw, 600px\" data-recalc-dims=\"1\" \/><p id=\"caption-attachment-174127\" class=\"wp-caption-text\">Minas Trend Inverno 2018 :: Ricardo dos Anjos acredita na beleza individual<\/p><\/div>\n<p>Fotos: Murilo Mahler.<\/p>\n","protected":false},"excerpt":{"rendered":"<p>Por Thay Sanqueta Edi\u00e7\u00e3o por Rafaela Piovezani Encontramos o beauty artist Ricardo dos Anjos terminando alguns face chart na bancada do backstage do Minas Trend, e n\u00e3o perdemos tempo! Conversamos com ele para adiantar a voc\u00eas as belezas que ser\u00e3o dos desfiles MW inverno 2018. Ricardo disse que prefere n\u00e3o apontar uma macro ou micro [&hellip;]<\/p>\n","protected":false},"author":8,"featured_media":174125,"comment_status":"open","ping_status":"open","sticky":false,"template":"","format":"standard","meta":{"jetpack_post_was_ever_published":false,"_jetpack_newsletter_access":"","jetpack_publicize_message":"","jetpack_is_tweetstorm":false,"jetpack_publicize_feature_enabled":true,"jetpack_social_post_already_shared":true,"jetpack_social_options":{"image_generator_settings":{"template":"highway","enabled":false}}},"categories":[9,2],"tags":[],"jetpack_publicize_connections":[],"jetpack_featured_media_url":"https:\/\/i0.wp.com\/agrund.com\/wp-content\/uploads\/sites\/6\/2017\/10\/s-19.jpg?fit=959%2C298&ssl=1","jetpack_sharing_enabled":true,"jetpack_shortlink":"https:\/\/wp.me\/p3Hz0n-Jir","jetpack_likes_enabled":true,"_links":{"self":[{"href":"https:\/\/agrund.com\/index.php\/wp-json\/wp\/v2\/posts\/174123"}],"collection":[{"href":"https:\/\/agrund.com\/index.php\/wp-json\/wp\/v2\/posts"}],"about":[{"href":"https:\/\/agrund.com\/index.php\/wp-json\/wp\/v2\/types\/post"}],"author":[{"embeddable":true,"href":"https:\/\/agrund.com\/index.php\/wp-json\/wp\/v2\/users\/8"}],"replies":[{"embeddable":true,"href":"https:\/\/agrund.com\/index.php\/wp-json\/wp\/v2\/comments?post=174123"}],"version-history":[{"count":0,"href":"https:\/\/agrund.com\/index.php\/wp-json\/wp\/v2\/posts\/174123\/revisions"}],"wp:featuredmedia":[{"embeddable":true,"href":"https:\/\/agrund.com\/index.php\/wp-json\/wp\/v2\/media\/174125"}],"wp:attachment":[{"href":"https:\/\/agrund.com\/index.php\/wp-json\/wp\/v2\/media?parent=174123"}],"wp:term":[{"taxonomy":"category","embeddable":true,"href":"https:\/\/agrund.com\/index.php\/wp-json\/wp\/v2\/categories?post=174123"},{"taxonomy":"post_tag","embeddable":true,"href":"https:\/\/agrund.com\/index.php\/wp-json\/wp\/v2\/tags?post=174123"}],"curies":[{"name":"wp","href":"https:\/\/api.w.org\/{rel}","templated":true}]}}