{"id":174095,"date":"2017-10-03T15:13:09","date_gmt":"2017-10-03T18:13:09","guid":{"rendered":"http:\/\/www.agrund.com\/?p=174095"},"modified":"2017-10-03T15:13:09","modified_gmt":"2017-10-03T18:13:09","slug":"minas-trend-inverno-2018-o-evento","status":"publish","type":"post","link":"https:\/\/agrund.com\/index.php\/minas-trend-inverno-2018-o-evento\/","title":{"rendered":"Minas Trend Inverno 2018 :: O evento"},"content":{"rendered":"<p>A equipe do Agrund.com acaba de desembarcar em Belo Horizonte para fazer a cobertura do Minas Trend, que come\u00e7a hoje (03). Esta edi\u00e7\u00e3o encerra as comemora\u00e7\u00f5es de 10 anos do evento, que foram iniciadas na temporada anterior (reveja <a href=\"http:\/\/www.agrund.com\/minas-trend-verao-2018-comecou-a-20a-edicao\/\">AQUI<\/a>). O tema \u201cano.10\u201d ir\u00e1 resgatar grandes momentos do Minas Trend e apontar diretrizes futuras para a manuten\u00e7\u00e3o e crescimento da moda mineira.<\/p>\n<p>Al\u00e9m dos desfiles que acontecer\u00e3o nos dias 03 e 04, o Minas Trend tamb\u00e9m conta com exposi\u00e7\u00f5es, palestras e o principal: a feira de expositores dos segmentos de vestu\u00e1rio, cal\u00e7ados, bolsas, joias e bijuterias.<\/p>\n<div id=\"attachment_174097\" style=\"width: 610px\" class=\"wp-caption aligncenter\"><img aria-describedby=\"caption-attachment-174097\" data-attachment-id=\"174097\" data-permalink=\"https:\/\/agrund.com\/index.php\/minas-trend-inverno-2018-o-evento\/img_9841\/\" data-orig-file=\"https:\/\/i0.wp.com\/agrund.com\/wp-content\/uploads\/sites\/6\/2017\/10\/IMG_9841.jpg?fit=768%2C512&amp;ssl=1\" data-orig-size=\"768,512\" data-comments-opened=\"1\" data-image-meta=\"{&quot;aperture&quot;:&quot;4&quot;,&quot;credit&quot;:&quot;&quot;,&quot;camera&quot;:&quot;Canon EOS REBEL T3i&quot;,&quot;caption&quot;:&quot;&quot;,&quot;created_timestamp&quot;:&quot;1507041916&quot;,&quot;copyright&quot;:&quot;&quot;,&quot;focal_length&quot;:&quot;18&quot;,&quot;iso&quot;:&quot;400&quot;,&quot;shutter_speed&quot;:&quot;0.0166666666667&quot;,&quot;title&quot;:&quot;&quot;,&quot;orientation&quot;:&quot;1&quot;}\" data-image-title=\"Minas Trend Inverno 2018 :: O evento\" data-image-description=\"\" data-image-caption=\"&lt;p&gt;Minas Trend Inverno 2018 :: O evento&lt;\/p&gt;\n\" data-medium-file=\"https:\/\/i0.wp.com\/agrund.com\/wp-content\/uploads\/sites\/6\/2017\/10\/IMG_9841.jpg?fit=300%2C200&amp;ssl=1\" data-large-file=\"https:\/\/i0.wp.com\/agrund.com\/wp-content\/uploads\/sites\/6\/2017\/10\/IMG_9841.jpg?fit=768%2C512&amp;ssl=1\" decoding=\"async\" loading=\"lazy\" class=\"wp-image-174097\" src=\"https:\/\/i0.wp.com\/www.agrund.com\/wp-content\/uploads\/sites\/6\/2017\/10\/IMG_9841.jpg?resize=600%2C400\" alt=\"\" width=\"600\" height=\"400\" srcset=\"https:\/\/i0.wp.com\/agrund.com\/wp-content\/uploads\/sites\/6\/2017\/10\/IMG_9841.jpg?w=768&amp;ssl=1 768w, https:\/\/i0.wp.com\/agrund.com\/wp-content\/uploads\/sites\/6\/2017\/10\/IMG_9841.jpg?resize=300%2C200&amp;ssl=1 300w\" sizes=\"(max-width: 600px) 100vw, 600px\" data-recalc-dims=\"1\" \/><p id=\"caption-attachment-174097\" class=\"wp-caption-text\">Minas Trend Inverno 2018 :: O evento<\/p><\/div>\n<div id=\"attachment_174098\" style=\"width: 610px\" class=\"wp-caption aligncenter\"><img aria-describedby=\"caption-attachment-174098\" data-attachment-id=\"174098\" data-permalink=\"https:\/\/agrund.com\/index.php\/minas-trend-inverno-2018-o-evento\/img_9847\/\" data-orig-file=\"https:\/\/i0.wp.com\/agrund.com\/wp-content\/uploads\/sites\/6\/2017\/10\/IMG_9847.jpg?fit=512%2C768&amp;ssl=1\" data-orig-size=\"512,768\" data-comments-opened=\"1\" data-image-meta=\"{&quot;aperture&quot;:&quot;6.3&quot;,&quot;credit&quot;:&quot;&quot;,&quot;camera&quot;:&quot;Canon EOS REBEL T3i&quot;,&quot;caption&quot;:&quot;&quot;,&quot;created_timestamp&quot;:&quot;1507041964&quot;,&quot;copyright&quot;:&quot;&quot;,&quot;focal_length&quot;:&quot;35&quot;,&quot;iso&quot;:&quot;800&quot;,&quot;shutter_speed&quot;:&quot;0.01&quot;,&quot;title&quot;:&quot;&quot;,&quot;orientation&quot;:&quot;1&quot;}\" data-image-title=\"Minas Trend Inverno 2018 :: O evento\" data-image-description=\"\" data-image-caption=\"&lt;p&gt;Minas Trend Inverno 2018 :: O evento&lt;\/p&gt;\n\" data-medium-file=\"https:\/\/i0.wp.com\/agrund.com\/wp-content\/uploads\/sites\/6\/2017\/10\/IMG_9847.jpg?fit=200%2C300&amp;ssl=1\" data-large-file=\"https:\/\/i0.wp.com\/agrund.com\/wp-content\/uploads\/sites\/6\/2017\/10\/IMG_9847.jpg?fit=512%2C768&amp;ssl=1\" decoding=\"async\" loading=\"lazy\" class=\"wp-image-174098\" src=\"https:\/\/i0.wp.com\/www.agrund.com\/wp-content\/uploads\/sites\/6\/2017\/10\/IMG_9847.jpg?resize=600%2C900\" alt=\"\" width=\"600\" height=\"900\" srcset=\"https:\/\/i0.wp.com\/agrund.com\/wp-content\/uploads\/sites\/6\/2017\/10\/IMG_9847.jpg?w=512&amp;ssl=1 512w, https:\/\/i0.wp.com\/agrund.com\/wp-content\/uploads\/sites\/6\/2017\/10\/IMG_9847.jpg?resize=200%2C300&amp;ssl=1 200w\" sizes=\"(max-width: 600px) 100vw, 600px\" data-recalc-dims=\"1\" \/><p id=\"caption-attachment-174098\" class=\"wp-caption-text\">Minas Trend Inverno 2018 :: O evento<\/p><\/div>\n<div id=\"attachment_174102\" style=\"width: 610px\" class=\"wp-caption aligncenter\"><img aria-describedby=\"caption-attachment-174102\" data-attachment-id=\"174102\" data-permalink=\"https:\/\/agrund.com\/index.php\/minas-trend-inverno-2018-o-evento\/img_9867\/\" data-orig-file=\"https:\/\/i0.wp.com\/agrund.com\/wp-content\/uploads\/sites\/6\/2017\/10\/IMG_9867-e1507054269147.jpg?fit=600%2C400&amp;ssl=1\" data-orig-size=\"600,400\" data-comments-opened=\"1\" data-image-meta=\"{&quot;aperture&quot;:&quot;4.5&quot;,&quot;credit&quot;:&quot;&quot;,&quot;camera&quot;:&quot;Canon EOS REBEL T3i&quot;,&quot;caption&quot;:&quot;&quot;,&quot;created_timestamp&quot;:&quot;1507042518&quot;,&quot;copyright&quot;:&quot;&quot;,&quot;focal_length&quot;:&quot;27&quot;,&quot;iso&quot;:&quot;400&quot;,&quot;shutter_speed&quot;:&quot;0.0166666666667&quot;,&quot;title&quot;:&quot;&quot;,&quot;orientation&quot;:&quot;1&quot;}\" data-image-title=\"Minas Trend Inverno 2018 :: O evento\" data-image-description=\"\" data-image-caption=\"&lt;p&gt;Minas Trend Inverno 2018 :: O evento&lt;\/p&gt;\n\" data-medium-file=\"https:\/\/i0.wp.com\/agrund.com\/wp-content\/uploads\/sites\/6\/2017\/10\/IMG_9867-e1507054269147.jpg?fit=300%2C200&amp;ssl=1\" data-large-file=\"https:\/\/i0.wp.com\/agrund.com\/wp-content\/uploads\/sites\/6\/2017\/10\/IMG_9867-e1507054269147.jpg?fit=600%2C400&amp;ssl=1\" decoding=\"async\" loading=\"lazy\" class=\"size-full wp-image-174102\" src=\"https:\/\/i0.wp.com\/www.agrund.com\/wp-content\/uploads\/sites\/6\/2017\/10\/IMG_9867-e1507054269147.jpg?resize=600%2C400\" alt=\"\" width=\"600\" height=\"400\" data-recalc-dims=\"1\" \/><p id=\"caption-attachment-174102\" class=\"wp-caption-text\">Minas Trend Inverno 2018 :: O evento<\/p><\/div>\n<div id=\"attachment_174103\" style=\"width: 610px\" class=\"wp-caption aligncenter\"><img aria-describedby=\"caption-attachment-174103\" data-attachment-id=\"174103\" data-permalink=\"https:\/\/agrund.com\/index.php\/minas-trend-inverno-2018-o-evento\/img_9869\/\" data-orig-file=\"https:\/\/i0.wp.com\/agrund.com\/wp-content\/uploads\/sites\/6\/2017\/10\/IMG_9869-e1507054292482.jpg?fit=512%2C768&amp;ssl=1\" data-orig-size=\"512,768\" data-comments-opened=\"1\" data-image-meta=\"{&quot;aperture&quot;:&quot;4.5&quot;,&quot;credit&quot;:&quot;&quot;,&quot;camera&quot;:&quot;Canon EOS REBEL T3i&quot;,&quot;caption&quot;:&quot;&quot;,&quot;created_timestamp&quot;:&quot;1507042542&quot;,&quot;copyright&quot;:&quot;&quot;,&quot;focal_length&quot;:&quot;33&quot;,&quot;iso&quot;:&quot;400&quot;,&quot;shutter_speed&quot;:&quot;0.0166666666667&quot;,&quot;title&quot;:&quot;&quot;,&quot;orientation&quot;:&quot;1&quot;}\" data-image-title=\"Minas Trend Inverno 2018 :: O evento\" data-image-description=\"\" data-image-caption=\"&lt;p&gt;Minas Trend Inverno 2018 :: O evento&lt;\/p&gt;\n\" data-medium-file=\"https:\/\/i0.wp.com\/agrund.com\/wp-content\/uploads\/sites\/6\/2017\/10\/IMG_9869-e1507054292482.jpg?fit=200%2C300&amp;ssl=1\" data-large-file=\"https:\/\/i0.wp.com\/agrund.com\/wp-content\/uploads\/sites\/6\/2017\/10\/IMG_9869-e1507054292482.jpg?fit=512%2C768&amp;ssl=1\" decoding=\"async\" loading=\"lazy\" class=\"wp-image-174103\" src=\"https:\/\/i0.wp.com\/www.agrund.com\/wp-content\/uploads\/sites\/6\/2017\/10\/IMG_9869-e1507054292482.jpg?resize=600%2C900\" alt=\"\" width=\"600\" height=\"900\" data-recalc-dims=\"1\" \/><p id=\"caption-attachment-174103\" class=\"wp-caption-text\">Minas Trend Inverno 2018 :: O evento<\/p><\/div>\n<p><img data-attachment-id=\"174104\" data-permalink=\"https:\/\/agrund.com\/index.php\/minas-trend-inverno-2018-o-evento\/img_9870\/\" data-orig-file=\"https:\/\/i0.wp.com\/agrund.com\/wp-content\/uploads\/sites\/6\/2017\/10\/IMG_9870-e1507054325866.jpg?fit=600%2C400&amp;ssl=1\" data-orig-size=\"600,400\" data-comments-opened=\"1\" data-image-meta=\"{&quot;aperture&quot;:&quot;5&quot;,&quot;credit&quot;:&quot;&quot;,&quot;camera&quot;:&quot;Canon EOS REBEL T3i&quot;,&quot;caption&quot;:&quot;&quot;,&quot;created_timestamp&quot;:&quot;1507042553&quot;,&quot;copyright&quot;:&quot;&quot;,&quot;focal_length&quot;:&quot;40&quot;,&quot;iso&quot;:&quot;400&quot;,&quot;shutter_speed&quot;:&quot;0.0166666666667&quot;,&quot;title&quot;:&quot;&quot;,&quot;orientation&quot;:&quot;1&quot;}\" data-image-title=\"600\" data-image-description=\"\" data-image-caption=\"\" data-medium-file=\"https:\/\/i0.wp.com\/agrund.com\/wp-content\/uploads\/sites\/6\/2017\/10\/IMG_9870-e1507054325866.jpg?fit=300%2C200&amp;ssl=1\" data-large-file=\"https:\/\/i0.wp.com\/agrund.com\/wp-content\/uploads\/sites\/6\/2017\/10\/IMG_9870-e1507054325866.jpg?fit=600%2C400&amp;ssl=1\" decoding=\"async\" loading=\"lazy\" class=\"aligncenter size-full wp-image-174104\" src=\"https:\/\/i0.wp.com\/www.agrund.com\/wp-content\/uploads\/sites\/6\/2017\/10\/IMG_9870-e1507054325866.jpg?resize=600%2C400\" alt=\"\" width=\"600\" height=\"400\" data-recalc-dims=\"1\" \/><\/p>\n<div id=\"attachment_174099\" style=\"width: 610px\" class=\"wp-caption aligncenter\"><img aria-describedby=\"caption-attachment-174099\" data-attachment-id=\"174099\" data-permalink=\"https:\/\/agrund.com\/index.php\/minas-trend-inverno-2018-o-evento\/img_9852\/\" data-orig-file=\"https:\/\/i0.wp.com\/agrund.com\/wp-content\/uploads\/sites\/6\/2017\/10\/IMG_9852-e1507054339944.jpg?fit=600%2C400&amp;ssl=1\" data-orig-size=\"600,400\" data-comments-opened=\"1\" data-image-meta=\"{&quot;aperture&quot;:&quot;4.5&quot;,&quot;credit&quot;:&quot;&quot;,&quot;camera&quot;:&quot;Canon EOS REBEL T3i&quot;,&quot;caption&quot;:&quot;&quot;,&quot;created_timestamp&quot;:&quot;1507042034&quot;,&quot;copyright&quot;:&quot;&quot;,&quot;focal_length&quot;:&quot;29&quot;,&quot;iso&quot;:&quot;400&quot;,&quot;shutter_speed&quot;:&quot;0.0166666666667&quot;,&quot;title&quot;:&quot;&quot;,&quot;orientation&quot;:&quot;1&quot;}\" data-image-title=\"Minas Trend Inverno 2018 :: O evento\" data-image-description=\"\" data-image-caption=\"&lt;p&gt;Minas Trend Inverno 2018 :: O evento&lt;\/p&gt;\n\" data-medium-file=\"https:\/\/i0.wp.com\/agrund.com\/wp-content\/uploads\/sites\/6\/2017\/10\/IMG_9852-e1507054339944.jpg?fit=300%2C200&amp;ssl=1\" data-large-file=\"https:\/\/i0.wp.com\/agrund.com\/wp-content\/uploads\/sites\/6\/2017\/10\/IMG_9852-e1507054339944.jpg?fit=600%2C400&amp;ssl=1\" decoding=\"async\" loading=\"lazy\" class=\"size-full wp-image-174099\" src=\"https:\/\/i0.wp.com\/www.agrund.com\/wp-content\/uploads\/sites\/6\/2017\/10\/IMG_9852-e1507054339944.jpg?resize=600%2C400\" alt=\"\" width=\"600\" height=\"400\" data-recalc-dims=\"1\" \/><p id=\"caption-attachment-174099\" class=\"wp-caption-text\">Minas Trend Inverno 2018 :: O evento<\/p><\/div>\n<div id=\"attachment_174100\" style=\"width: 610px\" class=\"wp-caption aligncenter\"><img aria-describedby=\"caption-attachment-174100\" data-attachment-id=\"174100\" data-permalink=\"https:\/\/agrund.com\/index.php\/minas-trend-inverno-2018-o-evento\/img_9854-2\/\" data-orig-file=\"https:\/\/i0.wp.com\/agrund.com\/wp-content\/uploads\/sites\/6\/2017\/10\/IMG_9854-e1507054355760.jpg?fit=600%2C400&amp;ssl=1\" data-orig-size=\"600,400\" data-comments-opened=\"1\" data-image-meta=\"{&quot;aperture&quot;:&quot;3.5&quot;,&quot;credit&quot;:&quot;&quot;,&quot;camera&quot;:&quot;Canon EOS REBEL T3i&quot;,&quot;caption&quot;:&quot;&quot;,&quot;created_timestamp&quot;:&quot;1507042060&quot;,&quot;copyright&quot;:&quot;&quot;,&quot;focal_length&quot;:&quot;18&quot;,&quot;iso&quot;:&quot;320&quot;,&quot;shutter_speed&quot;:&quot;0.025&quot;,&quot;title&quot;:&quot;&quot;,&quot;orientation&quot;:&quot;1&quot;}\" data-image-title=\"Minas Trend Inverno 2018 :: O evento\" data-image-description=\"\" data-image-caption=\"&lt;p&gt;Minas Trend Inverno 2018 :: O evento&lt;\/p&gt;\n\" data-medium-file=\"https:\/\/i0.wp.com\/agrund.com\/wp-content\/uploads\/sites\/6\/2017\/10\/IMG_9854-e1507054355760.jpg?fit=300%2C200&amp;ssl=1\" data-large-file=\"https:\/\/i0.wp.com\/agrund.com\/wp-content\/uploads\/sites\/6\/2017\/10\/IMG_9854-e1507054355760.jpg?fit=600%2C400&amp;ssl=1\" decoding=\"async\" loading=\"lazy\" class=\"size-full wp-image-174100\" src=\"https:\/\/i0.wp.com\/www.agrund.com\/wp-content\/uploads\/sites\/6\/2017\/10\/IMG_9854-e1507054355760.jpg?resize=600%2C400\" alt=\"\" width=\"600\" height=\"400\" data-recalc-dims=\"1\" \/><p id=\"caption-attachment-174100\" class=\"wp-caption-text\">Minas Trend Inverno 2018 :: O evento<\/p><\/div>\n<div id=\"attachment_174105\" style=\"width: 610px\" class=\"wp-caption aligncenter\"><img aria-describedby=\"caption-attachment-174105\" data-attachment-id=\"174105\" data-permalink=\"https:\/\/agrund.com\/index.php\/minas-trend-inverno-2018-o-evento\/img_9872\/\" data-orig-file=\"https:\/\/i0.wp.com\/agrund.com\/wp-content\/uploads\/sites\/6\/2017\/10\/IMG_9872-e1507054370537.jpg?fit=600%2C400&amp;ssl=1\" data-orig-size=\"600,400\" data-comments-opened=\"1\" data-image-meta=\"{&quot;aperture&quot;:&quot;4.5&quot;,&quot;credit&quot;:&quot;&quot;,&quot;camera&quot;:&quot;Canon EOS REBEL T3i&quot;,&quot;caption&quot;:&quot;&quot;,&quot;created_timestamp&quot;:&quot;1507042609&quot;,&quot;copyright&quot;:&quot;&quot;,&quot;focal_length&quot;:&quot;29&quot;,&quot;iso&quot;:&quot;125&quot;,&quot;shutter_speed&quot;:&quot;0.025&quot;,&quot;title&quot;:&quot;&quot;,&quot;orientation&quot;:&quot;1&quot;}\" data-image-title=\"Minas Trend Inverno 2018 :: O evento\" data-image-description=\"\" data-image-caption=\"&lt;p&gt;Minas Trend Inverno 2018 :: O evento&lt;\/p&gt;\n\" data-medium-file=\"https:\/\/i0.wp.com\/agrund.com\/wp-content\/uploads\/sites\/6\/2017\/10\/IMG_9872-e1507054370537.jpg?fit=300%2C200&amp;ssl=1\" data-large-file=\"https:\/\/i0.wp.com\/agrund.com\/wp-content\/uploads\/sites\/6\/2017\/10\/IMG_9872-e1507054370537.jpg?fit=600%2C400&amp;ssl=1\" decoding=\"async\" loading=\"lazy\" class=\"size-full wp-image-174105\" src=\"https:\/\/i0.wp.com\/www.agrund.com\/wp-content\/uploads\/sites\/6\/2017\/10\/IMG_9872-e1507054370537.jpg?resize=600%2C400\" alt=\"\" width=\"600\" height=\"400\" data-recalc-dims=\"1\" \/><p id=\"caption-attachment-174105\" class=\"wp-caption-text\">Minas Trend Inverno 2018 :: O evento<\/p><\/div>\n<p>Fotos: Thay Sanqueta.<\/p>\n","protected":false},"excerpt":{"rendered":"<p>A equipe do Agrund.com acaba de desembarcar em Belo Horizonte para fazer a cobertura do Minas Trend, que come\u00e7a hoje (03). Esta edi\u00e7\u00e3o encerra as comemora\u00e7\u00f5es de 10 anos do evento, que foram iniciadas na temporada anterior (reveja AQUI). O tema \u201cano.10\u201d ir\u00e1 resgatar grandes momentos do Minas Trend e apontar diretrizes futuras para a [&hellip;]<\/p>\n","protected":false},"author":8,"featured_media":174107,"comment_status":"open","ping_status":"open","sticky":false,"template":"","format":"standard","meta":{"jetpack_post_was_ever_published":false,"_jetpack_newsletter_access":"","jetpack_publicize_message":"","jetpack_is_tweetstorm":false,"jetpack_publicize_feature_enabled":true,"jetpack_social_post_already_shared":true,"jetpack_social_options":{"image_generator_settings":{"template":"highway","enabled":false}}},"categories":[9,2],"tags":[],"jetpack_publicize_connections":[],"jetpack_featured_media_url":"https:\/\/i0.wp.com\/agrund.com\/wp-content\/uploads\/sites\/6\/2017\/10\/S.jpg?fit=959%2C301&ssl=1","jetpack_sharing_enabled":true,"jetpack_shortlink":"https:\/\/wp.me\/p3Hz0n-JhZ","jetpack_likes_enabled":true,"_links":{"self":[{"href":"https:\/\/agrund.com\/index.php\/wp-json\/wp\/v2\/posts\/174095"}],"collection":[{"href":"https:\/\/agrund.com\/index.php\/wp-json\/wp\/v2\/posts"}],"about":[{"href":"https:\/\/agrund.com\/index.php\/wp-json\/wp\/v2\/types\/post"}],"author":[{"embeddable":true,"href":"https:\/\/agrund.com\/index.php\/wp-json\/wp\/v2\/users\/8"}],"replies":[{"embeddable":true,"href":"https:\/\/agrund.com\/index.php\/wp-json\/wp\/v2\/comments?post=174095"}],"version-history":[{"count":0,"href":"https:\/\/agrund.com\/index.php\/wp-json\/wp\/v2\/posts\/174095\/revisions"}],"wp:featuredmedia":[{"embeddable":true,"href":"https:\/\/agrund.com\/index.php\/wp-json\/wp\/v2\/media\/174107"}],"wp:attachment":[{"href":"https:\/\/agrund.com\/index.php\/wp-json\/wp\/v2\/media?parent=174095"}],"wp:term":[{"taxonomy":"category","embeddable":true,"href":"https:\/\/agrund.com\/index.php\/wp-json\/wp\/v2\/categories?post=174095"},{"taxonomy":"post_tag","embeddable":true,"href":"https:\/\/agrund.com\/index.php\/wp-json\/wp\/v2\/tags?post=174095"}],"curies":[{"name":"wp","href":"https:\/\/api.w.org\/{rel}","templated":true}]}}