{"id":174063,"date":"2017-10-02T18:00:08","date_gmt":"2017-10-02T21:00:08","guid":{"rendered":"http:\/\/www.agrund.com\/?p=174063"},"modified":"2017-10-02T15:52:37","modified_gmt":"2017-10-02T18:52:37","slug":"anitta-bruna-marquezine-e-as-1001-formas-de-usar-jeans","status":"publish","type":"post","link":"https:\/\/agrund.com\/index.php\/anitta-bruna-marquezine-e-as-1001-formas-de-usar-jeans\/","title":{"rendered":"Anitta, Bruna Marquezine e as 1001 formas de usar jeans"},"content":{"rendered":"<p>Por Rosangela Espinossi<\/p>\n<p>Jaqueta, shorts, cal\u00e7a destroyed, camisas, tops. As mil e uma possibilidades do uso de jeans marcaram os looks das famosas na \u00faltima semana. Jeans total ou s\u00f3 em uma pe\u00e7a, os looks, claro, v\u00e3o para o estilo casual, seja em festival de rock, seja no shopping ou no cinema. Anitta, Adriane Galisteu, Fiorella Mattheis, Bruna Marquezine , Josie Pessoa, Valesca Popozuda s\u00e3o algumas das escolhidas para mostrar como usar o tecido ou como n\u00e3o usar, caso n\u00e3o tenha atitude para tanto. Confira abaixo e depois clica <a href=\"http:\/\/www.elasnotapetevermelho.com.br\/portal\/jeans-de-1001-formas-veja-erros-e-acertos-das-famosas\/\">AQUI<\/a> para ver mais.<\/p>\n<p><strong>Anitta<\/strong><\/p>\n<p>Parece que Anitta esqueceu a parte de baixo da roupa, n\u00e9? Sim, parece. Mas faz parte do estilo da cantora, mesmo fora dos palcos, causar com seu visual. Aqui, ela colocou shorts curtinhos e jaqueta com vazados. Complementando com bota curta amarela. Ficou bem legal nela, mas n\u00e3o \u00e9 todo mundo que tem atitude e pernas para tal look, concordam?<\/p>\n<div id=\"attachment_174066\" style=\"width: 610px\" class=\"wp-caption aligncenter\"><img aria-describedby=\"caption-attachment-174066\" data-attachment-id=\"174066\" data-permalink=\"https:\/\/agrund.com\/index.php\/anitta-bruna-marquezine-e-as-1001-formas-de-usar-jeans\/anitta-j-humberto-1\/\" data-orig-file=\"https:\/\/i0.wp.com\/agrund.com\/wp-content\/uploads\/sites\/6\/2017\/10\/anitta-J-Humberto-1-e1506970135798.jpg?fit=600%2C900&amp;ssl=1\" data-orig-size=\"600,900\" data-comments-opened=\"1\" data-image-meta=\"{&quot;aperture&quot;:&quot;0&quot;,&quot;credit&quot;:&quot;&quot;,&quot;camera&quot;:&quot;&quot;,&quot;caption&quot;:&quot;&quot;,&quot;created_timestamp&quot;:&quot;0&quot;,&quot;copyright&quot;:&quot;&quot;,&quot;focal_length&quot;:&quot;0&quot;,&quot;iso&quot;:&quot;0&quot;,&quot;shutter_speed&quot;:&quot;0&quot;,&quot;title&quot;:&quot;&quot;,&quot;orientation&quot;:&quot;0&quot;}\" data-image-title=\"Anitta, Bruna Marquezine e as 1001 formas de usar jeans\" data-image-description=\"\" data-image-caption=\"&lt;p&gt;Anitta, Bruna Marquezine e as 1001 formas de usar jeans&lt;\/p&gt;\n\" data-medium-file=\"https:\/\/i0.wp.com\/agrund.com\/wp-content\/uploads\/sites\/6\/2017\/10\/anitta-J-Humberto-1-e1506970135798.jpg?fit=200%2C300&amp;ssl=1\" data-large-file=\"https:\/\/i0.wp.com\/agrund.com\/wp-content\/uploads\/sites\/6\/2017\/10\/anitta-J-Humberto-1-e1506970135798.jpg?fit=683%2C1024&amp;ssl=1\" decoding=\"async\" loading=\"lazy\" class=\"size-full wp-image-174066\" src=\"https:\/\/i0.wp.com\/www.agrund.com\/wp-content\/uploads\/sites\/6\/2017\/10\/anitta-J-Humberto-1-e1506970135798.jpg?resize=600%2C900\" alt=\"\" width=\"600\" height=\"900\" data-recalc-dims=\"1\" \/><p id=\"caption-attachment-174066\" class=\"wp-caption-text\">Anitta, Bruna Marquezine e as 1001 formas de usar jeans<\/p><\/div>\n<p>&nbsp;<\/p>\n<p><strong>Adriane Galisteu<\/strong><\/p>\n<p>A apresentadora Adriane Galisteu, que participa da \u201cDan\u00e7a dos Famosos\u201d, resolveu passear pelo shopping no Rio com vestido curto preto, camisa jeans por cima e t\u00eanis baixinho. Look confort\u00e1vel, despojado e ideal para quem tem pernas como as dela.<\/p>\n<div id=\"attachment_174065\" style=\"width: 610px\" class=\"wp-caption aligncenter\"><img aria-describedby=\"caption-attachment-174065\" data-attachment-id=\"174065\" data-permalink=\"https:\/\/agrund.com\/index.php\/anitta-bruna-marquezine-e-as-1001-formas-de-usar-jeans\/adriane-galisteu-j-humberto\/\" data-orig-file=\"https:\/\/i0.wp.com\/agrund.com\/wp-content\/uploads\/sites\/6\/2017\/10\/adriane-galisteu-J-Humberto-e1506970160441.jpg?fit=600%2C903&amp;ssl=1\" data-orig-size=\"600,903\" data-comments-opened=\"1\" data-image-meta=\"{&quot;aperture&quot;:&quot;0&quot;,&quot;credit&quot;:&quot;&quot;,&quot;camera&quot;:&quot;&quot;,&quot;caption&quot;:&quot;&quot;,&quot;created_timestamp&quot;:&quot;0&quot;,&quot;copyright&quot;:&quot;&quot;,&quot;focal_length&quot;:&quot;0&quot;,&quot;iso&quot;:&quot;0&quot;,&quot;shutter_speed&quot;:&quot;0&quot;,&quot;title&quot;:&quot;&quot;,&quot;orientation&quot;:&quot;0&quot;}\" data-image-title=\"Anitta, Bruna Marquezine e as 1001 formas de usar jeans\" data-image-description=\"\" data-image-caption=\"&lt;p&gt;Anitta, Bruna Marquezine e as 1001 formas de usar jeans&lt;\/p&gt;\n\" data-medium-file=\"https:\/\/i0.wp.com\/agrund.com\/wp-content\/uploads\/sites\/6\/2017\/10\/adriane-galisteu-J-Humberto-e1506970160441.jpg?fit=199%2C300&amp;ssl=1\" data-large-file=\"https:\/\/i0.wp.com\/agrund.com\/wp-content\/uploads\/sites\/6\/2017\/10\/adriane-galisteu-J-Humberto-e1506970160441.jpg?fit=680%2C1024&amp;ssl=1\" decoding=\"async\" loading=\"lazy\" class=\"wp-image-174065\" src=\"https:\/\/i0.wp.com\/www.agrund.com\/wp-content\/uploads\/sites\/6\/2017\/10\/adriane-galisteu-J-Humberto.jpg?resize=600%2C903\" alt=\"\" width=\"600\" height=\"903\" data-recalc-dims=\"1\" \/><p id=\"caption-attachment-174065\" class=\"wp-caption-text\">Anitta, Bruna Marquezine e as 1001 formas de usar jeans<\/p><\/div>\n<p>&nbsp;<\/p>\n<p><strong>Fiorella Mattheis<\/strong><\/p>\n<p>Aqui parece que Fiorella Mattheis vestiu s\u00f3 a camiseta preta e jaqueta jeans. Mas por baixo, tamb\u00e9m tem shorts. O look \u00e9 jovem, despojado, gostoso, com o estilo soft rocker. A bota, com a meia soquete \u00e0 vista, complementa com o look.<\/p>\n<div id=\"attachment_174068\" style=\"width: 610px\" class=\"wp-caption aligncenter\"><img aria-describedby=\"caption-attachment-174068\" data-attachment-id=\"174068\" data-permalink=\"https:\/\/agrund.com\/index.php\/anitta-bruna-marquezine-e-as-1001-formas-de-usar-jeans\/fiorella-mattheis-rogerio-fidalgo-1\/\" data-orig-file=\"https:\/\/i0.wp.com\/agrund.com\/wp-content\/uploads\/sites\/6\/2017\/10\/fiorella-mattheis-ROGERIO-FIDALGO-1-e1506970183448.jpg?fit=600%2C900&amp;ssl=1\" data-orig-size=\"600,900\" data-comments-opened=\"1\" data-image-meta=\"{&quot;aperture&quot;:&quot;0&quot;,&quot;credit&quot;:&quot;&quot;,&quot;camera&quot;:&quot;&quot;,&quot;caption&quot;:&quot;&quot;,&quot;created_timestamp&quot;:&quot;0&quot;,&quot;copyright&quot;:&quot;&quot;,&quot;focal_length&quot;:&quot;0&quot;,&quot;iso&quot;:&quot;0&quot;,&quot;shutter_speed&quot;:&quot;0&quot;,&quot;title&quot;:&quot;&quot;,&quot;orientation&quot;:&quot;0&quot;}\" data-image-title=\"Anitta, Bruna Marquezine e as 1001 formas de usar jeans\" data-image-description=\"\" data-image-caption=\"&lt;p&gt;Anitta, Bruna Marquezine e as 1001 formas de usar jeans&lt;\/p&gt;\n\" data-medium-file=\"https:\/\/i0.wp.com\/agrund.com\/wp-content\/uploads\/sites\/6\/2017\/10\/fiorella-mattheis-ROGERIO-FIDALGO-1-e1506970183448.jpg?fit=200%2C300&amp;ssl=1\" data-large-file=\"https:\/\/i0.wp.com\/agrund.com\/wp-content\/uploads\/sites\/6\/2017\/10\/fiorella-mattheis-ROGERIO-FIDALGO-1-e1506970183448.jpg?fit=683%2C1024&amp;ssl=1\" decoding=\"async\" loading=\"lazy\" class=\"size-full wp-image-174068\" src=\"https:\/\/i0.wp.com\/www.agrund.com\/wp-content\/uploads\/sites\/6\/2017\/10\/fiorella-mattheis-ROGERIO-FIDALGO-1-e1506970183448.jpg?resize=600%2C900\" alt=\"\" width=\"600\" height=\"900\" data-recalc-dims=\"1\" \/><p id=\"caption-attachment-174068\" class=\"wp-caption-text\">Anitta, Bruna Marquezine e as 1001 formas de usar jeans<\/p><\/div>\n<p>&nbsp;<\/p>\n<p><strong>Josie Pessoa<\/strong><\/p>\n<p>A atriz Josie Pessoa veste jeans total. S\u00f3 faltou a bota jeans &#8211; que \u00e9 tend\u00eancia &#8211; para completar o visual roqueiro. O top cropped \u00e9 perfeito para quem tem o corpo como o dela. J\u00e1 a cal\u00e7a jeans t\u00e3o destroyed assim \u00e9 at\u00e9 perigosa. Pode rasgar mais do que deve e mostrar o que n\u00e3o deveria. Ela at\u00e9 colocou choker jeans\u2026 Gostaram?<\/p>\n<div id=\"attachment_174069\" style=\"width: 610px\" class=\"wp-caption aligncenter\"><img aria-describedby=\"caption-attachment-174069\" data-attachment-id=\"174069\" data-permalink=\"https:\/\/agrund.com\/index.php\/anitta-bruna-marquezine-e-as-1001-formas-de-usar-jeans\/josie-pessoa-marcello-s__-barretto\/\" data-orig-file=\"https:\/\/i0.wp.com\/agrund.com\/wp-content\/uploads\/sites\/6\/2017\/10\/josie-pessoa-marcello-S__-barretto-e1506970208410.jpg?fit=600%2C900&amp;ssl=1\" data-orig-size=\"600,900\" data-comments-opened=\"1\" data-image-meta=\"{&quot;aperture&quot;:&quot;0&quot;,&quot;credit&quot;:&quot;&quot;,&quot;camera&quot;:&quot;&quot;,&quot;caption&quot;:&quot;&quot;,&quot;created_timestamp&quot;:&quot;0&quot;,&quot;copyright&quot;:&quot;&quot;,&quot;focal_length&quot;:&quot;0&quot;,&quot;iso&quot;:&quot;0&quot;,&quot;shutter_speed&quot;:&quot;0&quot;,&quot;title&quot;:&quot;&quot;,&quot;orientation&quot;:&quot;0&quot;}\" data-image-title=\"Anitta, Bruna Marquezine e as 1001 formas de usar jeans\" data-image-description=\"\" data-image-caption=\"&lt;p&gt;Anitta, Bruna Marquezine e as 1001 formas de usar jeans&lt;\/p&gt;\n\" data-medium-file=\"https:\/\/i0.wp.com\/agrund.com\/wp-content\/uploads\/sites\/6\/2017\/10\/josie-pessoa-marcello-S__-barretto-e1506970208410.jpg?fit=200%2C300&amp;ssl=1\" data-large-file=\"https:\/\/i0.wp.com\/agrund.com\/wp-content\/uploads\/sites\/6\/2017\/10\/josie-pessoa-marcello-S__-barretto-e1506970208410.jpg?fit=683%2C1024&amp;ssl=1\" decoding=\"async\" loading=\"lazy\" class=\"size-full wp-image-174069\" src=\"https:\/\/i0.wp.com\/www.agrund.com\/wp-content\/uploads\/sites\/6\/2017\/10\/josie-pessoa-marcello-S__-barretto-e1506970208410.jpg?resize=600%2C900\" alt=\"\" width=\"600\" height=\"900\" data-recalc-dims=\"1\" \/><p id=\"caption-attachment-174069\" class=\"wp-caption-text\">Anitta, Bruna Marquezine e as 1001 formas de usar jeans<\/p><\/div>\n<p>&nbsp;<\/p>\n<p><strong>Valesca Popozuda<\/strong><\/p>\n<p>A funkeira Valesca Popozuda tamb\u00e9m investiu nos shorts jeans. Para completar, body cavado, quase saindo dos shorts, e bem decotado. Capa estampada com franjas. \u00c9 tamb\u00e9m para quem tem atitude. E #ficaadica: o t\u00eanis branco acabou cortando as pernas grossas da cantora e achatou a silhueta.<\/p>\n<div id=\"attachment_174070\" style=\"width: 610px\" class=\"wp-caption aligncenter\"><img aria-describedby=\"caption-attachment-174070\" data-attachment-id=\"174070\" data-permalink=\"https:\/\/agrund.com\/index.php\/anitta-bruna-marquezine-e-as-1001-formas-de-usar-jeans\/valesca-popozuda-anderson-borde-denilson-santos-1\/\" data-orig-file=\"https:\/\/i0.wp.com\/agrund.com\/wp-content\/uploads\/sites\/6\/2017\/10\/valesca-popozuda-Anderson-Borde-Denilson-Santos-1-e1506970225896.jpg?fit=600%2C900&amp;ssl=1\" data-orig-size=\"600,900\" data-comments-opened=\"1\" data-image-meta=\"{&quot;aperture&quot;:&quot;0&quot;,&quot;credit&quot;:&quot;&quot;,&quot;camera&quot;:&quot;&quot;,&quot;caption&quot;:&quot;&quot;,&quot;created_timestamp&quot;:&quot;0&quot;,&quot;copyright&quot;:&quot;&quot;,&quot;focal_length&quot;:&quot;0&quot;,&quot;iso&quot;:&quot;0&quot;,&quot;shutter_speed&quot;:&quot;0&quot;,&quot;title&quot;:&quot;&quot;,&quot;orientation&quot;:&quot;0&quot;}\" data-image-title=\"Anitta, Bruna Marquezine e as 1001 formas de usar jeans\" data-image-description=\"\" data-image-caption=\"&lt;p&gt;Anitta, Bruna Marquezine e as 1001 formas de usar jeans&lt;\/p&gt;\n\" data-medium-file=\"https:\/\/i0.wp.com\/agrund.com\/wp-content\/uploads\/sites\/6\/2017\/10\/valesca-popozuda-Anderson-Borde-Denilson-Santos-1-e1506970225896.jpg?fit=200%2C300&amp;ssl=1\" data-large-file=\"https:\/\/i0.wp.com\/agrund.com\/wp-content\/uploads\/sites\/6\/2017\/10\/valesca-popozuda-Anderson-Borde-Denilson-Santos-1-e1506970225896.jpg?fit=683%2C1024&amp;ssl=1\" decoding=\"async\" loading=\"lazy\" class=\"size-full wp-image-174070\" src=\"https:\/\/i0.wp.com\/www.agrund.com\/wp-content\/uploads\/sites\/6\/2017\/10\/valesca-popozuda-Anderson-Borde-Denilson-Santos-1-e1506970225896.jpg?resize=600%2C900\" alt=\"\" width=\"600\" height=\"900\" data-recalc-dims=\"1\" \/><p id=\"caption-attachment-174070\" class=\"wp-caption-text\">Anitta, Bruna Marquezine e as 1001 formas de usar jeans<\/p><\/div>\n<p>&nbsp;<\/p>\n<p><strong>Bruna Marquezine<\/strong><\/p>\n<p>Veja que aqui os t\u00eanis brancos com meia soquete deram um charme extra ao look da Bruna Marquezine. Como ela tem pernas longas e os shorts jeans s\u00e3o tamb\u00e9m cavados, n\u00e3o houve interrup\u00e7\u00e3o no visual. Camiseta amarrada e jaqueta larga completaram o look moderno, antenado com as tend\u00eancias e bem jovem.<\/p>\n<div id=\"attachment_174067\" style=\"width: 610px\" class=\"wp-caption aligncenter\"><img aria-describedby=\"caption-attachment-174067\" data-attachment-id=\"174067\" data-permalink=\"https:\/\/agrund.com\/index.php\/anitta-bruna-marquezine-e-as-1001-formas-de-usar-jeans\/bruna-amrquezine-william-oda-2\/\" data-orig-file=\"https:\/\/i0.wp.com\/agrund.com\/wp-content\/uploads\/sites\/6\/2017\/10\/bruna-amrquezine-William-Oda-2-e1506970247658.jpg?fit=600%2C899&amp;ssl=1\" data-orig-size=\"600,899\" data-comments-opened=\"1\" data-image-meta=\"{&quot;aperture&quot;:&quot;0&quot;,&quot;credit&quot;:&quot;&quot;,&quot;camera&quot;:&quot;&quot;,&quot;caption&quot;:&quot;&quot;,&quot;created_timestamp&quot;:&quot;0&quot;,&quot;copyright&quot;:&quot;&quot;,&quot;focal_length&quot;:&quot;0&quot;,&quot;iso&quot;:&quot;0&quot;,&quot;shutter_speed&quot;:&quot;0&quot;,&quot;title&quot;:&quot;&quot;,&quot;orientation&quot;:&quot;0&quot;}\" data-image-title=\"Anitta, Bruna Marquezine e as 1001 formas de usar jeans\" data-image-description=\"\" data-image-caption=\"&lt;p&gt;Anitta, Bruna Marquezine e as 1001 formas de usar jeans&lt;\/p&gt;\n\" data-medium-file=\"https:\/\/i0.wp.com\/agrund.com\/wp-content\/uploads\/sites\/6\/2017\/10\/bruna-amrquezine-William-Oda-2-e1506970247658.jpg?fit=200%2C300&amp;ssl=1\" data-large-file=\"https:\/\/i0.wp.com\/agrund.com\/wp-content\/uploads\/sites\/6\/2017\/10\/bruna-amrquezine-William-Oda-2-e1506970247658.jpg?fit=684%2C1024&amp;ssl=1\" decoding=\"async\" loading=\"lazy\" class=\"size-full wp-image-174067\" src=\"https:\/\/i0.wp.com\/www.agrund.com\/wp-content\/uploads\/sites\/6\/2017\/10\/bruna-amrquezine-William-Oda-2-e1506970247658.jpg?resize=600%2C899\" alt=\"\" width=\"600\" height=\"899\" data-recalc-dims=\"1\" \/><p id=\"caption-attachment-174067\" class=\"wp-caption-text\">Anitta, Bruna Marquezine e as 1001 formas de usar jeans<\/p><\/div>\n<p>Fotos: Reprodu\u00e7\u00e3o.<\/p>\n","protected":false},"excerpt":{"rendered":"<p>Por Rosangela Espinossi Jaqueta, shorts, cal\u00e7a destroyed, camisas, tops. As mil e uma possibilidades do uso de jeans marcaram os looks das famosas na \u00faltima semana. Jeans total ou s\u00f3 em uma pe\u00e7a, os looks, claro, v\u00e3o para o estilo casual, seja em festival de rock, seja no shopping ou no cinema. Anitta, Adriane Galisteu, [&hellip;]<\/p>\n","protected":false},"author":8,"featured_media":174071,"comment_status":"open","ping_status":"open","sticky":false,"template":"","format":"standard","meta":{"jetpack_post_was_ever_published":false,"_jetpack_newsletter_access":"","jetpack_publicize_message":"","jetpack_is_tweetstorm":false,"jetpack_publicize_feature_enabled":true,"jetpack_social_post_already_shared":true,"jetpack_social_options":{"image_generator_settings":{"template":"highway","enabled":false}}},"categories":[2],"tags":[],"jetpack_publicize_connections":[],"jetpack_featured_media_url":"https:\/\/i0.wp.com\/agrund.com\/wp-content\/uploads\/sites\/6\/2017\/10\/s-16.jpg?fit=960%2C300&ssl=1","jetpack_sharing_enabled":true,"jetpack_shortlink":"https:\/\/wp.me\/p3Hz0n-Jht","jetpack_likes_enabled":true,"_links":{"self":[{"href":"https:\/\/agrund.com\/index.php\/wp-json\/wp\/v2\/posts\/174063"}],"collection":[{"href":"https:\/\/agrund.com\/index.php\/wp-json\/wp\/v2\/posts"}],"about":[{"href":"https:\/\/agrund.com\/index.php\/wp-json\/wp\/v2\/types\/post"}],"author":[{"embeddable":true,"href":"https:\/\/agrund.com\/index.php\/wp-json\/wp\/v2\/users\/8"}],"replies":[{"embeddable":true,"href":"https:\/\/agrund.com\/index.php\/wp-json\/wp\/v2\/comments?post=174063"}],"version-history":[{"count":0,"href":"https:\/\/agrund.com\/index.php\/wp-json\/wp\/v2\/posts\/174063\/revisions"}],"wp:featuredmedia":[{"embeddable":true,"href":"https:\/\/agrund.com\/index.php\/wp-json\/wp\/v2\/media\/174071"}],"wp:attachment":[{"href":"https:\/\/agrund.com\/index.php\/wp-json\/wp\/v2\/media?parent=174063"}],"wp:term":[{"taxonomy":"category","embeddable":true,"href":"https:\/\/agrund.com\/index.php\/wp-json\/wp\/v2\/categories?post=174063"},{"taxonomy":"post_tag","embeddable":true,"href":"https:\/\/agrund.com\/index.php\/wp-json\/wp\/v2\/tags?post=174063"}],"curies":[{"name":"wp","href":"https:\/\/api.w.org\/{rel}","templated":true}]}}