{"id":173873,"date":"2017-09-29T16:00:38","date_gmt":"2017-09-29T19:00:38","guid":{"rendered":"http:\/\/www.agrund.com\/?p=173873"},"modified":"2017-09-29T14:55:09","modified_gmt":"2017-09-29T17:55:09","slug":"um-avanco-na-industria-da-moda","status":"publish","type":"post","link":"https:\/\/agrund.com\/index.php\/um-avanco-na-industria-da-moda\/","title":{"rendered":"Um avan\u00e7o na ind\u00fastria da moda"},"content":{"rendered":"<p>Por Let\u00edcia Santana<\/p>\n<div id=\"attachment_173874\" style=\"width: 610px\" class=\"wp-caption aligncenter\"><img aria-describedby=\"caption-attachment-173874\" data-attachment-id=\"173874\" data-permalink=\"https:\/\/agrund.com\/index.php\/um-avanco-na-industria-da-moda\/backstage-modelos\/\" data-orig-file=\"https:\/\/i0.wp.com\/agrund.com\/wp-content\/uploads\/sites\/6\/2017\/09\/Backstage-modelos-e1506707606934.jpg?fit=600%2C399&amp;ssl=1\" data-orig-size=\"600,399\" data-comments-opened=\"1\" data-image-meta=\"{&quot;aperture&quot;:&quot;7.1&quot;,&quot;credit&quot;:&quot;STEVEN B EKEROVICH&quot;,&quot;camera&quot;:&quot;NIKON D3&quot;,&quot;caption&quot;:&quot;&quot;,&quot;created_timestamp&quot;:&quot;1391971490&quot;,&quot;copyright&quot;:&quot;STEVEN B EKEROVICH&quot;,&quot;focal_length&quot;:&quot;24&quot;,&quot;iso&quot;:&quot;320&quot;,&quot;shutter_speed&quot;:&quot;0.005&quot;,&quot;title&quot;:&quot;&quot;,&quot;orientation&quot;:&quot;1&quot;}\" data-image-title=\"Um avan\u00e7o na ind\u00fastria da moda\" data-image-description=\"\" data-image-caption=\"&lt;p&gt;Um avan\u00e7o na ind\u00fastria da moda&lt;\/p&gt;\n\" data-medium-file=\"https:\/\/i0.wp.com\/agrund.com\/wp-content\/uploads\/sites\/6\/2017\/09\/Backstage-modelos-e1506707606934.jpg?fit=300%2C200&amp;ssl=1\" data-large-file=\"https:\/\/i0.wp.com\/agrund.com\/wp-content\/uploads\/sites\/6\/2017\/09\/Backstage-modelos-e1506707606934.jpg?fit=1024%2C682&amp;ssl=1\" decoding=\"async\" loading=\"lazy\" class=\"size-full wp-image-173874\" src=\"https:\/\/i0.wp.com\/www.agrund.com\/wp-content\/uploads\/sites\/6\/2017\/09\/Backstage-modelos-e1506707606934.jpg?resize=600%2C399\" alt=\"\" width=\"600\" height=\"399\" data-recalc-dims=\"1\" \/><p id=\"caption-attachment-173874\" class=\"wp-caption-text\">Um avan\u00e7o na ind\u00fastria da moda<\/p><\/div>\n<p>As semanas de moda internacionais come\u00e7aram e isso significa a volta do debate em torno dos padr\u00f5es de beleza. Dessa vez, a responsabilidade foi colocada em primeiro plano e a prova disso \u00e9 a decis\u00e3o dos grupos Kering e LVMH (respons\u00e1veis por marcas de luxo como Louis Vuitton, Stella McCartney, Alexander McQueen e Lanvin) de banir modelos extremamente magras e as com menos de 16 anos das suas passarelas e campanhas.<\/p>\n<p>O comprometimento das empresas tamb\u00e9m englobou o hor\u00e1rio de trabalho das modelos que tem entre 16 e 18 anos: as marcas est\u00e3o proibidas de fazerem casting, sess\u00f5es de fotos ou desfiles entre 22h e 6h com elas. As garotas tamb\u00e9m dever\u00e3o estar sempre acompanhadas de algum guardi\u00e3o e n\u00e3o poder\u00e1 ser servido \u00e1lcool durante o expediente. Kering e LVMH afirmaram em um comunicado para imprensa: \u201cRespeitar a dignidade de cada homem e mulher \u00e9 o cora\u00e7\u00e3o dos valores de ambos os grupos. Tendo sempre cuidado com o bem-estar dos modelos, a LVMH e a Kering sentem que t\u00eam uma responsabilidade espec\u00edfica, como l\u00edderes da ind\u00fastria, em dar um passo adiante com suas marcas\u201d.<\/p>\n<p>N\u00e3o \u00e9 novidade para ningu\u00e9m que a moda coloca como padr\u00e3o corpos inating\u00edveis, provocando, assim, uma s\u00e9rie de transtornos alimentares e psicol\u00f3gicos em in\u00fameros modelos. Em 2013, Kirstie Clements, a editora de moda da Vogue Austr\u00e1lia, revelou: \u201cQuando eu comecei a lidar com modelos no final da d\u00e9cada de 1980, geralmente \u00edamos selecionado a partir de um grupo de meninas locais, que eram naturalmente suaves e magras, tinham uma pele brilhante, cabelo brilhante e muita energia. Eles comiam com modera\u00e7\u00e3o com certeza, mas elas comiam. N\u00e3o eram pele e osso. [\u2026] Mas comecei a reconhecer os sinais de que outras modelos estavam usando diferentes m\u00e9todos para ficar magras. [\u2026] Quanto mais trabalhava com modelos, mais a priva\u00e7\u00e3o de alimentos se tornava \u00f3bvia. Cigarros e Coca Diet formavam a dieta base\u201d.<\/p>\n<p>Um passo extremamente significativo, mas que est\u00e1 longe de resolver o problema como um todo. A problem\u00e1tica de obsess\u00e3o por magreza continuar\u00e1 se propagando pela ind\u00fastria da moda, sendo necess\u00e1rio muitos outros acordos, normas e fortes campanhas de conscientiza\u00e7\u00e3o para que aconte\u00e7a uma verdadeira transforma\u00e7\u00e3o. Por enquanto, \u00e9 v\u00e1lido que esse caminho continue sendo tra\u00e7ado por outras empresas al\u00e9m das duas citadas para que um dia possamos celebrar a mulher diversa e uma moda inclusiva.<\/p>\n<p>Mais em <a href=\"http:\/\/borboletavintage.com.br\/\">Borboleta Vintage<\/a>.<br \/>\nInstagram: <a href=\"https:\/\/www.instagram.com\/borboletavintage\/\">@borboletavintage<\/a><\/p>\n<p>Foto: Reprodu\u00e7\u00e3o.<\/p>\n","protected":false},"excerpt":{"rendered":"<p>Por Let\u00edcia Santana As semanas de moda internacionais come\u00e7aram e isso significa a volta do debate em torno dos padr\u00f5es de beleza. Dessa vez, a responsabilidade foi colocada em primeiro plano e a prova disso \u00e9 a decis\u00e3o dos grupos Kering e LVMH (respons\u00e1veis por marcas de luxo como Louis Vuitton, Stella McCartney, Alexander McQueen [&hellip;]<\/p>\n","protected":false},"author":8,"featured_media":173875,"comment_status":"open","ping_status":"open","sticky":false,"template":"","format":"standard","meta":{"jetpack_post_was_ever_published":false,"_jetpack_newsletter_access":"","jetpack_publicize_message":"","jetpack_is_tweetstorm":false,"jetpack_publicize_feature_enabled":true,"jetpack_social_post_already_shared":true,"jetpack_social_options":{"image_generator_settings":{"template":"highway","enabled":false}}},"categories":[2],"tags":[],"jetpack_publicize_connections":[],"jetpack_featured_media_url":"https:\/\/i0.wp.com\/agrund.com\/wp-content\/uploads\/sites\/6\/2017\/09\/s-131.jpg?fit=960%2C300&ssl=1","jetpack_sharing_enabled":true,"jetpack_shortlink":"https:\/\/wp.me\/p3Hz0n-Jep","jetpack_likes_enabled":true,"_links":{"self":[{"href":"https:\/\/agrund.com\/index.php\/wp-json\/wp\/v2\/posts\/173873"}],"collection":[{"href":"https:\/\/agrund.com\/index.php\/wp-json\/wp\/v2\/posts"}],"about":[{"href":"https:\/\/agrund.com\/index.php\/wp-json\/wp\/v2\/types\/post"}],"author":[{"embeddable":true,"href":"https:\/\/agrund.com\/index.php\/wp-json\/wp\/v2\/users\/8"}],"replies":[{"embeddable":true,"href":"https:\/\/agrund.com\/index.php\/wp-json\/wp\/v2\/comments?post=173873"}],"version-history":[{"count":0,"href":"https:\/\/agrund.com\/index.php\/wp-json\/wp\/v2\/posts\/173873\/revisions"}],"wp:featuredmedia":[{"embeddable":true,"href":"https:\/\/agrund.com\/index.php\/wp-json\/wp\/v2\/media\/173875"}],"wp:attachment":[{"href":"https:\/\/agrund.com\/index.php\/wp-json\/wp\/v2\/media?parent=173873"}],"wp:term":[{"taxonomy":"category","embeddable":true,"href":"https:\/\/agrund.com\/index.php\/wp-json\/wp\/v2\/categories?post=173873"},{"taxonomy":"post_tag","embeddable":true,"href":"https:\/\/agrund.com\/index.php\/wp-json\/wp\/v2\/tags?post=173873"}],"curies":[{"name":"wp","href":"https:\/\/api.w.org\/{rel}","templated":true}]}}