{"id":173830,"date":"2017-09-29T10:00:51","date_gmt":"2017-09-29T13:00:51","guid":{"rendered":"http:\/\/www.agrund.com\/?p=173830"},"modified":"2017-09-29T09:59:58","modified_gmt":"2017-09-29T12:59:58","slug":"kylie-jenner-lanca-nova-colecao-de-oculos-escuros","status":"publish","type":"post","link":"https:\/\/agrund.com\/index.php\/kylie-jenner-lanca-nova-colecao-de-oculos-escuros\/","title":{"rendered":"Kylie Jenner lan\u00e7a nova cole\u00e7\u00e3o de \u00f3culos escuros"},"content":{"rendered":"<p>Voc\u00ea se lembra quando contamos <a href=\"http:\/\/www.agrund.com\/kylie-jenner-assina-colecao-de-oculos\/\">AQUI<\/a> sobre a cole\u00e7\u00e3o de \u00f3culos escuros de Kylie Jenner? A colabora\u00e7\u00e3o com a marca Quay Australia fez tanto sucesso que Kylie est\u00e1 de volta para mais uma parceria!<\/p>\n<p>A segunda cole\u00e7\u00e3o conta com duas inspira\u00e7\u00f5es: uma parte retr\u00f4 dos anos 90, com arma\u00e7\u00f5es brancas e lentes coloridas, e a outra futurista,com arma\u00e7\u00f5es bem grandes e espelhadas.<\/p>\n<p>Gostou? A linha j\u00e1 est\u00e1 \u00e0 venda no e-commerce da marca, com pre\u00e7os que variam de US$65 a US$75. Veja alguns modelos na galeria abaixo:<\/p>\n<div id=\"attachment_173831\" style=\"width: 610px\" class=\"wp-caption aligncenter\"><img aria-describedby=\"caption-attachment-173831\" data-attachment-id=\"173831\" data-permalink=\"https:\/\/agrund.com\/index.php\/kylie-jenner-lanca-nova-colecao-de-oculos-escuros\/b00a7614-1506623323\/\" data-orig-file=\"https:\/\/i0.wp.com\/agrund.com\/wp-content\/uploads\/sites\/6\/2017\/09\/b00a7614-1506623323-e1506689878864.jpg?fit=600%2C900&amp;ssl=1\" data-orig-size=\"600,900\" data-comments-opened=\"1\" data-image-meta=\"{&quot;aperture&quot;:&quot;0&quot;,&quot;credit&quot;:&quot;&quot;,&quot;camera&quot;:&quot;&quot;,&quot;caption&quot;:&quot;&quot;,&quot;created_timestamp&quot;:&quot;0&quot;,&quot;copyright&quot;:&quot;&quot;,&quot;focal_length&quot;:&quot;0&quot;,&quot;iso&quot;:&quot;0&quot;,&quot;shutter_speed&quot;:&quot;0&quot;,&quot;title&quot;:&quot;&quot;,&quot;orientation&quot;:&quot;0&quot;}\" data-image-title=\"Kylie Jenner lan\u00e7a nova cole\u00e7\u00e3o de \u00f3culos escuros\" data-image-description=\"\" data-image-caption=\"&lt;p&gt;Kylie Jenner lan\u00e7a nova cole\u00e7\u00e3o de \u00f3culos escuros&lt;\/p&gt;\n\" data-medium-file=\"https:\/\/i0.wp.com\/agrund.com\/wp-content\/uploads\/sites\/6\/2017\/09\/b00a7614-1506623323-e1506689878864.jpg?fit=200%2C300&amp;ssl=1\" data-large-file=\"https:\/\/i0.wp.com\/agrund.com\/wp-content\/uploads\/sites\/6\/2017\/09\/b00a7614-1506623323-e1506689878864.jpg?fit=683%2C1024&amp;ssl=1\" decoding=\"async\" loading=\"lazy\" class=\"size-full wp-image-173831\" src=\"https:\/\/i0.wp.com\/www.agrund.com\/wp-content\/uploads\/sites\/6\/2017\/09\/b00a7614-1506623323-e1506689878864.jpg?resize=600%2C900\" alt=\"\" width=\"600\" height=\"900\" data-recalc-dims=\"1\" \/><p id=\"caption-attachment-173831\" class=\"wp-caption-text\">Kylie Jenner lan\u00e7a nova cole\u00e7\u00e3o de \u00f3culos escuros<\/p><\/div>\n<div id=\"attachment_173832\" style=\"width: 610px\" class=\"wp-caption aligncenter\"><img aria-describedby=\"caption-attachment-173832\" data-attachment-id=\"173832\" data-permalink=\"https:\/\/agrund.com\/index.php\/kylie-jenner-lanca-nova-colecao-de-oculos-escuros\/b00a7679-1506623302\/\" data-orig-file=\"https:\/\/i0.wp.com\/agrund.com\/wp-content\/uploads\/sites\/6\/2017\/09\/b00a7679-1506623302-e1506689892795.jpg?fit=600%2C400&amp;ssl=1\" data-orig-size=\"600,400\" data-comments-opened=\"1\" data-image-meta=\"{&quot;aperture&quot;:&quot;0&quot;,&quot;credit&quot;:&quot;&quot;,&quot;camera&quot;:&quot;&quot;,&quot;caption&quot;:&quot;&quot;,&quot;created_timestamp&quot;:&quot;0&quot;,&quot;copyright&quot;:&quot;&quot;,&quot;focal_length&quot;:&quot;0&quot;,&quot;iso&quot;:&quot;0&quot;,&quot;shutter_speed&quot;:&quot;0&quot;,&quot;title&quot;:&quot;&quot;,&quot;orientation&quot;:&quot;0&quot;}\" data-image-title=\"Kylie Jenner lan\u00e7a nova cole\u00e7\u00e3o de \u00f3culos escuros\" data-image-description=\"\" data-image-caption=\"&lt;p&gt;Kylie Jenner lan\u00e7a nova cole\u00e7\u00e3o de \u00f3culos escuros&lt;\/p&gt;\n\" data-medium-file=\"https:\/\/i0.wp.com\/agrund.com\/wp-content\/uploads\/sites\/6\/2017\/09\/b00a7679-1506623302-e1506689892795.jpg?fit=300%2C200&amp;ssl=1\" data-large-file=\"https:\/\/i0.wp.com\/agrund.com\/wp-content\/uploads\/sites\/6\/2017\/09\/b00a7679-1506623302-e1506689892795.jpg?fit=600%2C400&amp;ssl=1\" decoding=\"async\" loading=\"lazy\" class=\"size-full wp-image-173832\" src=\"https:\/\/i0.wp.com\/www.agrund.com\/wp-content\/uploads\/sites\/6\/2017\/09\/b00a7679-1506623302-e1506689892795.jpg?resize=600%2C400\" alt=\"\" width=\"600\" height=\"400\" data-recalc-dims=\"1\" \/><p id=\"caption-attachment-173832\" class=\"wp-caption-text\">Kylie Jenner lan\u00e7a nova cole\u00e7\u00e3o de \u00f3culos escuros<\/p><\/div>\n<div id=\"attachment_173833\" style=\"width: 610px\" class=\"wp-caption aligncenter\"><img aria-describedby=\"caption-attachment-173833\" data-attachment-id=\"173833\" data-permalink=\"https:\/\/agrund.com\/index.php\/kylie-jenner-lanca-nova-colecao-de-oculos-escuros\/b00a8209-1506623364\/\" data-orig-file=\"https:\/\/i0.wp.com\/agrund.com\/wp-content\/uploads\/sites\/6\/2017\/09\/b00a8209-1506623364-e1506689905441.jpg?fit=600%2C900&amp;ssl=1\" data-orig-size=\"600,900\" data-comments-opened=\"1\" data-image-meta=\"{&quot;aperture&quot;:&quot;0&quot;,&quot;credit&quot;:&quot;&quot;,&quot;camera&quot;:&quot;&quot;,&quot;caption&quot;:&quot;&quot;,&quot;created_timestamp&quot;:&quot;0&quot;,&quot;copyright&quot;:&quot;&quot;,&quot;focal_length&quot;:&quot;0&quot;,&quot;iso&quot;:&quot;0&quot;,&quot;shutter_speed&quot;:&quot;0&quot;,&quot;title&quot;:&quot;&quot;,&quot;orientation&quot;:&quot;0&quot;}\" data-image-title=\"Kylie Jenner lan\u00e7a nova cole\u00e7\u00e3o de \u00f3culos escuros\" data-image-description=\"\" data-image-caption=\"&lt;p&gt;Kylie Jenner lan\u00e7a nova cole\u00e7\u00e3o de \u00f3culos escuros&lt;\/p&gt;\n\" data-medium-file=\"https:\/\/i0.wp.com\/agrund.com\/wp-content\/uploads\/sites\/6\/2017\/09\/b00a8209-1506623364-e1506689905441.jpg?fit=200%2C300&amp;ssl=1\" data-large-file=\"https:\/\/i0.wp.com\/agrund.com\/wp-content\/uploads\/sites\/6\/2017\/09\/b00a8209-1506623364-e1506689905441.jpg?fit=683%2C1024&amp;ssl=1\" decoding=\"async\" loading=\"lazy\" class=\"size-full wp-image-173833\" src=\"https:\/\/i0.wp.com\/www.agrund.com\/wp-content\/uploads\/sites\/6\/2017\/09\/b00a8209-1506623364-e1506689905441.jpg?resize=600%2C900\" alt=\"\" width=\"600\" height=\"900\" data-recalc-dims=\"1\" \/><p id=\"caption-attachment-173833\" class=\"wp-caption-text\">Kylie Jenner lan\u00e7a nova cole\u00e7\u00e3o de \u00f3culos escuros<\/p><\/div>\n<div id=\"attachment_173834\" style=\"width: 610px\" class=\"wp-caption aligncenter\"><img aria-describedby=\"caption-attachment-173834\" data-attachment-id=\"173834\" data-permalink=\"https:\/\/agrund.com\/index.php\/kylie-jenner-lanca-nova-colecao-de-oculos-escuros\/b00a8620-1506623275\/\" data-orig-file=\"https:\/\/i0.wp.com\/agrund.com\/wp-content\/uploads\/sites\/6\/2017\/09\/b00a8620-1506623275-e1506689918367.jpg?fit=600%2C900&amp;ssl=1\" data-orig-size=\"600,900\" data-comments-opened=\"1\" data-image-meta=\"{&quot;aperture&quot;:&quot;0&quot;,&quot;credit&quot;:&quot;&quot;,&quot;camera&quot;:&quot;&quot;,&quot;caption&quot;:&quot;&quot;,&quot;created_timestamp&quot;:&quot;0&quot;,&quot;copyright&quot;:&quot;&quot;,&quot;focal_length&quot;:&quot;0&quot;,&quot;iso&quot;:&quot;0&quot;,&quot;shutter_speed&quot;:&quot;0&quot;,&quot;title&quot;:&quot;&quot;,&quot;orientation&quot;:&quot;0&quot;}\" data-image-title=\"Kylie Jenner lan\u00e7a nova cole\u00e7\u00e3o de \u00f3culos escuros\" data-image-description=\"\" data-image-caption=\"&lt;p&gt;Kylie Jenner lan\u00e7a nova cole\u00e7\u00e3o de \u00f3culos escuros&lt;\/p&gt;\n\" data-medium-file=\"https:\/\/i0.wp.com\/agrund.com\/wp-content\/uploads\/sites\/6\/2017\/09\/b00a8620-1506623275-e1506689918367.jpg?fit=200%2C300&amp;ssl=1\" data-large-file=\"https:\/\/i0.wp.com\/agrund.com\/wp-content\/uploads\/sites\/6\/2017\/09\/b00a8620-1506623275-e1506689918367.jpg?fit=683%2C1024&amp;ssl=1\" decoding=\"async\" loading=\"lazy\" class=\"size-full wp-image-173834\" src=\"https:\/\/i0.wp.com\/www.agrund.com\/wp-content\/uploads\/sites\/6\/2017\/09\/b00a8620-1506623275-e1506689918367.jpg?resize=600%2C900\" alt=\"\" width=\"600\" height=\"900\" data-recalc-dims=\"1\" \/><p id=\"caption-attachment-173834\" class=\"wp-caption-text\">Kylie Jenner lan\u00e7a nova cole\u00e7\u00e3o de \u00f3culos escuros<\/p><\/div>\n<p>Fotos: Reprodu\u00e7\u00e3o.<\/p>\n","protected":false},"excerpt":{"rendered":"<p>Voc\u00ea se lembra quando contamos AQUI sobre a cole\u00e7\u00e3o de \u00f3culos escuros de Kylie Jenner? A colabora\u00e7\u00e3o com a marca Quay Australia fez tanto sucesso que Kylie est\u00e1 de volta para mais uma parceria! A segunda cole\u00e7\u00e3o conta com duas inspira\u00e7\u00f5es: uma parte retr\u00f4 dos anos 90, com arma\u00e7\u00f5es brancas e lentes coloridas, e a [&hellip;]<\/p>\n","protected":false},"author":8,"featured_media":173836,"comment_status":"open","ping_status":"open","sticky":false,"template":"","format":"standard","meta":{"jetpack_post_was_ever_published":false,"_jetpack_newsletter_access":"","jetpack_publicize_message":"","jetpack_is_tweetstorm":false,"jetpack_publicize_feature_enabled":true,"jetpack_social_post_already_shared":true,"jetpack_social_options":{"image_generator_settings":{"template":"highway","enabled":false}}},"categories":[2],"tags":[],"jetpack_publicize_connections":[],"jetpack_featured_media_url":"https:\/\/i0.wp.com\/agrund.com\/wp-content\/uploads\/sites\/6\/2017\/09\/s-126.jpg?fit=960%2C300&ssl=1","jetpack_sharing_enabled":true,"jetpack_shortlink":"https:\/\/wp.me\/p3Hz0n-JdI","jetpack_likes_enabled":true,"_links":{"self":[{"href":"https:\/\/agrund.com\/index.php\/wp-json\/wp\/v2\/posts\/173830"}],"collection":[{"href":"https:\/\/agrund.com\/index.php\/wp-json\/wp\/v2\/posts"}],"about":[{"href":"https:\/\/agrund.com\/index.php\/wp-json\/wp\/v2\/types\/post"}],"author":[{"embeddable":true,"href":"https:\/\/agrund.com\/index.php\/wp-json\/wp\/v2\/users\/8"}],"replies":[{"embeddable":true,"href":"https:\/\/agrund.com\/index.php\/wp-json\/wp\/v2\/comments?post=173830"}],"version-history":[{"count":0,"href":"https:\/\/agrund.com\/index.php\/wp-json\/wp\/v2\/posts\/173830\/revisions"}],"wp:featuredmedia":[{"embeddable":true,"href":"https:\/\/agrund.com\/index.php\/wp-json\/wp\/v2\/media\/173836"}],"wp:attachment":[{"href":"https:\/\/agrund.com\/index.php\/wp-json\/wp\/v2\/media?parent=173830"}],"wp:term":[{"taxonomy":"category","embeddable":true,"href":"https:\/\/agrund.com\/index.php\/wp-json\/wp\/v2\/categories?post=173830"},{"taxonomy":"post_tag","embeddable":true,"href":"https:\/\/agrund.com\/index.php\/wp-json\/wp\/v2\/tags?post=173830"}],"curies":[{"name":"wp","href":"https:\/\/api.w.org\/{rel}","templated":true}]}}