{"id":173699,"date":"2017-09-27T17:00:38","date_gmt":"2017-09-27T20:00:38","guid":{"rendered":"http:\/\/www.agrund.com\/?p=173699"},"modified":"2017-09-27T15:46:21","modified_gmt":"2017-09-27T18:46:21","slug":"alicia-keys-e-stella-mccartney-em-campanha-contra-o-cancer-de-mama","status":"publish","type":"post","link":"https:\/\/agrund.com\/index.php\/alicia-keys-e-stella-mccartney-em-campanha-contra-o-cancer-de-mama\/","title":{"rendered":"Alicia Keys e Stella McCartney em campanha contra o c\u00e2ncer de mama"},"content":{"rendered":"<div id=\"attachment_173700\" style=\"width: 570px\" class=\"wp-caption aligncenter\"><img aria-describedby=\"caption-attachment-173700\" data-attachment-id=\"173700\" data-permalink=\"https:\/\/agrund.com\/index.php\/alicia-keys-e-stella-mccartney-em-campanha-contra-o-cancer-de-mama\/1-1098\/\" data-orig-file=\"https:\/\/i0.wp.com\/agrund.com\/wp-content\/uploads\/sites\/6\/2017\/09\/1-41-e1506537871515.jpg?fit=560%2C560&amp;ssl=1\" data-orig-size=\"560,560\" data-comments-opened=\"1\" data-image-meta=\"{&quot;aperture&quot;:&quot;0&quot;,&quot;credit&quot;:&quot;&quot;,&quot;camera&quot;:&quot;&quot;,&quot;caption&quot;:&quot;&quot;,&quot;created_timestamp&quot;:&quot;0&quot;,&quot;copyright&quot;:&quot;&quot;,&quot;focal_length&quot;:&quot;0&quot;,&quot;iso&quot;:&quot;0&quot;,&quot;shutter_speed&quot;:&quot;0&quot;,&quot;title&quot;:&quot;&quot;,&quot;orientation&quot;:&quot;0&quot;}\" data-image-title=\"Alicia Keys e Stella McCartney em campanha contra o c\u00e2ncer de mama\" data-image-description=\"\" data-image-caption=\"&lt;p&gt;Alicia Keys e Stella McCartney em campanha contra o c\u00e2ncer de mama &lt;\/p&gt;\n\" data-medium-file=\"https:\/\/i0.wp.com\/agrund.com\/wp-content\/uploads\/sites\/6\/2017\/09\/1-41-e1506537871515.jpg?fit=300%2C300&amp;ssl=1\" data-large-file=\"https:\/\/i0.wp.com\/agrund.com\/wp-content\/uploads\/sites\/6\/2017\/09\/1-41-e1506537871515.jpg?fit=560%2C560&amp;ssl=1\" decoding=\"async\" loading=\"lazy\" class=\"size-full wp-image-173700\" src=\"https:\/\/i0.wp.com\/www.agrund.com\/wp-content\/uploads\/sites\/6\/2017\/09\/1-41-e1506537871515.jpg?resize=560%2C560\" alt=\"\" width=\"560\" height=\"560\" data-recalc-dims=\"1\" \/><p id=\"caption-attachment-173700\" class=\"wp-caption-text\">Alicia Keys e Stella McCartney em campanha contra o c\u00e2ncer de mama<\/p><\/div>\n<p>Stella McCartney convidou Alicia Keys para estrelar a sua campanha anual do combate ao c\u00e2ncer de mama. Nos cliques, a cantora veste um suti\u00e3 rosa que faz parte da cole\u00e7\u00e3o desenvolvida especialmente para a a\u00e7\u00e3o.<\/p>\n<p>No v\u00eddeo da campanha, Stella conta que perdeu a m\u00e3e para esta doen\u00e7a h\u00e1 19 anos e que sua vontade de alertar as mulheres vem da\u00ed. Alicia, por sua vez, revelou que sua m\u00e3e \u00e9 uma sobrevivente do c\u00e2ncer de mama.<\/p>\n<p>Uma parte do dinheiro arrecadado com as vendas da cole\u00e7\u00e3o ser\u00e1 doada para ONGs que trabalham na conscientiza\u00e7\u00e3o das mulheres a respeito dos exames e da precau\u00e7\u00e3o que devem ter com o c\u00e2ncer de mama. Um grande projeto!<\/p>\n<div id=\"attachment_173701\" style=\"width: 570px\" class=\"wp-caption aligncenter\"><img aria-describedby=\"caption-attachment-173701\" data-attachment-id=\"173701\" data-permalink=\"https:\/\/agrund.com\/index.php\/alicia-keys-e-stella-mccartney-em-campanha-contra-o-cancer-de-mama\/2-1054\/\" data-orig-file=\"https:\/\/i0.wp.com\/agrund.com\/wp-content\/uploads\/sites\/6\/2017\/09\/2-41-e1506537891236.jpg?fit=560%2C840&amp;ssl=1\" data-orig-size=\"560,840\" data-comments-opened=\"1\" data-image-meta=\"{&quot;aperture&quot;:&quot;0&quot;,&quot;credit&quot;:&quot;&quot;,&quot;camera&quot;:&quot;&quot;,&quot;caption&quot;:&quot;&quot;,&quot;created_timestamp&quot;:&quot;0&quot;,&quot;copyright&quot;:&quot;&quot;,&quot;focal_length&quot;:&quot;0&quot;,&quot;iso&quot;:&quot;0&quot;,&quot;shutter_speed&quot;:&quot;0&quot;,&quot;title&quot;:&quot;&quot;,&quot;orientation&quot;:&quot;0&quot;}\" data-image-title=\"Alicia Keys e Stella McCartney em campanha contra o c\u00e2ncer de mama\" data-image-description=\"\" data-image-caption=\"&lt;p&gt;Alicia Keys e Stella McCartney em campanha contra o c\u00e2ncer de mama &lt;\/p&gt;\n\" data-medium-file=\"https:\/\/i0.wp.com\/agrund.com\/wp-content\/uploads\/sites\/6\/2017\/09\/2-41-e1506537891236.jpg?fit=200%2C300&amp;ssl=1\" data-large-file=\"https:\/\/i0.wp.com\/agrund.com\/wp-content\/uploads\/sites\/6\/2017\/09\/2-41-e1506537891236.jpg?fit=683%2C1024&amp;ssl=1\" decoding=\"async\" loading=\"lazy\" class=\"size-full wp-image-173701\" src=\"https:\/\/i0.wp.com\/www.agrund.com\/wp-content\/uploads\/sites\/6\/2017\/09\/2-41-e1506537891236.jpg?resize=560%2C840\" alt=\"\" width=\"560\" height=\"840\" data-recalc-dims=\"1\" \/><p id=\"caption-attachment-173701\" class=\"wp-caption-text\">Alicia Keys e Stella McCartney em campanha contra o c\u00e2ncer de mama<\/p><\/div>\n<span class=\"embed-youtube\" style=\"text-align:center; display: block;\"><iframe class=\"youtube-player\" width=\"560\" height=\"315\" src=\"https:\/\/www.youtube.com\/embed\/KFy0E4cG7Wc?version=3&#038;rel=1&#038;showsearch=0&#038;showinfo=1&#038;iv_load_policy=1&#038;fs=1&#038;hl=pt-BR&#038;autohide=2&#038;wmode=transparent\" allowfullscreen=\"true\" style=\"border:0;\" sandbox=\"allow-scripts allow-same-origin allow-popups allow-presentation\"><\/iframe><\/span>\n<p>Fotos e V\u00eddeo: Reprodu\u00e7\u00e3o.<\/p>\n","protected":false},"excerpt":{"rendered":"<p>Stella McCartney convidou Alicia Keys para estrelar a sua campanha anual do combate ao c\u00e2ncer de mama. Nos cliques, a cantora veste um suti\u00e3 rosa que faz parte da cole\u00e7\u00e3o desenvolvida especialmente para a a\u00e7\u00e3o. No v\u00eddeo da campanha, Stella conta que perdeu a m\u00e3e para esta doen\u00e7a h\u00e1 19 anos e que sua vontade [&hellip;]<\/p>\n","protected":false},"author":8,"featured_media":173702,"comment_status":"open","ping_status":"open","sticky":false,"template":"","format":"standard","meta":{"jetpack_post_was_ever_published":false,"_jetpack_newsletter_access":"","jetpack_publicize_message":"","jetpack_is_tweetstorm":false,"jetpack_publicize_feature_enabled":true,"jetpack_social_post_already_shared":true,"jetpack_social_options":{"image_generator_settings":{"template":"highway","enabled":false}}},"categories":[2],"tags":[],"jetpack_publicize_connections":[],"jetpack_featured_media_url":"https:\/\/i0.wp.com\/agrund.com\/wp-content\/uploads\/sites\/6\/2017\/09\/sss-2.jpg?fit=960%2C300&ssl=1","jetpack_sharing_enabled":true,"jetpack_shortlink":"https:\/\/wp.me\/p3Hz0n-JbB","jetpack_likes_enabled":true,"_links":{"self":[{"href":"https:\/\/agrund.com\/index.php\/wp-json\/wp\/v2\/posts\/173699"}],"collection":[{"href":"https:\/\/agrund.com\/index.php\/wp-json\/wp\/v2\/posts"}],"about":[{"href":"https:\/\/agrund.com\/index.php\/wp-json\/wp\/v2\/types\/post"}],"author":[{"embeddable":true,"href":"https:\/\/agrund.com\/index.php\/wp-json\/wp\/v2\/users\/8"}],"replies":[{"embeddable":true,"href":"https:\/\/agrund.com\/index.php\/wp-json\/wp\/v2\/comments?post=173699"}],"version-history":[{"count":0,"href":"https:\/\/agrund.com\/index.php\/wp-json\/wp\/v2\/posts\/173699\/revisions"}],"wp:featuredmedia":[{"embeddable":true,"href":"https:\/\/agrund.com\/index.php\/wp-json\/wp\/v2\/media\/173702"}],"wp:attachment":[{"href":"https:\/\/agrund.com\/index.php\/wp-json\/wp\/v2\/media?parent=173699"}],"wp:term":[{"taxonomy":"category","embeddable":true,"href":"https:\/\/agrund.com\/index.php\/wp-json\/wp\/v2\/categories?post=173699"},{"taxonomy":"post_tag","embeddable":true,"href":"https:\/\/agrund.com\/index.php\/wp-json\/wp\/v2\/tags?post=173699"}],"curies":[{"name":"wp","href":"https:\/\/api.w.org\/{rel}","templated":true}]}}