{"id":17355,"date":"2011-09-23T11:02:26","date_gmt":"2011-09-23T14:02:26","guid":{"rendered":"http:\/\/www.agrund.com\/blogs\/notas\/?p=17355"},"modified":"2011-09-23T11:02:26","modified_gmt":"2011-09-23T14:02:26","slug":"emily-blunt-e-o-novo-rosto-da-ysl-opium","status":"publish","type":"post","link":"https:\/\/agrund.com\/index.php\/emily-blunt-e-o-novo-rosto-da-ysl-opium\/","title":{"rendered":"Emily Blunt \u00e9 o novo rosto da YSL Opium"},"content":{"rendered":"<p>Emily Blunt foi nomeada o rosto da nova\u00a0fragr\u00e2ncia\u00a0da YSL , &#8221;Opium&#8221;.Em comunicado, Renaud de Lesquen disse que \u00e9 uma emo\u00e7\u00e3o ter Emily \u00a0como garota propaganda e que ela tem todo o encanto e \u00a0\u00e9 capaz de mostrar a hist\u00f3ria \u00a0do novo perfume. A campanha vai estrear em outubro e foi fotografada por Patrick Demarchelier.<\/p>\n<p>Curiosos?<\/p>\n<p style=\"text-align: center\"><img decoding=\"async\" loading=\"lazy\" class=\"aligncenter size-full wp-image-17356\" src=\"https:\/\/i0.wp.com\/www.agrund.com\/arquivo\/notas\/files\/2011\/09\/Emily-Blunt-001.jpg?resize=414%2C248\" alt=\"\" width=\"414\" height=\"248\" data-recalc-dims=\"1\" \/><\/p>\n<p>Foto: Divulga\u00e7\u00e3o<\/p>\n","protected":false},"excerpt":{"rendered":"<p>Emily Blunt foi nomeada o rosto da nova\u00a0fragr\u00e2ncia\u00a0da YSL , &#8221;Opium&#8221;.Em comunicado, Renaud de Lesquen disse que \u00e9 uma emo\u00e7\u00e3o ter Emily \u00a0como garota propaganda e que ela tem todo o encanto e \u00a0\u00e9 capaz de mostrar a hist\u00f3ria \u00a0do novo perfume. A campanha vai estrear em outubro e foi fotografada por Patrick Demarchelier. Curiosos? [&hellip;]<\/p>\n","protected":false},"author":8,"featured_media":17356,"comment_status":"open","ping_status":"open","sticky":false,"template":"","format":"standard","meta":{"jetpack_post_was_ever_published":false,"_jetpack_newsletter_access":"","jetpack_publicize_message":"","jetpack_is_tweetstorm":false,"jetpack_publicize_feature_enabled":true,"jetpack_social_post_already_shared":false,"jetpack_social_options":{"image_generator_settings":{"template":"highway","enabled":false}}},"categories":[2],"tags":[],"jetpack_publicize_connections":[],"jetpack_featured_media_url":"","jetpack_sharing_enabled":true,"jetpack_shortlink":"https:\/\/wp.me\/p3Hz0n-4vV","jetpack_likes_enabled":true,"_links":{"self":[{"href":"https:\/\/agrund.com\/index.php\/wp-json\/wp\/v2\/posts\/17355"}],"collection":[{"href":"https:\/\/agrund.com\/index.php\/wp-json\/wp\/v2\/posts"}],"about":[{"href":"https:\/\/agrund.com\/index.php\/wp-json\/wp\/v2\/types\/post"}],"author":[{"embeddable":true,"href":"https:\/\/agrund.com\/index.php\/wp-json\/wp\/v2\/users\/8"}],"replies":[{"embeddable":true,"href":"https:\/\/agrund.com\/index.php\/wp-json\/wp\/v2\/comments?post=17355"}],"version-history":[{"count":0,"href":"https:\/\/agrund.com\/index.php\/wp-json\/wp\/v2\/posts\/17355\/revisions"}],"wp:featuredmedia":[{"embeddable":true,"href":"https:\/\/agrund.com\/index.php\/wp-json\/"}],"wp:attachment":[{"href":"https:\/\/agrund.com\/index.php\/wp-json\/wp\/v2\/media?parent=17355"}],"wp:term":[{"taxonomy":"category","embeddable":true,"href":"https:\/\/agrund.com\/index.php\/wp-json\/wp\/v2\/categories?post=17355"},{"taxonomy":"post_tag","embeddable":true,"href":"https:\/\/agrund.com\/index.php\/wp-json\/wp\/v2\/tags?post=17355"}],"curies":[{"name":"wp","href":"https:\/\/api.w.org\/{rel}","templated":true}]}}