{"id":173525,"date":"2017-09-26T13:00:55","date_gmt":"2017-09-26T16:00:55","guid":{"rendered":"http:\/\/www.agrund.com\/?p=173525"},"modified":"2017-09-26T10:00:28","modified_gmt":"2017-09-26T13:00:28","slug":"o-nao-tao-novo-tenis-da-balenciaga","status":"publish","type":"post","link":"https:\/\/agrund.com\/index.php\/o-nao-tao-novo-tenis-da-balenciaga\/","title":{"rendered":"O &#8211; n\u00e3o t\u00e3o novo &#8211; t\u00eanis da Balenciaga"},"content":{"rendered":"<p>Se a \u00faltima grande tend\u00eancia dos t\u00eanis foram os modelos brancos, j\u00e1 \u00e9 hora de esquec\u00ea-los. Durante seu desfile masculino em janeiro, a Balenciaga apresentou um t\u00eanis que gerou pol\u00eamica.<\/p>\n<p>O modelo, chamado Triple S, une caracter\u00edsticas de tr\u00eas esportes &#8211; basquete, corrida e trilha &#8211; e n\u00e3o foi considerado dos mais bonitos. Isso porque ele \u00e9 colorido e pesado ao olhar, lembrando um t\u00eanis vintage, daqueles usados por nossos pais ou av\u00f3s.<\/p>\n<p>O importante \u00e9 que em doos dias de venda online o modelo j\u00e1 est\u00e1 esgotado. Sim! O Triple S custa US$ 850 e apesar de ser bem diferente das tend\u00eancias minimalistas que vem fazendo sucesso, ele conquistou os fashionistas. Voc\u00ea usaria?<\/p>\n<div id=\"attachment_173530\" style=\"width: 610px\" class=\"wp-caption aligncenter\"><img aria-describedby=\"caption-attachment-173530\" data-attachment-id=\"173530\" data-permalink=\"https:\/\/agrund.com\/index.php\/o-nao-tao-novo-tenis-da-balenciaga\/balenciaga-4-3\/\" data-orig-file=\"https:\/\/i0.wp.com\/agrund.com\/wp-content\/uploads\/sites\/6\/2017\/09\/balenciaga-4.jpg?fit=600%2C600&amp;ssl=1\" data-orig-size=\"600,600\" data-comments-opened=\"1\" data-image-meta=\"{&quot;aperture&quot;:&quot;0&quot;,&quot;credit&quot;:&quot;&quot;,&quot;camera&quot;:&quot;&quot;,&quot;caption&quot;:&quot;&quot;,&quot;created_timestamp&quot;:&quot;0&quot;,&quot;copyright&quot;:&quot;&quot;,&quot;focal_length&quot;:&quot;0&quot;,&quot;iso&quot;:&quot;0&quot;,&quot;shutter_speed&quot;:&quot;0&quot;,&quot;title&quot;:&quot;&quot;,&quot;orientation&quot;:&quot;1&quot;}\" data-image-title=\"O &#8211; n\u00e3o t\u00e3o novo &#8211; t\u00eanis da Balenciaga\" data-image-description=\"\" data-image-caption=\"&lt;p&gt;O &#8211; n\u00e3o t\u00e3o novo &#8211; t\u00eanis da Balenciaga&lt;\/p&gt;\n\" data-medium-file=\"https:\/\/i0.wp.com\/agrund.com\/wp-content\/uploads\/sites\/6\/2017\/09\/balenciaga-4.jpg?fit=300%2C300&amp;ssl=1\" data-large-file=\"https:\/\/i0.wp.com\/agrund.com\/wp-content\/uploads\/sites\/6\/2017\/09\/balenciaga-4.jpg?fit=600%2C600&amp;ssl=1\" decoding=\"async\" loading=\"lazy\" class=\"size-full wp-image-173530\" src=\"https:\/\/i0.wp.com\/www.agrund.com\/wp-content\/uploads\/sites\/6\/2017\/09\/balenciaga-4.jpg?resize=600%2C600\" alt=\"\" width=\"600\" height=\"600\" srcset=\"https:\/\/i0.wp.com\/agrund.com\/wp-content\/uploads\/sites\/6\/2017\/09\/balenciaga-4.jpg?w=600&amp;ssl=1 600w, https:\/\/i0.wp.com\/agrund.com\/wp-content\/uploads\/sites\/6\/2017\/09\/balenciaga-4.jpg?resize=150%2C150&amp;ssl=1 150w, https:\/\/i0.wp.com\/agrund.com\/wp-content\/uploads\/sites\/6\/2017\/09\/balenciaga-4.jpg?resize=300%2C300&amp;ssl=1 300w\" sizes=\"(max-width: 600px) 100vw, 600px\" data-recalc-dims=\"1\" \/><p id=\"caption-attachment-173530\" class=\"wp-caption-text\">O &#8211; n\u00e3o t\u00e3o novo &#8211; t\u00eanis da Balenciaga<\/p><\/div>\n<div id=\"attachment_173529\" style=\"width: 610px\" class=\"wp-caption aligncenter\"><img aria-describedby=\"caption-attachment-173529\" data-attachment-id=\"173529\" data-permalink=\"https:\/\/agrund.com\/index.php\/o-nao-tao-novo-tenis-da-balenciaga\/balenciaga-3-3\/\" data-orig-file=\"https:\/\/i0.wp.com\/agrund.com\/wp-content\/uploads\/sites\/6\/2017\/09\/balenciaga-3.jpg?fit=600%2C600&amp;ssl=1\" data-orig-size=\"600,600\" data-comments-opened=\"1\" data-image-meta=\"{&quot;aperture&quot;:&quot;0&quot;,&quot;credit&quot;:&quot;&quot;,&quot;camera&quot;:&quot;&quot;,&quot;caption&quot;:&quot;&quot;,&quot;created_timestamp&quot;:&quot;0&quot;,&quot;copyright&quot;:&quot;&quot;,&quot;focal_length&quot;:&quot;0&quot;,&quot;iso&quot;:&quot;0&quot;,&quot;shutter_speed&quot;:&quot;0&quot;,&quot;title&quot;:&quot;&quot;,&quot;orientation&quot;:&quot;1&quot;}\" data-image-title=\"O &#8211; n\u00e3o t\u00e3o novo &#8211; t\u00eanis da Balenciaga\" data-image-description=\"\" data-image-caption=\"&lt;p&gt;O &#8211; n\u00e3o t\u00e3o novo &#8211; t\u00eanis da Balenciaga&lt;\/p&gt;\n\" data-medium-file=\"https:\/\/i0.wp.com\/agrund.com\/wp-content\/uploads\/sites\/6\/2017\/09\/balenciaga-3.jpg?fit=300%2C300&amp;ssl=1\" data-large-file=\"https:\/\/i0.wp.com\/agrund.com\/wp-content\/uploads\/sites\/6\/2017\/09\/balenciaga-3.jpg?fit=600%2C600&amp;ssl=1\" decoding=\"async\" loading=\"lazy\" class=\"size-full wp-image-173529\" src=\"https:\/\/i0.wp.com\/www.agrund.com\/wp-content\/uploads\/sites\/6\/2017\/09\/balenciaga-3.jpg?resize=600%2C600\" alt=\"\" width=\"600\" height=\"600\" srcset=\"https:\/\/i0.wp.com\/agrund.com\/wp-content\/uploads\/sites\/6\/2017\/09\/balenciaga-3.jpg?w=600&amp;ssl=1 600w, https:\/\/i0.wp.com\/agrund.com\/wp-content\/uploads\/sites\/6\/2017\/09\/balenciaga-3.jpg?resize=150%2C150&amp;ssl=1 150w, https:\/\/i0.wp.com\/agrund.com\/wp-content\/uploads\/sites\/6\/2017\/09\/balenciaga-3.jpg?resize=300%2C300&amp;ssl=1 300w\" sizes=\"(max-width: 600px) 100vw, 600px\" data-recalc-dims=\"1\" \/><p id=\"caption-attachment-173529\" class=\"wp-caption-text\">O &#8211; n\u00e3o t\u00e3o novo &#8211; t\u00eanis da Balenciaga<\/p><\/div>\n<div id=\"attachment_173528\" style=\"width: 610px\" class=\"wp-caption aligncenter\"><img aria-describedby=\"caption-attachment-173528\" data-attachment-id=\"173528\" data-permalink=\"https:\/\/agrund.com\/index.php\/o-nao-tao-novo-tenis-da-balenciaga\/balenciaga-2-3\/\" data-orig-file=\"https:\/\/i0.wp.com\/agrund.com\/wp-content\/uploads\/sites\/6\/2017\/09\/balenciaga-2.jpg?fit=600%2C600&amp;ssl=1\" data-orig-size=\"600,600\" data-comments-opened=\"1\" data-image-meta=\"{&quot;aperture&quot;:&quot;0&quot;,&quot;credit&quot;:&quot;&quot;,&quot;camera&quot;:&quot;&quot;,&quot;caption&quot;:&quot;&quot;,&quot;created_timestamp&quot;:&quot;0&quot;,&quot;copyright&quot;:&quot;&quot;,&quot;focal_length&quot;:&quot;0&quot;,&quot;iso&quot;:&quot;0&quot;,&quot;shutter_speed&quot;:&quot;0&quot;,&quot;title&quot;:&quot;&quot;,&quot;orientation&quot;:&quot;1&quot;}\" data-image-title=\"O &#8211; n\u00e3o t\u00e3o novo &#8211; t\u00eanis da Balenciaga\" data-image-description=\"\" data-image-caption=\"&lt;p&gt;O &#8211; n\u00e3o t\u00e3o novo &#8211; t\u00eanis da Balenciaga&lt;\/p&gt;\n\" data-medium-file=\"https:\/\/i0.wp.com\/agrund.com\/wp-content\/uploads\/sites\/6\/2017\/09\/balenciaga-2.jpg?fit=300%2C300&amp;ssl=1\" data-large-file=\"https:\/\/i0.wp.com\/agrund.com\/wp-content\/uploads\/sites\/6\/2017\/09\/balenciaga-2.jpg?fit=600%2C600&amp;ssl=1\" decoding=\"async\" loading=\"lazy\" class=\"size-full wp-image-173528\" src=\"https:\/\/i0.wp.com\/www.agrund.com\/wp-content\/uploads\/sites\/6\/2017\/09\/balenciaga-2.jpg?resize=600%2C600\" alt=\"\" width=\"600\" height=\"600\" srcset=\"https:\/\/i0.wp.com\/agrund.com\/wp-content\/uploads\/sites\/6\/2017\/09\/balenciaga-2.jpg?w=600&amp;ssl=1 600w, https:\/\/i0.wp.com\/agrund.com\/wp-content\/uploads\/sites\/6\/2017\/09\/balenciaga-2.jpg?resize=150%2C150&amp;ssl=1 150w, https:\/\/i0.wp.com\/agrund.com\/wp-content\/uploads\/sites\/6\/2017\/09\/balenciaga-2.jpg?resize=300%2C300&amp;ssl=1 300w\" sizes=\"(max-width: 600px) 100vw, 600px\" data-recalc-dims=\"1\" \/><p id=\"caption-attachment-173528\" class=\"wp-caption-text\">O &#8211; n\u00e3o t\u00e3o novo &#8211; t\u00eanis da Balenciaga<\/p><\/div>\n<div id=\"attachment_173527\" style=\"width: 610px\" class=\"wp-caption aligncenter\"><img aria-describedby=\"caption-attachment-173527\" data-attachment-id=\"173527\" data-permalink=\"https:\/\/agrund.com\/index.php\/o-nao-tao-novo-tenis-da-balenciaga\/balenciaga-1-3\/\" data-orig-file=\"https:\/\/i0.wp.com\/agrund.com\/wp-content\/uploads\/sites\/6\/2017\/09\/balenciaga-1.jpg?fit=600%2C600&amp;ssl=1\" data-orig-size=\"600,600\" data-comments-opened=\"1\" data-image-meta=\"{&quot;aperture&quot;:&quot;0&quot;,&quot;credit&quot;:&quot;&quot;,&quot;camera&quot;:&quot;&quot;,&quot;caption&quot;:&quot;&quot;,&quot;created_timestamp&quot;:&quot;0&quot;,&quot;copyright&quot;:&quot;&quot;,&quot;focal_length&quot;:&quot;0&quot;,&quot;iso&quot;:&quot;0&quot;,&quot;shutter_speed&quot;:&quot;0&quot;,&quot;title&quot;:&quot;&quot;,&quot;orientation&quot;:&quot;1&quot;}\" data-image-title=\"O &#8211; n\u00e3o t\u00e3o novo &#8211; t\u00eanis da Balenciaga\" data-image-description=\"\" data-image-caption=\"&lt;p&gt;O &#8211; n\u00e3o t\u00e3o novo &#8211; t\u00eanis da Balenciaga&lt;\/p&gt;\n\" data-medium-file=\"https:\/\/i0.wp.com\/agrund.com\/wp-content\/uploads\/sites\/6\/2017\/09\/balenciaga-1.jpg?fit=300%2C300&amp;ssl=1\" data-large-file=\"https:\/\/i0.wp.com\/agrund.com\/wp-content\/uploads\/sites\/6\/2017\/09\/balenciaga-1.jpg?fit=600%2C600&amp;ssl=1\" decoding=\"async\" loading=\"lazy\" class=\"size-full wp-image-173527\" src=\"https:\/\/i0.wp.com\/www.agrund.com\/wp-content\/uploads\/sites\/6\/2017\/09\/balenciaga-1.jpg?resize=600%2C600\" alt=\"\" width=\"600\" height=\"600\" srcset=\"https:\/\/i0.wp.com\/agrund.com\/wp-content\/uploads\/sites\/6\/2017\/09\/balenciaga-1.jpg?w=600&amp;ssl=1 600w, https:\/\/i0.wp.com\/agrund.com\/wp-content\/uploads\/sites\/6\/2017\/09\/balenciaga-1.jpg?resize=150%2C150&amp;ssl=1 150w, https:\/\/i0.wp.com\/agrund.com\/wp-content\/uploads\/sites\/6\/2017\/09\/balenciaga-1.jpg?resize=300%2C300&amp;ssl=1 300w\" sizes=\"(max-width: 600px) 100vw, 600px\" data-recalc-dims=\"1\" \/><p id=\"caption-attachment-173527\" class=\"wp-caption-text\">O &#8211; n\u00e3o t\u00e3o novo &#8211; t\u00eanis da Balenciaga<\/p><\/div>\n<p>Fotos: Reprodu\u00e7\u00e3o.<\/p>\n<p>&nbsp;<\/p>\n<p>&nbsp;<\/p>\n","protected":false},"excerpt":{"rendered":"<p>Se a \u00faltima grande tend\u00eancia dos t\u00eanis foram os modelos brancos, j\u00e1 \u00e9 hora de esquec\u00ea-los. Durante seu desfile masculino em janeiro, a Balenciaga apresentou um t\u00eanis que gerou pol\u00eamica. O modelo, chamado Triple S, une caracter\u00edsticas de tr\u00eas esportes &#8211; basquete, corrida e trilha &#8211; e n\u00e3o foi considerado dos mais bonitos. Isso porque [&hellip;]<\/p>\n","protected":false},"author":8,"featured_media":173531,"comment_status":"open","ping_status":"open","sticky":false,"template":"","format":"standard","meta":{"jetpack_post_was_ever_published":false,"_jetpack_newsletter_access":"","jetpack_publicize_message":"","jetpack_is_tweetstorm":false,"jetpack_publicize_feature_enabled":true,"jetpack_social_post_already_shared":true,"jetpack_social_options":{"image_generator_settings":{"template":"highway","enabled":false}}},"categories":[2],"tags":[],"jetpack_publicize_connections":[],"jetpack_featured_media_url":"https:\/\/i0.wp.com\/agrund.com\/wp-content\/uploads\/sites\/6\/2017\/09\/s-103.jpg?fit=960%2C300&ssl=1","jetpack_sharing_enabled":true,"jetpack_shortlink":"https:\/\/wp.me\/p3Hz0n-J8N","jetpack_likes_enabled":true,"_links":{"self":[{"href":"https:\/\/agrund.com\/index.php\/wp-json\/wp\/v2\/posts\/173525"}],"collection":[{"href":"https:\/\/agrund.com\/index.php\/wp-json\/wp\/v2\/posts"}],"about":[{"href":"https:\/\/agrund.com\/index.php\/wp-json\/wp\/v2\/types\/post"}],"author":[{"embeddable":true,"href":"https:\/\/agrund.com\/index.php\/wp-json\/wp\/v2\/users\/8"}],"replies":[{"embeddable":true,"href":"https:\/\/agrund.com\/index.php\/wp-json\/wp\/v2\/comments?post=173525"}],"version-history":[{"count":0,"href":"https:\/\/agrund.com\/index.php\/wp-json\/wp\/v2\/posts\/173525\/revisions"}],"wp:featuredmedia":[{"embeddable":true,"href":"https:\/\/agrund.com\/index.php\/wp-json\/wp\/v2\/media\/173531"}],"wp:attachment":[{"href":"https:\/\/agrund.com\/index.php\/wp-json\/wp\/v2\/media?parent=173525"}],"wp:term":[{"taxonomy":"category","embeddable":true,"href":"https:\/\/agrund.com\/index.php\/wp-json\/wp\/v2\/categories?post=173525"},{"taxonomy":"post_tag","embeddable":true,"href":"https:\/\/agrund.com\/index.php\/wp-json\/wp\/v2\/tags?post=173525"}],"curies":[{"name":"wp","href":"https:\/\/api.w.org\/{rel}","templated":true}]}}