{"id":173520,"date":"2017-09-26T15:00:14","date_gmt":"2017-09-26T18:00:14","guid":{"rendered":"http:\/\/www.agrund.com\/?p=173520"},"modified":"2017-09-26T09:00:03","modified_gmt":"2017-09-26T12:00:03","slug":"sabrina-e-ivete-adaptam-looks-do-spfw-para-a-vida-real","status":"publish","type":"post","link":"https:\/\/agrund.com\/index.php\/sabrina-e-ivete-adaptam-looks-do-spfw-para-a-vida-real\/","title":{"rendered":"Sabrina e Ivete adaptam looks do SPFW para a vida real"},"content":{"rendered":"<p>Muita gente n\u00e3o entende por qu\u00ea alguns estilistas criam look de passarela dif\u00edcil de usar na vida real. Trata-se do styling do desfile, para mostrar algumas tend\u00eancias ou para dar mais efeito no momento. Sobreposi\u00e7\u00f5es e combina\u00e7\u00f5es estranhas ao p\u00fablico s\u00e3o recorrentes nas semanas de moda, inclusive no SPFW.<\/p>\n<p>A partir do que foi mostrado, \u00e9 poss\u00edvel, em alguns casos, desconstruir as produ\u00e7\u00f5es, misturar com outros acess\u00f3rios, tirar alguns excessos, cobrir algumas transpar\u00eancias e pronto. Tudo perfeito para usar no dia a dia ou em eventos. E foi exatamente isso que fizeram Sabrina Sato e Ivete Sangalo com looks desfilados pela grife \u00c0 La Gar\u00e7onne.<\/p>\n<p><strong>Sabrina Sato<\/strong><\/p>\n<p>Sabrina usou em Portugal vestido de R$ 5490, composto por saia ampla, com estampas de flores e top de renda vermelha. No desfile, foi usado com cal\u00e7a jeans e jaqueta de moletom, em sobreposi\u00e7\u00e3o. A apresentadora deixou o look mais clean, apostando apenas no vestido, eliminando tamb\u00e9m t\u00eanis e pochete (veja mais detalhes <a href=\"http:\/\/www.elasnotapetevermelho.com.br\/portal\/sabrina-sato-adapta-look-de-passarela-para-a-vida-real\/\">AQUI<\/a>).<\/p>\n<div id=\"attachment_173522\" style=\"width: 610px\" class=\"wp-caption aligncenter\"><img aria-describedby=\"caption-attachment-173522\" data-attachment-id=\"173522\" data-permalink=\"https:\/\/agrund.com\/index.php\/sabrina-e-ivete-adaptam-looks-do-spfw-para-a-vida-real\/sabrina_sato_alagarconne_spfw_leo_franco1_\/\" data-orig-file=\"https:\/\/i0.wp.com\/agrund.com\/wp-content\/uploads\/sites\/6\/2017\/09\/sabrina_sato_alagarconne_spfw_leo_franco1_-e1506427073741.jpg?fit=600%2C494&amp;ssl=1\" data-orig-size=\"600,494\" data-comments-opened=\"1\" data-image-meta=\"{&quot;aperture&quot;:&quot;0&quot;,&quot;credit&quot;:&quot;&quot;,&quot;camera&quot;:&quot;&quot;,&quot;caption&quot;:&quot;&quot;,&quot;created_timestamp&quot;:&quot;0&quot;,&quot;copyright&quot;:&quot;&quot;,&quot;focal_length&quot;:&quot;0&quot;,&quot;iso&quot;:&quot;0&quot;,&quot;shutter_speed&quot;:&quot;0&quot;,&quot;title&quot;:&quot;&quot;,&quot;orientation&quot;:&quot;0&quot;}\" data-image-title=\"Sabrina e Ivete adaptam looks do SPFW para a vida real\" data-image-description=\"\" data-image-caption=\"&lt;p&gt;Sabrina e Ivete adaptam looks do SPFW para a vida real&lt;\/p&gt;\n\" data-medium-file=\"https:\/\/i0.wp.com\/agrund.com\/wp-content\/uploads\/sites\/6\/2017\/09\/sabrina_sato_alagarconne_spfw_leo_franco1_-e1506427073741.jpg?fit=300%2C247&amp;ssl=1\" data-large-file=\"https:\/\/i0.wp.com\/agrund.com\/wp-content\/uploads\/sites\/6\/2017\/09\/sabrina_sato_alagarconne_spfw_leo_franco1_-e1506427073741.jpg?fit=600%2C494&amp;ssl=1\" decoding=\"async\" loading=\"lazy\" class=\"size-full wp-image-173522\" src=\"https:\/\/i0.wp.com\/www.agrund.com\/wp-content\/uploads\/sites\/6\/2017\/09\/sabrina_sato_alagarconne_spfw_leo_franco1_-e1506427073741.jpg?resize=600%2C494\" alt=\"\" width=\"600\" height=\"494\" data-recalc-dims=\"1\" \/><p id=\"caption-attachment-173522\" class=\"wp-caption-text\">Sabrina e Ivete adaptam looks do SPFW para a vida real<\/p><\/div>\n<p>&nbsp;<\/p>\n<p><strong>Ivete Sangalo<\/strong><\/p>\n<p>Ivete Sangalo usou vestido preto de renda, tamb\u00e9m desfilado no \u00faltimo SPFW. Como est\u00e1 gr\u00e1vida, a grife fez algumas adapta\u00e7\u00f5es para a cantora. Na passarela, a transpar\u00eancia era mais expl\u00edcita. No programa da Globo, a cantora apostou em body por baixo e meia fina. (veja mais detalhes <a href=\"http:\/\/www.elasnotapetevermelho.com.br\/portal\/the-voice-ivete-sangalo-investe-em-grifes-nacionais\/\">AQUI<\/a>).<\/p>\n<div id=\"attachment_173521\" style=\"width: 610px\" class=\"wp-caption aligncenter\"><img aria-describedby=\"caption-attachment-173521\" data-attachment-id=\"173521\" data-permalink=\"https:\/\/agrund.com\/index.php\/sabrina-e-ivete-adaptam-looks-do-spfw-para-a-vida-real\/ivete_a_la_garc%cc%a7onne\/\" data-orig-file=\"https:\/\/i0.wp.com\/agrund.com\/wp-content\/uploads\/sites\/6\/2017\/09\/ivete_a_la_garc\u0327onne-e1506427091192.jpg?fit=600%2C525&amp;ssl=1\" data-orig-size=\"600,525\" data-comments-opened=\"1\" data-image-meta=\"{&quot;aperture&quot;:&quot;0&quot;,&quot;credit&quot;:&quot;&quot;,&quot;camera&quot;:&quot;&quot;,&quot;caption&quot;:&quot;&quot;,&quot;created_timestamp&quot;:&quot;0&quot;,&quot;copyright&quot;:&quot;&quot;,&quot;focal_length&quot;:&quot;0&quot;,&quot;iso&quot;:&quot;0&quot;,&quot;shutter_speed&quot;:&quot;0&quot;,&quot;title&quot;:&quot;&quot;,&quot;orientation&quot;:&quot;0&quot;}\" data-image-title=\"Sabrina e Ivete adaptam looks do SPFW para a vida real\" data-image-description=\"\" data-image-caption=\"&lt;p&gt;Sabrina e Ivete adaptam looks do SPFW para a vida real&lt;\/p&gt;\n\" data-medium-file=\"https:\/\/i0.wp.com\/agrund.com\/wp-content\/uploads\/sites\/6\/2017\/09\/ivete_a_la_garc\u0327onne-e1506427091192.jpg?fit=300%2C262&amp;ssl=1\" data-large-file=\"https:\/\/i0.wp.com\/agrund.com\/wp-content\/uploads\/sites\/6\/2017\/09\/ivete_a_la_garc\u0327onne-e1506427091192.jpg?fit=600%2C525&amp;ssl=1\" decoding=\"async\" loading=\"lazy\" class=\"size-full wp-image-173521\" src=\"https:\/\/i0.wp.com\/www.agrund.com\/wp-content\/uploads\/sites\/6\/2017\/09\/ivete_a_la_garc\u0327onne-e1506427091192.jpg?resize=600%2C525\" alt=\"\" width=\"600\" height=\"525\" data-recalc-dims=\"1\" \/><p id=\"caption-attachment-173521\" class=\"wp-caption-text\">Sabrina e Ivete adaptam looks do SPFW para a vida real<\/p><\/div>\n<p>Fotos: Reprodu\u00e7\u00e3o.<\/p>\n","protected":false},"excerpt":{"rendered":"<p>Muita gente n\u00e3o entende por qu\u00ea alguns estilistas criam look de passarela dif\u00edcil de usar na vida real. Trata-se do styling do desfile, para mostrar algumas tend\u00eancias ou para dar mais efeito no momento. Sobreposi\u00e7\u00f5es e combina\u00e7\u00f5es estranhas ao p\u00fablico s\u00e3o recorrentes nas semanas de moda, inclusive no SPFW. A partir do que foi mostrado, [&hellip;]<\/p>\n","protected":false},"author":8,"featured_media":173523,"comment_status":"open","ping_status":"open","sticky":false,"template":"","format":"standard","meta":{"jetpack_post_was_ever_published":false,"_jetpack_newsletter_access":"","jetpack_publicize_message":"","jetpack_is_tweetstorm":false,"jetpack_publicize_feature_enabled":true,"jetpack_social_post_already_shared":true,"jetpack_social_options":{"image_generator_settings":{"template":"highway","enabled":false}}},"categories":[2],"tags":[],"jetpack_publicize_connections":[],"jetpack_featured_media_url":"https:\/\/i0.wp.com\/agrund.com\/wp-content\/uploads\/sites\/6\/2017\/09\/s-102.jpg?fit=960%2C300&ssl=1","jetpack_sharing_enabled":true,"jetpack_shortlink":"https:\/\/wp.me\/p3Hz0n-J8I","jetpack_likes_enabled":true,"_links":{"self":[{"href":"https:\/\/agrund.com\/index.php\/wp-json\/wp\/v2\/posts\/173520"}],"collection":[{"href":"https:\/\/agrund.com\/index.php\/wp-json\/wp\/v2\/posts"}],"about":[{"href":"https:\/\/agrund.com\/index.php\/wp-json\/wp\/v2\/types\/post"}],"author":[{"embeddable":true,"href":"https:\/\/agrund.com\/index.php\/wp-json\/wp\/v2\/users\/8"}],"replies":[{"embeddable":true,"href":"https:\/\/agrund.com\/index.php\/wp-json\/wp\/v2\/comments?post=173520"}],"version-history":[{"count":0,"href":"https:\/\/agrund.com\/index.php\/wp-json\/wp\/v2\/posts\/173520\/revisions"}],"wp:featuredmedia":[{"embeddable":true,"href":"https:\/\/agrund.com\/index.php\/wp-json\/wp\/v2\/media\/173523"}],"wp:attachment":[{"href":"https:\/\/agrund.com\/index.php\/wp-json\/wp\/v2\/media?parent=173520"}],"wp:term":[{"taxonomy":"category","embeddable":true,"href":"https:\/\/agrund.com\/index.php\/wp-json\/wp\/v2\/categories?post=173520"},{"taxonomy":"post_tag","embeddable":true,"href":"https:\/\/agrund.com\/index.php\/wp-json\/wp\/v2\/tags?post=173520"}],"curies":[{"name":"wp","href":"https:\/\/api.w.org\/{rel}","templated":true}]}}