{"id":173511,"date":"2017-09-26T11:00:52","date_gmt":"2017-09-26T14:00:52","guid":{"rendered":"http:\/\/www.agrund.com\/?p=173511"},"modified":"2017-09-26T08:37:39","modified_gmt":"2017-09-26T11:37:39","slug":"as-supermodels-dos-anos-90-na-passarela-da-versace","status":"publish","type":"post","link":"https:\/\/agrund.com\/index.php\/as-supermodels-dos-anos-90-na-passarela-da-versace\/","title":{"rendered":"As supermodels dos anos 90 na passarela da Versace"},"content":{"rendered":"<p>Na \u00faltima sexta-feira (22), a Versace surpreendeu todos n\u00f3s com um desfile pra l\u00e1 de especial durante a Semana de Moda de Mil\u00e3o. Depois da fila final, a cortina branca, que servia de fundo do desfile, se abriu e revelou cinco das maiores supermodels dos anos 90.<\/p>\n<p>Carla Bruni, Claudia Schiffer, Naomi Campbell, Cindy Crawford e Helena Christensen estavam em cima de um p\u00f3dio, vestindo vers\u00f5es diferentes do vestido de \u201cmetal-mesh\u201d, inventado por Gianni Versace. Confira:<\/p>\n<div id=\"attachment_173512\" style=\"width: 610px\" class=\"wp-caption aligncenter\"><img aria-describedby=\"caption-attachment-173512\" data-attachment-id=\"173512\" data-permalink=\"https:\/\/agrund.com\/index.php\/as-supermodels-dos-anos-90-na-passarela-da-versace\/1-1088\/\" data-orig-file=\"https:\/\/i0.wp.com\/agrund.com\/wp-content\/uploads\/sites\/6\/2017\/09\/1-31-e1506425826331.jpg?fit=600%2C400&amp;ssl=1\" data-orig-size=\"600,400\" data-comments-opened=\"1\" data-image-meta=\"{&quot;aperture&quot;:&quot;0&quot;,&quot;credit&quot;:&quot;&quot;,&quot;camera&quot;:&quot;&quot;,&quot;caption&quot;:&quot;&quot;,&quot;created_timestamp&quot;:&quot;0&quot;,&quot;copyright&quot;:&quot;&quot;,&quot;focal_length&quot;:&quot;0&quot;,&quot;iso&quot;:&quot;0&quot;,&quot;shutter_speed&quot;:&quot;0&quot;,&quot;title&quot;:&quot;&quot;,&quot;orientation&quot;:&quot;0&quot;}\" data-image-title=\"As supermodels dos anos 90 na passarela da Versace\" data-image-description=\"\" data-image-caption=\"&lt;p&gt;As supermodels dos anos 90 na passarela da Versace&lt;\/p&gt;\n\" data-medium-file=\"https:\/\/i0.wp.com\/agrund.com\/wp-content\/uploads\/sites\/6\/2017\/09\/1-31-e1506425826331.jpg?fit=300%2C200&amp;ssl=1\" data-large-file=\"https:\/\/i0.wp.com\/agrund.com\/wp-content\/uploads\/sites\/6\/2017\/09\/1-31-e1506425826331.jpg?fit=600%2C400&amp;ssl=1\" decoding=\"async\" loading=\"lazy\" class=\"size-full wp-image-173512\" src=\"https:\/\/i0.wp.com\/www.agrund.com\/wp-content\/uploads\/sites\/6\/2017\/09\/1-31-e1506425826331.jpg?resize=600%2C400\" alt=\"\" width=\"600\" height=\"400\" data-recalc-dims=\"1\" \/><p id=\"caption-attachment-173512\" class=\"wp-caption-text\">As supermodels dos anos 90 na passarela da Versace<\/p><\/div>\n<div id=\"attachment_173513\" style=\"width: 610px\" class=\"wp-caption aligncenter\"><img aria-describedby=\"caption-attachment-173513\" data-attachment-id=\"173513\" data-permalink=\"https:\/\/agrund.com\/index.php\/as-supermodels-dos-anos-90-na-passarela-da-versace\/2-1044\/\" data-orig-file=\"https:\/\/i0.wp.com\/agrund.com\/wp-content\/uploads\/sites\/6\/2017\/09\/2-31-e1506425838382.jpg?fit=600%2C399&amp;ssl=1\" data-orig-size=\"600,399\" data-comments-opened=\"1\" data-image-meta=\"{&quot;aperture&quot;:&quot;0&quot;,&quot;credit&quot;:&quot;&quot;,&quot;camera&quot;:&quot;&quot;,&quot;caption&quot;:&quot;&quot;,&quot;created_timestamp&quot;:&quot;0&quot;,&quot;copyright&quot;:&quot;&quot;,&quot;focal_length&quot;:&quot;0&quot;,&quot;iso&quot;:&quot;0&quot;,&quot;shutter_speed&quot;:&quot;0&quot;,&quot;title&quot;:&quot;&quot;,&quot;orientation&quot;:&quot;0&quot;}\" data-image-title=\"As supermodels dos anos 90 na passarela da Versace\" data-image-description=\"\" data-image-caption=\"&lt;p&gt;As supermodels dos anos 90 na passarela da Versace&lt;\/p&gt;\n\" data-medium-file=\"https:\/\/i0.wp.com\/agrund.com\/wp-content\/uploads\/sites\/6\/2017\/09\/2-31-e1506425838382.jpg?fit=300%2C200&amp;ssl=1\" data-large-file=\"https:\/\/i0.wp.com\/agrund.com\/wp-content\/uploads\/sites\/6\/2017\/09\/2-31-e1506425838382.jpg?fit=1024%2C682&amp;ssl=1\" decoding=\"async\" loading=\"lazy\" class=\"size-full wp-image-173513\" src=\"https:\/\/i0.wp.com\/www.agrund.com\/wp-content\/uploads\/sites\/6\/2017\/09\/2-31-e1506425838382.jpg?resize=600%2C399\" alt=\"\" width=\"600\" height=\"399\" data-recalc-dims=\"1\" \/><p id=\"caption-attachment-173513\" class=\"wp-caption-text\">As supermodels dos anos 90 na passarela da Versace<\/p><\/div>\n<p>Fotos: Reprodu\u00e7\u00e3o.<\/p>\n","protected":false},"excerpt":{"rendered":"<p>Na \u00faltima sexta-feira (22), a Versace surpreendeu todos n\u00f3s com um desfile pra l\u00e1 de especial durante a Semana de Moda de Mil\u00e3o. Depois da fila final, a cortina branca, que servia de fundo do desfile, se abriu e revelou cinco das maiores supermodels dos anos 90. Carla Bruni, Claudia Schiffer, Naomi Campbell, Cindy Crawford [&hellip;]<\/p>\n","protected":false},"author":8,"featured_media":173514,"comment_status":"open","ping_status":"open","sticky":false,"template":"","format":"standard","meta":{"jetpack_post_was_ever_published":false,"_jetpack_newsletter_access":"","jetpack_publicize_message":"","jetpack_is_tweetstorm":false,"jetpack_publicize_feature_enabled":true,"jetpack_social_post_already_shared":true,"jetpack_social_options":{"image_generator_settings":{"template":"highway","enabled":false}}},"categories":[2],"tags":[],"jetpack_publicize_connections":[],"jetpack_featured_media_url":"https:\/\/i0.wp.com\/agrund.com\/wp-content\/uploads\/sites\/6\/2017\/09\/s-100.jpg?fit=960%2C300&ssl=1","jetpack_sharing_enabled":true,"jetpack_shortlink":"https:\/\/wp.me\/p3Hz0n-J8z","jetpack_likes_enabled":true,"_links":{"self":[{"href":"https:\/\/agrund.com\/index.php\/wp-json\/wp\/v2\/posts\/173511"}],"collection":[{"href":"https:\/\/agrund.com\/index.php\/wp-json\/wp\/v2\/posts"}],"about":[{"href":"https:\/\/agrund.com\/index.php\/wp-json\/wp\/v2\/types\/post"}],"author":[{"embeddable":true,"href":"https:\/\/agrund.com\/index.php\/wp-json\/wp\/v2\/users\/8"}],"replies":[{"embeddable":true,"href":"https:\/\/agrund.com\/index.php\/wp-json\/wp\/v2\/comments?post=173511"}],"version-history":[{"count":0,"href":"https:\/\/agrund.com\/index.php\/wp-json\/wp\/v2\/posts\/173511\/revisions"}],"wp:featuredmedia":[{"embeddable":true,"href":"https:\/\/agrund.com\/index.php\/wp-json\/wp\/v2\/media\/173514"}],"wp:attachment":[{"href":"https:\/\/agrund.com\/index.php\/wp-json\/wp\/v2\/media?parent=173511"}],"wp:term":[{"taxonomy":"category","embeddable":true,"href":"https:\/\/agrund.com\/index.php\/wp-json\/wp\/v2\/categories?post=173511"},{"taxonomy":"post_tag","embeddable":true,"href":"https:\/\/agrund.com\/index.php\/wp-json\/wp\/v2\/tags?post=173511"}],"curies":[{"name":"wp","href":"https:\/\/api.w.org\/{rel}","templated":true}]}}