{"id":17318,"date":"2011-09-22T20:06:49","date_gmt":"2011-09-22T23:06:49","guid":{"rendered":"http:\/\/www.agrund.com\/blogs\/notas\/?p=17318"},"modified":"2011-09-22T20:06:49","modified_gmt":"2011-09-22T23:06:49","slug":"figurino-rock-in-rio","status":"publish","type":"post","link":"https:\/\/agrund.com\/index.php\/figurino-rock-in-rio\/","title":{"rendered":"Figurino Rock In Rio"},"content":{"rendered":"<p style=\"text-align: right\">Por Adriana Porto, do Rio de Janeiro.<\/p>\n<p style=\"text-align: left\">O Rock in Rio amanh\u00e3\u00a0 e muitas mocinhas devem estar na d\u00favida do que vestir no festival, n\u00e3o \u00e9?! N\u00e3o seja por isso, corra para My Philosophy e monte seu look. As meninas descoladas da marca est\u00e3o ajudando as indecisas na escolha do que vestir. Abaixo, um estilo rocker e outro hype, mas se voc\u00ea n\u00e3o se identifica com nenhum dos dois estilos, com certeza encontrar\u00e1 muitas outras op\u00e7\u00f5es. N\u00e3o esque\u00e7am que s\u00e3o 14 horas de m\u00fasica por dia e voc\u00ea, al\u00e9m de linda, vai precisar estar confort\u00e1vel. Arrase e divirta-se!<\/p>\n<p style=\"text-align: center\"><img decoding=\"async\" loading=\"lazy\" class=\"aligncenter size-full wp-image-17319\" src=\"https:\/\/i0.wp.com\/www.agrund.com\/arquivo\/notas\/files\/2011\/09\/222.jpg?resize=367%2C367\" alt=\"\" width=\"367\" height=\"367\" data-recalc-dims=\"1\" \/><\/p>\n<p style=\"text-align: center\"><img decoding=\"async\" loading=\"lazy\" class=\"aligncenter size-full wp-image-17320\" src=\"https:\/\/i0.wp.com\/www.agrund.com\/arquivo\/notas\/files\/2011\/09\/314.jpg?resize=367%2C367\" alt=\"\" width=\"367\" height=\"367\" data-recalc-dims=\"1\" \/><\/p>\n<p style=\"text-align: center\"><img decoding=\"async\" loading=\"lazy\" class=\"aligncenter size-full wp-image-17321\" src=\"https:\/\/i0.wp.com\/www.agrund.com\/arquivo\/notas\/files\/2011\/09\/48.jpg?resize=367%2C367\" alt=\"\" width=\"367\" height=\"367\" data-recalc-dims=\"1\" \/><\/p>\n<p style=\"text-align: center\"><img decoding=\"async\" loading=\"lazy\" class=\"aligncenter size-full wp-image-17322\" src=\"https:\/\/i0.wp.com\/www.agrund.com\/arquivo\/notas\/files\/2011\/09\/52.jpg?resize=367%2C367\" alt=\"\" width=\"367\" height=\"367\" data-recalc-dims=\"1\" \/><\/p>\n<p>Saiba mais aqui <a href=\"http:\/\/www.myphilosophy.com.br\">www.myphilosophy.com.br<\/a>.<br \/>\nMy Philosophy<\/p>\n<p>Leblon<br \/>\nShopping Leblon &#8211; 1\u00ba Piso<br \/>\nAv. Afr\u00e2nio de Melo Franco, 290<br \/>\nLoja 120-A<br \/>\nTel.: 21 38753005<br \/>\nBarra da Tijuca<br \/>\nBarra Shopping Extens\u00e3o &#8211; 2\u00ba Piso<br \/>\nAv. das Am\u00e9ricas, 4666<br \/>\nTel.: 21 24319894<\/p>\n","protected":false},"excerpt":{"rendered":"<p>Por Adriana Porto, do Rio de Janeiro. O Rock in Rio amanh\u00e3\u00a0 e muitas mocinhas devem estar na d\u00favida do que vestir no festival, n\u00e3o \u00e9?! N\u00e3o seja por isso, corra para My Philosophy e monte seu look. As meninas descoladas da marca est\u00e3o ajudando as indecisas na escolha do que vestir. Abaixo, um estilo [&hellip;]<\/p>\n","protected":false},"author":8,"featured_media":17319,"comment_status":"open","ping_status":"open","sticky":false,"template":"","format":"standard","meta":{"jetpack_post_was_ever_published":false,"_jetpack_newsletter_access":"","jetpack_publicize_message":"","jetpack_is_tweetstorm":false,"jetpack_publicize_feature_enabled":true,"jetpack_social_post_already_shared":false,"jetpack_social_options":{"image_generator_settings":{"template":"highway","enabled":false}}},"categories":[2],"tags":[],"jetpack_publicize_connections":[],"jetpack_featured_media_url":"","jetpack_sharing_enabled":true,"jetpack_shortlink":"https:\/\/wp.me\/p3Hz0n-4vk","jetpack_likes_enabled":true,"_links":{"self":[{"href":"https:\/\/agrund.com\/index.php\/wp-json\/wp\/v2\/posts\/17318"}],"collection":[{"href":"https:\/\/agrund.com\/index.php\/wp-json\/wp\/v2\/posts"}],"about":[{"href":"https:\/\/agrund.com\/index.php\/wp-json\/wp\/v2\/types\/post"}],"author":[{"embeddable":true,"href":"https:\/\/agrund.com\/index.php\/wp-json\/wp\/v2\/users\/8"}],"replies":[{"embeddable":true,"href":"https:\/\/agrund.com\/index.php\/wp-json\/wp\/v2\/comments?post=17318"}],"version-history":[{"count":0,"href":"https:\/\/agrund.com\/index.php\/wp-json\/wp\/v2\/posts\/17318\/revisions"}],"wp:featuredmedia":[{"embeddable":true,"href":"https:\/\/agrund.com\/index.php\/wp-json\/"}],"wp:attachment":[{"href":"https:\/\/agrund.com\/index.php\/wp-json\/wp\/v2\/media?parent=17318"}],"wp:term":[{"taxonomy":"category","embeddable":true,"href":"https:\/\/agrund.com\/index.php\/wp-json\/wp\/v2\/categories?post=17318"},{"taxonomy":"post_tag","embeddable":true,"href":"https:\/\/agrund.com\/index.php\/wp-json\/wp\/v2\/tags?post=17318"}],"curies":[{"name":"wp","href":"https:\/\/api.w.org\/{rel}","templated":true}]}}