{"id":17204,"date":"2011-09-21T10:35:34","date_gmt":"2011-09-21T13:35:34","guid":{"rendered":"http:\/\/www.agrund.com\/blogs\/notas\/?p=17204"},"modified":"2011-09-21T10:35:34","modified_gmt":"2011-09-21T13:35:34","slug":"tavi-na-capa-da-lofficiel-paris","status":"publish","type":"post","link":"https:\/\/agrund.com\/index.php\/tavi-na-capa-da-lofficiel-paris\/","title":{"rendered":"Tavi na capa da L&#8217;Officiel Paris"},"content":{"rendered":"<p>A L&#8217;Officiel Paris est\u00e1 completando 90 anos e para estampar uma de suas capas comemorativas eles chamaram a blogueira (de 15 anos!) Tavi. As fotos foram feitas por Jean- Paul Goude, que ficou conhecido por fotografar diversas campanhas da Chanel, e Tavi est\u00e1 vestida de Chanel da cabe\u00e7a aos p\u00e9s. \u00a0Confira:<\/p>\n<p style=\"text-align: center\"><img decoding=\"async\" loading=\"lazy\" class=\"aligncenter size-full wp-image-17205\" src=\"https:\/\/i0.wp.com\/www.agrund.com\/arquivo\/notas\/files\/2011\/09\/lofficieltavi.jpeg?resize=432%2C585\" alt=\"\" width=\"432\" height=\"585\" data-recalc-dims=\"1\" \/><\/p>\n","protected":false},"excerpt":{"rendered":"<p>A L&#8217;Officiel Paris est\u00e1 completando 90 anos e para estampar uma de suas capas comemorativas eles chamaram a blogueira (de 15 anos!) Tavi. As fotos foram feitas por Jean- Paul Goude, que ficou conhecido por fotografar diversas campanhas da Chanel, e Tavi est\u00e1 vestida de Chanel da cabe\u00e7a aos p\u00e9s. \u00a0Confira:<\/p>\n","protected":false},"author":8,"featured_media":17205,"comment_status":"open","ping_status":"open","sticky":false,"template":"","format":"standard","meta":{"jetpack_post_was_ever_published":false,"_jetpack_newsletter_access":"","jetpack_publicize_message":"","jetpack_is_tweetstorm":false,"jetpack_publicize_feature_enabled":true,"jetpack_social_post_already_shared":false,"jetpack_social_options":{"image_generator_settings":{"template":"highway","enabled":false}}},"categories":[2],"tags":[],"jetpack_publicize_connections":[],"jetpack_featured_media_url":"","jetpack_sharing_enabled":true,"jetpack_shortlink":"https:\/\/wp.me\/p3Hz0n-4tu","jetpack_likes_enabled":true,"_links":{"self":[{"href":"https:\/\/agrund.com\/index.php\/wp-json\/wp\/v2\/posts\/17204"}],"collection":[{"href":"https:\/\/agrund.com\/index.php\/wp-json\/wp\/v2\/posts"}],"about":[{"href":"https:\/\/agrund.com\/index.php\/wp-json\/wp\/v2\/types\/post"}],"author":[{"embeddable":true,"href":"https:\/\/agrund.com\/index.php\/wp-json\/wp\/v2\/users\/8"}],"replies":[{"embeddable":true,"href":"https:\/\/agrund.com\/index.php\/wp-json\/wp\/v2\/comments?post=17204"}],"version-history":[{"count":0,"href":"https:\/\/agrund.com\/index.php\/wp-json\/wp\/v2\/posts\/17204\/revisions"}],"wp:featuredmedia":[{"embeddable":true,"href":"https:\/\/agrund.com\/index.php\/wp-json\/"}],"wp:attachment":[{"href":"https:\/\/agrund.com\/index.php\/wp-json\/wp\/v2\/media?parent=17204"}],"wp:term":[{"taxonomy":"category","embeddable":true,"href":"https:\/\/agrund.com\/index.php\/wp-json\/wp\/v2\/categories?post=17204"},{"taxonomy":"post_tag","embeddable":true,"href":"https:\/\/agrund.com\/index.php\/wp-json\/wp\/v2\/tags?post=17204"}],"curies":[{"name":"wp","href":"https:\/\/api.w.org\/{rel}","templated":true}]}}