{"id":16836,"date":"2011-09-15T11:15:15","date_gmt":"2011-09-15T14:15:15","guid":{"rendered":"http:\/\/www.agrund.com\/blogs\/notas\/?p=16836"},"modified":"2011-09-15T11:15:15","modified_gmt":"2011-09-15T14:15:15","slug":"a-mini-colecao-de-adriana-barra","status":"publish","type":"post","link":"https:\/\/agrund.com\/index.php\/a-mini-colecao-de-adriana-barra\/","title":{"rendered":"A Mini Cole\u00e7\u00e3o de Adriana Barra"},"content":{"rendered":"<p>Hoje, entre as 16h e 20h acontece o lan\u00e7amento da mini-cole\u00e7\u00e3o da estilista Adriana Barra. Vestidos, estampas e muita gente chic \u00e9 o que vai se ver por l\u00e1! A loja da Adriana fica na Alameda Franca, 1243, nos Jardins em S\u00e3o Paulo. Para conhecer um pouco mais de Adriana acesse o <a href=\"http:\/\/www.adrianabarra.com.br\">site<\/a> da marca.<\/p>\n<p style=\"text-align: center\"><img decoding=\"async\" loading=\"lazy\" class=\"aligncenter size-full wp-image-16837\" src=\"https:\/\/i0.wp.com\/www.agrund.com\/arquivo\/notas\/files\/2011\/09\/215.jpg?resize=376%2C527\" alt=\"\" width=\"376\" height=\"527\" data-recalc-dims=\"1\" \/><\/p>\n","protected":false},"excerpt":{"rendered":"<p>Hoje, entre as 16h e 20h acontece o lan\u00e7amento da mini-cole\u00e7\u00e3o da estilista Adriana Barra. Vestidos, estampas e muita gente chic \u00e9 o que vai se ver por l\u00e1! A loja da Adriana fica na Alameda Franca, 1243, nos Jardins em S\u00e3o Paulo. Para conhecer um pouco mais de Adriana acesse o site da marca.<\/p>\n","protected":false},"author":8,"featured_media":16837,"comment_status":"open","ping_status":"open","sticky":false,"template":"","format":"standard","meta":{"jetpack_post_was_ever_published":false,"_jetpack_newsletter_access":"","jetpack_publicize_message":"","jetpack_is_tweetstorm":false,"jetpack_publicize_feature_enabled":true,"jetpack_social_post_already_shared":false,"jetpack_social_options":{"image_generator_settings":{"template":"highway","enabled":false}}},"categories":[2],"tags":[],"jetpack_publicize_connections":[],"jetpack_featured_media_url":"","jetpack_sharing_enabled":true,"jetpack_shortlink":"https:\/\/wp.me\/p3Hz0n-4ny","jetpack_likes_enabled":true,"_links":{"self":[{"href":"https:\/\/agrund.com\/index.php\/wp-json\/wp\/v2\/posts\/16836"}],"collection":[{"href":"https:\/\/agrund.com\/index.php\/wp-json\/wp\/v2\/posts"}],"about":[{"href":"https:\/\/agrund.com\/index.php\/wp-json\/wp\/v2\/types\/post"}],"author":[{"embeddable":true,"href":"https:\/\/agrund.com\/index.php\/wp-json\/wp\/v2\/users\/8"}],"replies":[{"embeddable":true,"href":"https:\/\/agrund.com\/index.php\/wp-json\/wp\/v2\/comments?post=16836"}],"version-history":[{"count":0,"href":"https:\/\/agrund.com\/index.php\/wp-json\/wp\/v2\/posts\/16836\/revisions"}],"wp:featuredmedia":[{"embeddable":true,"href":"https:\/\/agrund.com\/index.php\/wp-json\/"}],"wp:attachment":[{"href":"https:\/\/agrund.com\/index.php\/wp-json\/wp\/v2\/media?parent=16836"}],"wp:term":[{"taxonomy":"category","embeddable":true,"href":"https:\/\/agrund.com\/index.php\/wp-json\/wp\/v2\/categories?post=16836"},{"taxonomy":"post_tag","embeddable":true,"href":"https:\/\/agrund.com\/index.php\/wp-json\/wp\/v2\/tags?post=16836"}],"curies":[{"name":"wp","href":"https:\/\/api.w.org\/{rel}","templated":true}]}}