{"id":167768,"date":"2017-05-23T18:00:23","date_gmt":"2017-05-23T21:00:23","guid":{"rendered":"http:\/\/www.agrund.com\/?p=167768"},"modified":"2017-05-25T15:13:45","modified_gmt":"2017-05-25T18:13:45","slug":"karl-lagerfeld-lanca-colecao-inspirado-na-fotografia","status":"publish","type":"post","link":"https:\/\/agrund.com\/index.php\/karl-lagerfeld-lanca-colecao-inspirado-na-fotografia\/","title":{"rendered":"Karl Lagerfeld lan\u00e7a cole\u00e7\u00e3o inspirada na fotografia"},"content":{"rendered":"<p>Como todo n\u00f3s sabemos, Karl Lagerfeld \u00e9 diretor criativo da Chanel, designer de sua marca hom\u00f4nima e tamb\u00e9m fot\u00f3grafo. E foi essa \u00faltima fun\u00e7\u00e3o que serviu de inspira\u00e7\u00e3o para sua nova cole\u00e7\u00e3o-c\u00e1psula, chamada Karl, o fot\u00f3grafo.<\/p>\n<p>Como resultado, roupas e acess\u00f3rios com estampas super divertidas, como da gatinha Choupette e ele tirando fotos. S\u00e3o camisetas, cal\u00e7as, casacos, bolsas tote, bolsas em formato de c\u00e2mera e at\u00e9 e capinha de celular com a #TeamKarl.<\/p>\n<p>Veja\u00a0alguns produtos na galeria abaixo\u00a0e escolha seu produto favorito:<\/p>\n<div id=\"attachment_167769\" style=\"width: 610px\" class=\"wp-caption aligncenter\"><img aria-describedby=\"caption-attachment-167769\" data-attachment-id=\"167769\" data-permalink=\"https:\/\/agrund.com\/index.php\/karl-lagerfeld-lanca-colecao-inspirado-na-fotografia\/12006280bh_13_d_t-shirts_t-shirts-1\/\" data-orig-file=\"https:\/\/i0.wp.com\/agrund.com\/wp-content\/uploads\/sites\/6\/2017\/05\/12006280BH_13_D_T-shirts_T-shirts-1-e1495572954567.jpg?fit=600%2C706&amp;ssl=1\" data-orig-size=\"600,706\" data-comments-opened=\"1\" data-image-meta=\"{&quot;aperture&quot;:&quot;0&quot;,&quot;credit&quot;:&quot;&quot;,&quot;camera&quot;:&quot;&quot;,&quot;caption&quot;:&quot;&quot;,&quot;created_timestamp&quot;:&quot;0&quot;,&quot;copyright&quot;:&quot;&quot;,&quot;focal_length&quot;:&quot;0&quot;,&quot;iso&quot;:&quot;0&quot;,&quot;shutter_speed&quot;:&quot;0&quot;,&quot;title&quot;:&quot;&quot;,&quot;orientation&quot;:&quot;0&quot;}\" data-image-title=\"Karl Lagerfeld lan\u00e7a cole\u00e7\u00e3o inspirado na fotografia\" data-image-description=\"\" data-image-caption=\"&lt;p&gt;Karl Lagerfeld lan\u00e7a cole\u00e7\u00e3o inspirado na fotografia &lt;\/p&gt;\n\" data-medium-file=\"https:\/\/i0.wp.com\/agrund.com\/wp-content\/uploads\/sites\/6\/2017\/05\/12006280BH_13_D_T-shirts_T-shirts-1-e1495572954567.jpg?fit=255%2C300&amp;ssl=1\" data-large-file=\"https:\/\/i0.wp.com\/agrund.com\/wp-content\/uploads\/sites\/6\/2017\/05\/12006280BH_13_D_T-shirts_T-shirts-1-e1495572954567.jpg?fit=600%2C706&amp;ssl=1\" decoding=\"async\" loading=\"lazy\" class=\"size-full wp-image-167769\" src=\"https:\/\/i0.wp.com\/www.agrund.com\/wp-content\/uploads\/sites\/6\/2017\/05\/12006280BH_13_D_T-shirts_T-shirts-1-e1495572954567.jpg?resize=600%2C706\" alt=\"\" width=\"600\" height=\"706\" data-recalc-dims=\"1\" \/><p id=\"caption-attachment-167769\" class=\"wp-caption-text\">Karl Lagerfeld lan\u00e7a cole\u00e7\u00e3o inspirada na fotografia<\/p><\/div>\n<div id=\"attachment_167770\" style=\"width: 610px\" class=\"wp-caption aligncenter\"><img aria-describedby=\"caption-attachment-167770\" data-attachment-id=\"167770\" data-permalink=\"https:\/\/agrund.com\/index.php\/karl-lagerfeld-lanca-colecao-inspirado-na-fotografia\/45351722st_13_d_bags_shoppers-1\/\" data-orig-file=\"https:\/\/i0.wp.com\/agrund.com\/wp-content\/uploads\/sites\/6\/2017\/05\/45351722ST_13_D_BAGS_Shoppers-1-e1495572999647.jpg?fit=600%2C706&amp;ssl=1\" data-orig-size=\"600,706\" data-comments-opened=\"1\" data-image-meta=\"{&quot;aperture&quot;:&quot;0&quot;,&quot;credit&quot;:&quot;&quot;,&quot;camera&quot;:&quot;&quot;,&quot;caption&quot;:&quot;&quot;,&quot;created_timestamp&quot;:&quot;0&quot;,&quot;copyright&quot;:&quot;&quot;,&quot;focal_length&quot;:&quot;0&quot;,&quot;iso&quot;:&quot;0&quot;,&quot;shutter_speed&quot;:&quot;0&quot;,&quot;title&quot;:&quot;&quot;,&quot;orientation&quot;:&quot;0&quot;}\" data-image-title=\"Karl Lagerfeld lan\u00e7a cole\u00e7\u00e3o inspirado na fotografia\" data-image-description=\"\" data-image-caption=\"&lt;p&gt;Karl Lagerfeld lan\u00e7a cole\u00e7\u00e3o inspirado na fotografia &lt;\/p&gt;\n\" data-medium-file=\"https:\/\/i0.wp.com\/agrund.com\/wp-content\/uploads\/sites\/6\/2017\/05\/45351722ST_13_D_BAGS_Shoppers-1-e1495572999647.jpg?fit=255%2C300&amp;ssl=1\" data-large-file=\"https:\/\/i0.wp.com\/agrund.com\/wp-content\/uploads\/sites\/6\/2017\/05\/45351722ST_13_D_BAGS_Shoppers-1-e1495572999647.jpg?fit=600%2C706&amp;ssl=1\" decoding=\"async\" loading=\"lazy\" class=\"size-full wp-image-167770\" src=\"https:\/\/i0.wp.com\/www.agrund.com\/wp-content\/uploads\/sites\/6\/2017\/05\/45351722ST_13_D_BAGS_Shoppers-1-e1495572999647.jpg?resize=600%2C706\" alt=\"\" width=\"600\" height=\"706\" data-recalc-dims=\"1\" \/><p id=\"caption-attachment-167770\" class=\"wp-caption-text\">Karl Lagerfeld lan\u00e7a cole\u00e7\u00e3o inspirada na fotografia<\/p><\/div>\n<div id=\"attachment_167771\" style=\"width: 610px\" class=\"wp-caption aligncenter\"><img aria-describedby=\"caption-attachment-167771\" data-attachment-id=\"167771\" data-permalink=\"https:\/\/agrund.com\/index.php\/karl-lagerfeld-lanca-colecao-inspirado-na-fotografia\/45351749bt_13_d_bags_crossbodies-1\/\" data-orig-file=\"https:\/\/i0.wp.com\/agrund.com\/wp-content\/uploads\/sites\/6\/2017\/05\/45351749BT_13_D_BAGS_Crossbodies-1-e1495573016722.jpg?fit=600%2C706&amp;ssl=1\" data-orig-size=\"600,706\" data-comments-opened=\"1\" data-image-meta=\"{&quot;aperture&quot;:&quot;0&quot;,&quot;credit&quot;:&quot;&quot;,&quot;camera&quot;:&quot;&quot;,&quot;caption&quot;:&quot;&quot;,&quot;created_timestamp&quot;:&quot;0&quot;,&quot;copyright&quot;:&quot;&quot;,&quot;focal_length&quot;:&quot;0&quot;,&quot;iso&quot;:&quot;0&quot;,&quot;shutter_speed&quot;:&quot;0&quot;,&quot;title&quot;:&quot;&quot;,&quot;orientation&quot;:&quot;0&quot;}\" data-image-title=\"Karl Lagerfeld lan\u00e7a cole\u00e7\u00e3o inspirado na fotografia\" data-image-description=\"\" data-image-caption=\"&lt;p&gt;Karl Lagerfeld lan\u00e7a cole\u00e7\u00e3o inspirado na fotografia &lt;\/p&gt;\n\" data-medium-file=\"https:\/\/i0.wp.com\/agrund.com\/wp-content\/uploads\/sites\/6\/2017\/05\/45351749BT_13_D_BAGS_Crossbodies-1-e1495573016722.jpg?fit=255%2C300&amp;ssl=1\" data-large-file=\"https:\/\/i0.wp.com\/agrund.com\/wp-content\/uploads\/sites\/6\/2017\/05\/45351749BT_13_D_BAGS_Crossbodies-1-e1495573016722.jpg?fit=600%2C706&amp;ssl=1\" decoding=\"async\" loading=\"lazy\" class=\"size-full wp-image-167771\" src=\"https:\/\/i0.wp.com\/www.agrund.com\/wp-content\/uploads\/sites\/6\/2017\/05\/45351749BT_13_D_BAGS_Crossbodies-1-e1495573016722.jpg?resize=600%2C706\" alt=\"\" width=\"600\" height=\"706\" data-recalc-dims=\"1\" \/><p id=\"caption-attachment-167771\" class=\"wp-caption-text\">Karl Lagerfeld lan\u00e7a cole\u00e7\u00e3o inspirada na fotografia<\/p><\/div>\n<div id=\"attachment_167772\" style=\"width: 610px\" class=\"wp-caption aligncenter\"><img aria-describedby=\"caption-attachment-167772\" data-attachment-id=\"167772\" data-permalink=\"https:\/\/agrund.com\/index.php\/karl-lagerfeld-lanca-colecao-inspirado-na-fotografia\/46516468sn_13_f_small-accessories_pouches-1\/\" data-orig-file=\"https:\/\/i0.wp.com\/agrund.com\/wp-content\/uploads\/sites\/6\/2017\/05\/46516468SN_13_F_Small-Accessories_Pouches-1-e1495573031782.jpg?fit=600%2C706&amp;ssl=1\" data-orig-size=\"600,706\" data-comments-opened=\"1\" data-image-meta=\"{&quot;aperture&quot;:&quot;0&quot;,&quot;credit&quot;:&quot;&quot;,&quot;camera&quot;:&quot;&quot;,&quot;caption&quot;:&quot;&quot;,&quot;created_timestamp&quot;:&quot;0&quot;,&quot;copyright&quot;:&quot;&quot;,&quot;focal_length&quot;:&quot;0&quot;,&quot;iso&quot;:&quot;0&quot;,&quot;shutter_speed&quot;:&quot;0&quot;,&quot;title&quot;:&quot;&quot;,&quot;orientation&quot;:&quot;0&quot;}\" data-image-title=\"Karl Lagerfeld lan\u00e7a cole\u00e7\u00e3o inspirado na fotografia\" data-image-description=\"\" data-image-caption=\"&lt;p&gt;Karl Lagerfeld lan\u00e7a cole\u00e7\u00e3o inspirado na fotografia &lt;\/p&gt;\n\" data-medium-file=\"https:\/\/i0.wp.com\/agrund.com\/wp-content\/uploads\/sites\/6\/2017\/05\/46516468SN_13_F_Small-Accessories_Pouches-1-e1495573031782.jpg?fit=255%2C300&amp;ssl=1\" data-large-file=\"https:\/\/i0.wp.com\/agrund.com\/wp-content\/uploads\/sites\/6\/2017\/05\/46516468SN_13_F_Small-Accessories_Pouches-1-e1495573031782.jpg?fit=600%2C706&amp;ssl=1\" decoding=\"async\" loading=\"lazy\" class=\"size-full wp-image-167772\" src=\"https:\/\/i0.wp.com\/www.agrund.com\/wp-content\/uploads\/sites\/6\/2017\/05\/46516468SN_13_F_Small-Accessories_Pouches-1-e1495573031782.jpg?resize=600%2C706\" alt=\"\" width=\"600\" height=\"706\" data-recalc-dims=\"1\" \/><p id=\"caption-attachment-167772\" class=\"wp-caption-text\">Karl Lagerfeld lan\u00e7a cole\u00e7\u00e3o inspirada na fotografia<\/p><\/div>\n<div id=\"attachment_167773\" style=\"width: 610px\" class=\"wp-caption aligncenter\"><img aria-describedby=\"caption-attachment-167773\" data-attachment-id=\"167773\" data-permalink=\"https:\/\/agrund.com\/index.php\/karl-lagerfeld-lanca-colecao-inspirado-na-fotografia\/46516480ua_13_f_small-accessories_pouches-1\/\" data-orig-file=\"https:\/\/i0.wp.com\/agrund.com\/wp-content\/uploads\/sites\/6\/2017\/05\/46516480UA_13_F_Small-Accessories_Pouches-1-e1495573063575.jpg?fit=600%2C706&amp;ssl=1\" data-orig-size=\"600,706\" data-comments-opened=\"1\" data-image-meta=\"{&quot;aperture&quot;:&quot;0&quot;,&quot;credit&quot;:&quot;&quot;,&quot;camera&quot;:&quot;&quot;,&quot;caption&quot;:&quot;&quot;,&quot;created_timestamp&quot;:&quot;0&quot;,&quot;copyright&quot;:&quot;&quot;,&quot;focal_length&quot;:&quot;0&quot;,&quot;iso&quot;:&quot;0&quot;,&quot;shutter_speed&quot;:&quot;0&quot;,&quot;title&quot;:&quot;&quot;,&quot;orientation&quot;:&quot;0&quot;}\" data-image-title=\"Karl Lagerfeld lan\u00e7a cole\u00e7\u00e3o inspirado na fotografia\" data-image-description=\"\" data-image-caption=\"&lt;p&gt;Karl Lagerfeld lan\u00e7a cole\u00e7\u00e3o inspirado na fotografia &lt;\/p&gt;\n\" data-medium-file=\"https:\/\/i0.wp.com\/agrund.com\/wp-content\/uploads\/sites\/6\/2017\/05\/46516480UA_13_F_Small-Accessories_Pouches-1-e1495573063575.jpg?fit=255%2C300&amp;ssl=1\" data-large-file=\"https:\/\/i0.wp.com\/agrund.com\/wp-content\/uploads\/sites\/6\/2017\/05\/46516480UA_13_F_Small-Accessories_Pouches-1-e1495573063575.jpg?fit=600%2C706&amp;ssl=1\" decoding=\"async\" loading=\"lazy\" class=\"size-full wp-image-167773\" src=\"https:\/\/i0.wp.com\/www.agrund.com\/wp-content\/uploads\/sites\/6\/2017\/05\/46516480UA_13_F_Small-Accessories_Pouches-1-e1495573063575.jpg?resize=600%2C706\" alt=\"\" width=\"600\" height=\"706\" data-recalc-dims=\"1\" \/><p id=\"caption-attachment-167773\" class=\"wp-caption-text\">Karl Lagerfeld lan\u00e7a cole\u00e7\u00e3o inspirada na fotografia<\/p><\/div>\n<div id=\"attachment_167774\" style=\"width: 610px\" class=\"wp-caption aligncenter\"><img aria-describedby=\"caption-attachment-167774\" data-attachment-id=\"167774\" data-permalink=\"https:\/\/agrund.com\/index.php\/karl-lagerfeld-lanca-colecao-inspirado-na-fotografia\/59141628xw_13_r_jackets_jackets-1\/\" data-orig-file=\"https:\/\/i0.wp.com\/agrund.com\/wp-content\/uploads\/sites\/6\/2017\/05\/59141628XW_13_R_Jackets_Jackets-1-e1495573093174.jpg?fit=600%2C706&amp;ssl=1\" data-orig-size=\"600,706\" data-comments-opened=\"1\" data-image-meta=\"{&quot;aperture&quot;:&quot;0&quot;,&quot;credit&quot;:&quot;&quot;,&quot;camera&quot;:&quot;&quot;,&quot;caption&quot;:&quot;&quot;,&quot;created_timestamp&quot;:&quot;0&quot;,&quot;copyright&quot;:&quot;&quot;,&quot;focal_length&quot;:&quot;0&quot;,&quot;iso&quot;:&quot;0&quot;,&quot;shutter_speed&quot;:&quot;0&quot;,&quot;title&quot;:&quot;&quot;,&quot;orientation&quot;:&quot;0&quot;}\" data-image-title=\"Karl Lagerfeld lan\u00e7a cole\u00e7\u00e3o inspirado na fotografia\" data-image-description=\"\" data-image-caption=\"&lt;p&gt;Karl Lagerfeld lan\u00e7a cole\u00e7\u00e3o inspirado na fotografia &lt;\/p&gt;\n\" data-medium-file=\"https:\/\/i0.wp.com\/agrund.com\/wp-content\/uploads\/sites\/6\/2017\/05\/59141628XW_13_R_Jackets_Jackets-1-e1495573093174.jpg?fit=255%2C300&amp;ssl=1\" data-large-file=\"https:\/\/i0.wp.com\/agrund.com\/wp-content\/uploads\/sites\/6\/2017\/05\/59141628XW_13_R_Jackets_Jackets-1-e1495573093174.jpg?fit=600%2C706&amp;ssl=1\" decoding=\"async\" loading=\"lazy\" class=\"size-full wp-image-167774\" src=\"https:\/\/i0.wp.com\/www.agrund.com\/wp-content\/uploads\/sites\/6\/2017\/05\/59141628XW_13_R_Jackets_Jackets-1-e1495573093174.jpg?resize=600%2C706\" alt=\"\" width=\"600\" height=\"706\" data-recalc-dims=\"1\" \/><p id=\"caption-attachment-167774\" class=\"wp-caption-text\">Karl Lagerfeld lan\u00e7a cole\u00e7\u00e3o inspirada na fotografia<\/p><\/div>\n<p>Fotos: Reprodu\u00e7\u00e3o.<\/p>\n","protected":false},"excerpt":{"rendered":"<p>Como todo n\u00f3s sabemos, Karl Lagerfeld \u00e9 diretor criativo da Chanel, designer de sua marca hom\u00f4nima e tamb\u00e9m fot\u00f3grafo. E foi essa \u00faltima fun\u00e7\u00e3o que serviu de inspira\u00e7\u00e3o para sua nova cole\u00e7\u00e3o-c\u00e1psula, chamada Karl, o fot\u00f3grafo. Como resultado, roupas e acess\u00f3rios com estampas super divertidas, como da gatinha Choupette e ele tirando fotos. S\u00e3o camisetas, [&hellip;]<\/p>\n","protected":false},"author":8,"featured_media":167775,"comment_status":"open","ping_status":"open","sticky":false,"template":"","format":"standard","meta":{"jetpack_post_was_ever_published":false,"_jetpack_newsletter_access":"","jetpack_publicize_message":"","jetpack_is_tweetstorm":false,"jetpack_publicize_feature_enabled":true,"jetpack_social_post_already_shared":true,"jetpack_social_options":{"image_generator_settings":{"template":"highway","enabled":false}}},"categories":[2],"tags":[],"jetpack_publicize_connections":[],"jetpack_featured_media_url":"https:\/\/i0.wp.com\/agrund.com\/wp-content\/uploads\/sites\/6\/2017\/05\/s-108.jpg?fit=960%2C300&ssl=1","jetpack_sharing_enabled":true,"jetpack_shortlink":"https:\/\/wp.me\/p3Hz0n-HDW","jetpack_likes_enabled":true,"_links":{"self":[{"href":"https:\/\/agrund.com\/index.php\/wp-json\/wp\/v2\/posts\/167768"}],"collection":[{"href":"https:\/\/agrund.com\/index.php\/wp-json\/wp\/v2\/posts"}],"about":[{"href":"https:\/\/agrund.com\/index.php\/wp-json\/wp\/v2\/types\/post"}],"author":[{"embeddable":true,"href":"https:\/\/agrund.com\/index.php\/wp-json\/wp\/v2\/users\/8"}],"replies":[{"embeddable":true,"href":"https:\/\/agrund.com\/index.php\/wp-json\/wp\/v2\/comments?post=167768"}],"version-history":[{"count":0,"href":"https:\/\/agrund.com\/index.php\/wp-json\/wp\/v2\/posts\/167768\/revisions"}],"wp:featuredmedia":[{"embeddable":true,"href":"https:\/\/agrund.com\/index.php\/wp-json\/wp\/v2\/media\/167775"}],"wp:attachment":[{"href":"https:\/\/agrund.com\/index.php\/wp-json\/wp\/v2\/media?parent=167768"}],"wp:term":[{"taxonomy":"category","embeddable":true,"href":"https:\/\/agrund.com\/index.php\/wp-json\/wp\/v2\/categories?post=167768"},{"taxonomy":"post_tag","embeddable":true,"href":"https:\/\/agrund.com\/index.php\/wp-json\/wp\/v2\/tags?post=167768"}],"curies":[{"name":"wp","href":"https:\/\/api.w.org\/{rel}","templated":true}]}}