{"id":16563,"date":"2011-09-09T17:00:43","date_gmt":"2011-09-09T20:00:43","guid":{"rendered":"http:\/\/www.agrund.com\/blogs\/notas\/?p=16563"},"modified":"2011-09-09T17:00:43","modified_gmt":"2011-09-09T20:00:43","slug":"fno-no-rio","status":"publish","type":"post","link":"https:\/\/agrund.com\/index.php\/fno-no-rio\/","title":{"rendered":"Fashion\u00b4s Night Out No Rio"},"content":{"rendered":"<p style=\"text-align: right\"><strong>Por Adriana Porto, do Rio de Janeiro.<\/strong><\/p>\n<p>Na pr\u00f3xima ter\u00e7a-feira, 13\/09, o Rio de Janeiro receber\u00e1 o Fashion&#8217;s Night Out no Shopping Leblon, que nessa edi\u00e7\u00e3o contar\u00e1 com apresenta\u00e7\u00e3o de Betty Lago, participa\u00e7\u00e3o da blogueira Lala Rudge, talk show com Donata Meirelles e Bruno Astuto, o Dj e fot\u00f3grafo Papagaio comandando o som e show de Bebel Gilberto.<br \/>\nPara quem n\u00e3o sabe, o Fashion\u2019s Night Out \u00e9 uma a\u00e7\u00e3o conjunta dos maiores players da moda mundial para combater a recess\u00e3o e celebrar a for\u00e7a da ind\u00fastria fashion. O evento acontece em Manhattan, Mil\u00e3o, Paris, Sydney, S\u00e3o Paulo e Rio de Janeiro. Os criadores do ready-to-wear v\u00e3o abrir suas lojas durante toda a noite, no evento global iniciado por Anna Wintour, editora da Vogue America, com a iniciativa para celebrar a moda.<br \/>\nEstar\u00e3o \u00e0 venda durante o evento t-shirts desenhadas exclusivamente por Francisco Costa, diretor criativo da linha feminina da Calvin Klein, para o Shopping Leblon. Toda renda ser\u00e1 revertida para a ONG Sociedade Viva Cazuza. Os queridos Isabela Menezes e Cl\u00e1udio Gomes receber\u00e3o os convidados na Pra\u00e7a Central do Shopping e quem levar seu IPad ou IPhone ganhar\u00e1 um brinde exclusivo. O que ser\u00e1?<\/p>\n<p>Shopping Leblon &#8211; Av. Afr\u00e2nio de Melo Franco, 290 &#8211; Hor\u00e1rio: 18h \u00e0s 24h<\/p>\n<p style=\"text-align: center\"><img decoding=\"async\" loading=\"lazy\" class=\"aligncenter size-full wp-image-16564\" src=\"https:\/\/i0.wp.com\/www.agrund.com\/arquivo\/notas\/files\/2011\/09\/116.jpg?resize=384%2C333\" alt=\"\" width=\"384\" height=\"333\" data-recalc-dims=\"1\" \/><\/p>\n<p>Foto: Reprodu\u00e7\u00e3o.<\/p>\n","protected":false},"excerpt":{"rendered":"<p>Por Adriana Porto, do Rio de Janeiro. Na pr\u00f3xima ter\u00e7a-feira, 13\/09, o Rio de Janeiro receber\u00e1 o Fashion&#8217;s Night Out no Shopping Leblon, que nessa edi\u00e7\u00e3o contar\u00e1 com apresenta\u00e7\u00e3o de Betty Lago, participa\u00e7\u00e3o da blogueira Lala Rudge, talk show com Donata Meirelles e Bruno Astuto, o Dj e fot\u00f3grafo Papagaio comandando o som e show [&hellip;]<\/p>\n","protected":false},"author":8,"featured_media":16564,"comment_status":"open","ping_status":"open","sticky":false,"template":"","format":"standard","meta":{"jetpack_post_was_ever_published":false,"_jetpack_newsletter_access":"","jetpack_publicize_message":"","jetpack_is_tweetstorm":false,"jetpack_publicize_feature_enabled":true,"jetpack_social_post_already_shared":false,"jetpack_social_options":{"image_generator_settings":{"template":"highway","enabled":false}}},"categories":[2],"tags":[],"jetpack_publicize_connections":[],"jetpack_featured_media_url":"","jetpack_sharing_enabled":true,"jetpack_shortlink":"https:\/\/wp.me\/p3Hz0n-4j9","jetpack_likes_enabled":true,"_links":{"self":[{"href":"https:\/\/agrund.com\/index.php\/wp-json\/wp\/v2\/posts\/16563"}],"collection":[{"href":"https:\/\/agrund.com\/index.php\/wp-json\/wp\/v2\/posts"}],"about":[{"href":"https:\/\/agrund.com\/index.php\/wp-json\/wp\/v2\/types\/post"}],"author":[{"embeddable":true,"href":"https:\/\/agrund.com\/index.php\/wp-json\/wp\/v2\/users\/8"}],"replies":[{"embeddable":true,"href":"https:\/\/agrund.com\/index.php\/wp-json\/wp\/v2\/comments?post=16563"}],"version-history":[{"count":0,"href":"https:\/\/agrund.com\/index.php\/wp-json\/wp\/v2\/posts\/16563\/revisions"}],"wp:featuredmedia":[{"embeddable":true,"href":"https:\/\/agrund.com\/index.php\/wp-json\/"}],"wp:attachment":[{"href":"https:\/\/agrund.com\/index.php\/wp-json\/wp\/v2\/media?parent=16563"}],"wp:term":[{"taxonomy":"category","embeddable":true,"href":"https:\/\/agrund.com\/index.php\/wp-json\/wp\/v2\/categories?post=16563"},{"taxonomy":"post_tag","embeddable":true,"href":"https:\/\/agrund.com\/index.php\/wp-json\/wp\/v2\/tags?post=16563"}],"curies":[{"name":"wp","href":"https:\/\/api.w.org\/{rel}","templated":true}]}}