{"id":16558,"date":"2011-09-09T16:28:05","date_gmt":"2011-09-09T19:28:05","guid":{"rendered":"http:\/\/www.agrund.com\/blogs\/notas\/?p=16558"},"modified":"2011-09-09T16:28:05","modified_gmt":"2011-09-09T19:28:05","slug":"o-livro-de-fause-haten","status":"publish","type":"post","link":"https:\/\/agrund.com\/index.php\/o-livro-de-fause-haten\/","title":{"rendered":"O Livro de Fause Haten"},"content":{"rendered":"<p>O LIVRO FH &#8211; Algumas Palavras \u00e9 uma compila\u00e7\u00e3o de textos po\u00e9ticos assinados por Fause Haten e ilustrados com editoriais fotogr\u00e1ficos de Paulo Cabral. Com esse livro Fause continua sua peregrina\u00e7\u00e3o pelo mundo criativo: teatro, moda, m\u00fasica e agora O Livro FH.<\/p>\n<p>As imagens e dire\u00e7\u00e3o de arte assinadas por Paulo, usam a poesia dos textos de Fause e as roupas de suas cole\u00e7\u00f5es. Suas m\u00fasicas se misturam e interligam mais ainda esses universos criativos numa interdisciplinaridade que \u00e9 a marca dos nossos tempos.<\/p>\n<p>Paulo Cabral \u00e9 designer gr\u00e1fico e fot\u00f3grafo. Assinou campanhas e editoriais de v\u00e1rias empresas, assim como das cole\u00e7\u00f5es FH nos \u00faltimos 3 anos. Hoje \u00e9 diretor de arte da Revista Claudia.<\/p>\n<p>O lan\u00e7amento ser\u00e1 no dia 12 de setembro, \u00e0s 19h na Livraria da Vila, na AL. Lorena, 1731.<\/p>\n<p style=\"text-align: center\"><img decoding=\"async\" loading=\"lazy\" class=\"aligncenter size-full wp-image-16559\" src=\"https:\/\/i0.wp.com\/www.agrund.com\/arquivo\/notas\/files\/2011\/09\/34.jpg?resize=354%2C494\" alt=\"\" width=\"354\" height=\"494\" data-recalc-dims=\"1\" \/><\/p>\n","protected":false},"excerpt":{"rendered":"<p>O LIVRO FH &#8211; Algumas Palavras \u00e9 uma compila\u00e7\u00e3o de textos po\u00e9ticos assinados por Fause Haten e ilustrados com editoriais fotogr\u00e1ficos de Paulo Cabral. Com esse livro Fause continua sua peregrina\u00e7\u00e3o pelo mundo criativo: teatro, moda, m\u00fasica e agora O Livro FH. As imagens e dire\u00e7\u00e3o de arte assinadas por Paulo, usam a poesia dos [&hellip;]<\/p>\n","protected":false},"author":8,"featured_media":16559,"comment_status":"open","ping_status":"open","sticky":false,"template":"","format":"standard","meta":{"jetpack_post_was_ever_published":false,"_jetpack_newsletter_access":"","jetpack_publicize_message":"","jetpack_is_tweetstorm":false,"jetpack_publicize_feature_enabled":true,"jetpack_social_post_already_shared":false,"jetpack_social_options":{"image_generator_settings":{"template":"highway","enabled":false}}},"categories":[2],"tags":[],"jetpack_publicize_connections":[],"jetpack_featured_media_url":"","jetpack_sharing_enabled":true,"jetpack_shortlink":"https:\/\/wp.me\/p3Hz0n-4j4","jetpack_likes_enabled":true,"_links":{"self":[{"href":"https:\/\/agrund.com\/index.php\/wp-json\/wp\/v2\/posts\/16558"}],"collection":[{"href":"https:\/\/agrund.com\/index.php\/wp-json\/wp\/v2\/posts"}],"about":[{"href":"https:\/\/agrund.com\/index.php\/wp-json\/wp\/v2\/types\/post"}],"author":[{"embeddable":true,"href":"https:\/\/agrund.com\/index.php\/wp-json\/wp\/v2\/users\/8"}],"replies":[{"embeddable":true,"href":"https:\/\/agrund.com\/index.php\/wp-json\/wp\/v2\/comments?post=16558"}],"version-history":[{"count":0,"href":"https:\/\/agrund.com\/index.php\/wp-json\/wp\/v2\/posts\/16558\/revisions"}],"wp:featuredmedia":[{"embeddable":true,"href":"https:\/\/agrund.com\/index.php\/wp-json\/"}],"wp:attachment":[{"href":"https:\/\/agrund.com\/index.php\/wp-json\/wp\/v2\/media?parent=16558"}],"wp:term":[{"taxonomy":"category","embeddable":true,"href":"https:\/\/agrund.com\/index.php\/wp-json\/wp\/v2\/categories?post=16558"},{"taxonomy":"post_tag","embeddable":true,"href":"https:\/\/agrund.com\/index.php\/wp-json\/wp\/v2\/tags?post=16558"}],"curies":[{"name":"wp","href":"https:\/\/api.w.org\/{rel}","templated":true}]}}