{"id":16531,"date":"2011-09-09T15:56:55","date_gmt":"2011-09-09T18:56:55","guid":{"rendered":"http:\/\/www.agrund.com\/blogs\/notas\/?p=16531"},"modified":"2011-09-09T15:56:55","modified_gmt":"2011-09-09T18:56:55","slug":"rihanna-para-armani-jeans","status":"publish","type":"post","link":"https:\/\/agrund.com\/index.php\/rihanna-para-armani-jeans\/","title":{"rendered":"Rihanna para Armani Jeans"},"content":{"rendered":"<p>A nova estrela da campanha publicit\u00e1ria da Armani Jeans \u00e9 a nossa querida Rihanna. A cantora foi fotografada por Steven Klein e o conceito foi baseado em um filme cl\u00e1ssico, com um toque contempor\u00e2neo &#8211; sexy e sofisticado. Rihanna tamb\u00e9m \u00e9 o rosto da Emporio Armani Underwear.\u00a0Gostaram ?<\/p>\n<p style=\"text-align: center\"><img decoding=\"async\" loading=\"lazy\" class=\"aligncenter size-full wp-image-16532\" src=\"\/wp-content\/uploads\/2011\/09\/Rihanna-Armani-Jeans-462x700.jpg\" alt=\"\" width=\"296\" height=\"448\" \/><\/p>\n<p>Foto: Divulga\u00e7\u00e3o<\/p>\n","protected":false},"excerpt":{"rendered":"<p>A nova estrela da campanha publicit\u00e1ria da Armani Jeans \u00e9 a nossa querida Rihanna. A cantora foi fotografada por Steven Klein e o conceito foi baseado em um filme cl\u00e1ssico, com um toque contempor\u00e2neo &#8211; sexy e sofisticado. Rihanna tamb\u00e9m \u00e9 o rosto da Emporio Armani Underwear.\u00a0Gostaram ? Foto: Divulga\u00e7\u00e3o<\/p>\n","protected":false},"author":8,"featured_media":16532,"comment_status":"open","ping_status":"open","sticky":false,"template":"","format":"standard","meta":{"jetpack_post_was_ever_published":false,"_jetpack_newsletter_access":"","jetpack_publicize_message":"","jetpack_is_tweetstorm":false,"jetpack_publicize_feature_enabled":true,"jetpack_social_post_already_shared":false,"jetpack_social_options":{"image_generator_settings":{"template":"highway","enabled":false}}},"categories":[2],"tags":[],"jetpack_publicize_connections":[],"jetpack_featured_media_url":"","jetpack_sharing_enabled":true,"jetpack_shortlink":"https:\/\/wp.me\/p3Hz0n-4iD","jetpack_likes_enabled":true,"_links":{"self":[{"href":"https:\/\/agrund.com\/index.php\/wp-json\/wp\/v2\/posts\/16531"}],"collection":[{"href":"https:\/\/agrund.com\/index.php\/wp-json\/wp\/v2\/posts"}],"about":[{"href":"https:\/\/agrund.com\/index.php\/wp-json\/wp\/v2\/types\/post"}],"author":[{"embeddable":true,"href":"https:\/\/agrund.com\/index.php\/wp-json\/wp\/v2\/users\/8"}],"replies":[{"embeddable":true,"href":"https:\/\/agrund.com\/index.php\/wp-json\/wp\/v2\/comments?post=16531"}],"version-history":[{"count":0,"href":"https:\/\/agrund.com\/index.php\/wp-json\/wp\/v2\/posts\/16531\/revisions"}],"wp:featuredmedia":[{"embeddable":true,"href":"https:\/\/agrund.com\/index.php\/wp-json\/"}],"wp:attachment":[{"href":"https:\/\/agrund.com\/index.php\/wp-json\/wp\/v2\/media?parent=16531"}],"wp:term":[{"taxonomy":"category","embeddable":true,"href":"https:\/\/agrund.com\/index.php\/wp-json\/wp\/v2\/categories?post=16531"},{"taxonomy":"post_tag","embeddable":true,"href":"https:\/\/agrund.com\/index.php\/wp-json\/wp\/v2\/tags?post=16531"}],"curies":[{"name":"wp","href":"https:\/\/api.w.org\/{rel}","templated":true}]}}