{"id":164975,"date":"2017-03-22T16:00:02","date_gmt":"2017-03-22T19:00:02","guid":{"rendered":"http:\/\/www.agrund.com\/?p=164975"},"modified":"2017-03-22T13:31:53","modified_gmt":"2017-03-22T16:31:53","slug":"dior-e-emma-watson-criam-vestido-inspirado-na-personagem-bela","status":"publish","type":"post","link":"https:\/\/agrund.com\/index.php\/dior-e-emma-watson-criam-vestido-inspirado-na-personagem-bela\/","title":{"rendered":"Dior e Emma Watson criam vestido inspirado na personagem Bela"},"content":{"rendered":"<p>O live action \u2018A Bela e a Fera\u2019 \u00e9 um sucesso absoluto no mundo todo e parece que o conto de fadas est\u00e1 inspirando a vida real. Isso porque Emma Watson foi at\u00e9 Maria Grazia Chiuri, a diretora criativa da Dior, para fazer um vestido baseado no ic\u00f4nico modelo amarelo usado por Bela, que seria usado pela atriz durante uma leitura no evento da \u2018The NY Film Society for Kids\u2019.<\/p>\n<p>A recria\u00e7\u00e3o moderna e super feminina tem al\u00e7as bem finas, um decote com drapeado, saia com caimento impec\u00e1vel e uma capa por cima. Tudo feito em organza amarela eco-friendly.<\/p>\n<p>O resultado do vestido e um pouco do processo criativo de Maria Grazia e sua equipe foi transformado em v\u00eddeo e voc\u00ea pode conferir aqui: aperte o play:<\/p>\n<span class=\"embed-youtube\" style=\"text-align:center; display: block;\"><iframe class=\"youtube-player\" width=\"600\" height=\"338\" src=\"https:\/\/www.youtube.com\/embed\/GcuDjkRDh-s?version=3&#038;rel=1&#038;showsearch=0&#038;showinfo=1&#038;iv_load_policy=1&#038;fs=1&#038;hl=pt-BR&#038;autohide=2&#038;wmode=transparent\" allowfullscreen=\"true\" style=\"border:0;\" sandbox=\"allow-scripts allow-same-origin allow-popups allow-presentation\"><\/iframe><\/span>\n<div id=\"attachment_164977\" style=\"width: 610px\" class=\"wp-caption aligncenter\"><img aria-describedby=\"caption-attachment-164977\" data-attachment-id=\"164977\" data-permalink=\"https:\/\/agrund.com\/index.php\/dior-e-emma-watson-criam-vestido-inspirado-na-personagem-bela\/12-130\/\" data-orig-file=\"https:\/\/i0.wp.com\/agrund.com\/wp-content\/uploads\/sites\/6\/2017\/03\/12-2.jpg?fit=600%2C577&amp;ssl=1\" data-orig-size=\"600,577\" data-comments-opened=\"1\" data-image-meta=\"{&quot;aperture&quot;:&quot;0&quot;,&quot;credit&quot;:&quot;&quot;,&quot;camera&quot;:&quot;&quot;,&quot;caption&quot;:&quot;&quot;,&quot;created_timestamp&quot;:&quot;0&quot;,&quot;copyright&quot;:&quot;&quot;,&quot;focal_length&quot;:&quot;0&quot;,&quot;iso&quot;:&quot;0&quot;,&quot;shutter_speed&quot;:&quot;0&quot;,&quot;title&quot;:&quot;&quot;,&quot;orientation&quot;:&quot;1&quot;}\" data-image-title=\"Dior e Emma Watson criam vestido inspirado na personagem Bela\" data-image-description=\"\" data-image-caption=\"&lt;p&gt;Dior e Emma Watson criam vestido inspirado na personagem Bela&lt;\/p&gt;\n\" data-medium-file=\"https:\/\/i0.wp.com\/agrund.com\/wp-content\/uploads\/sites\/6\/2017\/03\/12-2.jpg?fit=300%2C289&amp;ssl=1\" data-large-file=\"https:\/\/i0.wp.com\/agrund.com\/wp-content\/uploads\/sites\/6\/2017\/03\/12-2.jpg?fit=600%2C577&amp;ssl=1\" decoding=\"async\" loading=\"lazy\" class=\"size-full wp-image-164977\" src=\"https:\/\/i0.wp.com\/www.agrund.com\/wp-content\/uploads\/sites\/6\/2017\/03\/12-2.jpg?resize=600%2C577\" alt=\"\" width=\"600\" height=\"577\" srcset=\"https:\/\/i0.wp.com\/agrund.com\/wp-content\/uploads\/sites\/6\/2017\/03\/12-2.jpg?w=600&amp;ssl=1 600w, https:\/\/i0.wp.com\/agrund.com\/wp-content\/uploads\/sites\/6\/2017\/03\/12-2.jpg?resize=300%2C289&amp;ssl=1 300w\" sizes=\"(max-width: 600px) 100vw, 600px\" data-recalc-dims=\"1\" \/><p id=\"caption-attachment-164977\" class=\"wp-caption-text\">Dior e Emma Watson criam vestido inspirado na personagem Bela<\/p><\/div>\n<div id=\"attachment_164978\" style=\"width: 610px\" class=\"wp-caption aligncenter\"><img aria-describedby=\"caption-attachment-164978\" data-attachment-id=\"164978\" data-permalink=\"https:\/\/agrund.com\/index.php\/dior-e-emma-watson-criam-vestido-inspirado-na-personagem-bela\/11-135\/\" data-orig-file=\"https:\/\/i0.wp.com\/agrund.com\/wp-content\/uploads\/sites\/6\/2017\/03\/11-2.jpg?fit=600%2C573&amp;ssl=1\" data-orig-size=\"600,573\" data-comments-opened=\"1\" data-image-meta=\"{&quot;aperture&quot;:&quot;0&quot;,&quot;credit&quot;:&quot;&quot;,&quot;camera&quot;:&quot;&quot;,&quot;caption&quot;:&quot;&quot;,&quot;created_timestamp&quot;:&quot;0&quot;,&quot;copyright&quot;:&quot;&quot;,&quot;focal_length&quot;:&quot;0&quot;,&quot;iso&quot;:&quot;0&quot;,&quot;shutter_speed&quot;:&quot;0&quot;,&quot;title&quot;:&quot;&quot;,&quot;orientation&quot;:&quot;1&quot;}\" data-image-title=\"Dior e Emma Watson criam vestido inspirado na personagem Bela\" data-image-description=\"\" data-image-caption=\"&lt;p&gt;Dior e Emma Watson criam vestido inspirado na personagem Bela&lt;\/p&gt;\n\" data-medium-file=\"https:\/\/i0.wp.com\/agrund.com\/wp-content\/uploads\/sites\/6\/2017\/03\/11-2.jpg?fit=300%2C287&amp;ssl=1\" data-large-file=\"https:\/\/i0.wp.com\/agrund.com\/wp-content\/uploads\/sites\/6\/2017\/03\/11-2.jpg?fit=600%2C573&amp;ssl=1\" decoding=\"async\" loading=\"lazy\" class=\"size-full wp-image-164978\" src=\"https:\/\/i0.wp.com\/www.agrund.com\/wp-content\/uploads\/sites\/6\/2017\/03\/11-2.jpg?resize=600%2C573\" alt=\"\" width=\"600\" height=\"573\" srcset=\"https:\/\/i0.wp.com\/agrund.com\/wp-content\/uploads\/sites\/6\/2017\/03\/11-2.jpg?w=600&amp;ssl=1 600w, https:\/\/i0.wp.com\/agrund.com\/wp-content\/uploads\/sites\/6\/2017\/03\/11-2.jpg?resize=300%2C287&amp;ssl=1 300w\" sizes=\"(max-width: 600px) 100vw, 600px\" data-recalc-dims=\"1\" \/><p id=\"caption-attachment-164978\" class=\"wp-caption-text\">Dior e Emma Watson criam vestido inspirado na personagem Bela<\/p><\/div>\n<div id=\"attachment_164976\" style=\"width: 610px\" class=\"wp-caption aligncenter\"><img aria-describedby=\"caption-attachment-164976\" data-attachment-id=\"164976\" data-permalink=\"https:\/\/agrund.com\/index.php\/dior-e-emma-watson-criam-vestido-inspirado-na-personagem-bela\/emma-2\/\" data-orig-file=\"https:\/\/i0.wp.com\/agrund.com\/wp-content\/uploads\/sites\/6\/2017\/03\/emma-2-e1490199972234.jpg?fit=600%2C900&amp;ssl=1\" data-orig-size=\"600,900\" data-comments-opened=\"1\" data-image-meta=\"{&quot;aperture&quot;:&quot;0&quot;,&quot;credit&quot;:&quot;&quot;,&quot;camera&quot;:&quot;&quot;,&quot;caption&quot;:&quot;&quot;,&quot;created_timestamp&quot;:&quot;0&quot;,&quot;copyright&quot;:&quot;2017 Getty Images&quot;,&quot;focal_length&quot;:&quot;0&quot;,&quot;iso&quot;:&quot;0&quot;,&quot;shutter_speed&quot;:&quot;0&quot;,&quot;title&quot;:&quot;&quot;,&quot;orientation&quot;:&quot;0&quot;}\" data-image-title=\"Dior e Emma Watson criam vestido inspirado na personagem Bela\" data-image-description=\"\" data-image-caption=\"&lt;p&gt;Dior e Emma Watson criam vestido inspirado na personagem Bela&lt;\/p&gt;\n\" data-medium-file=\"https:\/\/i0.wp.com\/agrund.com\/wp-content\/uploads\/sites\/6\/2017\/03\/emma-2-e1490199972234.jpg?fit=200%2C300&amp;ssl=1\" data-large-file=\"https:\/\/i0.wp.com\/agrund.com\/wp-content\/uploads\/sites\/6\/2017\/03\/emma-2-e1490199972234.jpg?fit=683%2C1024&amp;ssl=1\" decoding=\"async\" loading=\"lazy\" class=\"size-full wp-image-164976\" src=\"https:\/\/i0.wp.com\/www.agrund.com\/wp-content\/uploads\/sites\/6\/2017\/03\/emma-2-e1490199972234.jpg?resize=600%2C900\" alt=\"\" width=\"600\" height=\"900\" data-recalc-dims=\"1\" \/><p id=\"caption-attachment-164976\" class=\"wp-caption-text\">Dior e Emma Watson criam vestido inspirado na personagem Bela<\/p><\/div>\n<p>Fotos e V\u00eddeo: Reprodu\u00e7\u00e3o.<\/p>\n","protected":false},"excerpt":{"rendered":"<p>O live action \u2018A Bela e a Fera\u2019 \u00e9 um sucesso absoluto no mundo todo e parece que o conto de fadas est\u00e1 inspirando a vida real. Isso porque Emma Watson foi at\u00e9 Maria Grazia Chiuri, a diretora criativa da Dior, para fazer um vestido baseado no ic\u00f4nico modelo amarelo usado por Bela, que seria [&hellip;]<\/p>\n","protected":false},"author":8,"featured_media":164979,"comment_status":"open","ping_status":"open","sticky":false,"template":"","format":"standard","meta":{"jetpack_post_was_ever_published":false,"_jetpack_newsletter_access":"","jetpack_publicize_message":"","jetpack_is_tweetstorm":false,"jetpack_publicize_feature_enabled":true,"jetpack_social_post_already_shared":true,"jetpack_social_options":{"image_generator_settings":{"template":"highway","enabled":false}}},"categories":[2],"tags":[],"jetpack_publicize_connections":[],"jetpack_featured_media_url":"https:\/\/i0.wp.com\/agrund.com\/wp-content\/uploads\/sites\/6\/2017\/03\/sb.jpg?fit=960%2C300&ssl=1","jetpack_sharing_enabled":true,"jetpack_shortlink":"https:\/\/wp.me\/p3Hz0n-GUT","jetpack_likes_enabled":true,"_links":{"self":[{"href":"https:\/\/agrund.com\/index.php\/wp-json\/wp\/v2\/posts\/164975"}],"collection":[{"href":"https:\/\/agrund.com\/index.php\/wp-json\/wp\/v2\/posts"}],"about":[{"href":"https:\/\/agrund.com\/index.php\/wp-json\/wp\/v2\/types\/post"}],"author":[{"embeddable":true,"href":"https:\/\/agrund.com\/index.php\/wp-json\/wp\/v2\/users\/8"}],"replies":[{"embeddable":true,"href":"https:\/\/agrund.com\/index.php\/wp-json\/wp\/v2\/comments?post=164975"}],"version-history":[{"count":0,"href":"https:\/\/agrund.com\/index.php\/wp-json\/wp\/v2\/posts\/164975\/revisions"}],"wp:featuredmedia":[{"embeddable":true,"href":"https:\/\/agrund.com\/index.php\/wp-json\/wp\/v2\/media\/164979"}],"wp:attachment":[{"href":"https:\/\/agrund.com\/index.php\/wp-json\/wp\/v2\/media?parent=164975"}],"wp:term":[{"taxonomy":"category","embeddable":true,"href":"https:\/\/agrund.com\/index.php\/wp-json\/wp\/v2\/categories?post=164975"},{"taxonomy":"post_tag","embeddable":true,"href":"https:\/\/agrund.com\/index.php\/wp-json\/wp\/v2\/tags?post=164975"}],"curies":[{"name":"wp","href":"https:\/\/api.w.org\/{rel}","templated":true}]}}