{"id":164951,"date":"2017-03-22T12:00:45","date_gmt":"2017-03-22T15:00:45","guid":{"rendered":"http:\/\/www.agrund.com\/?p=164951"},"modified":"2017-03-22T10:08:11","modified_gmt":"2017-03-22T13:08:11","slug":"karl-lagerfeld-assina-colecao-de-joias","status":"publish","type":"post","link":"https:\/\/agrund.com\/index.php\/karl-lagerfeld-assina-colecao-de-joias\/","title":{"rendered":"Karl Lagerfeld assina cole\u00e7\u00e3o de joias"},"content":{"rendered":"<p>Se lembra quando contamos <a href=\"http:\/\/www.agrund.com\/karl-lagerfeld-desenvolve-tiara-luxuosa-para-o-viena-opera-ball\/\">AQUI<\/a> sobre a parceria de Karl Lagerfeld com a Swarovski? Ela acaba de ganhar um novo cap\u00edtulo: uma cole\u00e7\u00e3o completa assinada pelo designer que ser\u00e1 apresentada ao p\u00fablico esta semana, na feira Baselworld, na Su\u00ed\u00e7a. Segundo informa\u00e7\u00f5es, ela \u00e9 dividida em tr\u00eas linhas: a Ikonic, com uma pegada rocker; a Klassic Karl, que traz a assinatura do designer e tamb\u00e9m uma homenagem \u00e0 sua gata Choupette; e a Essentials, com pe\u00e7as cl\u00e1ssicas com cristais.<\/p>\n<p>Gostou? A cole\u00e7\u00e3o est\u00e1 prevista para chegar \u00e0s lojas no m\u00eas de setembro, com pre\u00e7os que v\u00e3o de U$ 54 a U$ 270 (cerca de R$190 a R$945). Confira as primeiras imagens divulgadas na galeria abaixo:<\/p>\n<div id=\"attachment_164956\" style=\"width: 510px\" class=\"wp-caption aligncenter\"><img aria-describedby=\"caption-attachment-164956\" data-attachment-id=\"164956\" data-permalink=\"https:\/\/agrund.com\/index.php\/karl-lagerfeld-assina-colecao-de-joias\/karl-basel1-1-2\/\" data-orig-file=\"https:\/\/i0.wp.com\/agrund.com\/wp-content\/uploads\/sites\/6\/2017\/03\/karl-basel1-1-1.jpg?fit=600%2C520&amp;ssl=1\" data-orig-size=\"600,520\" data-comments-opened=\"1\" data-image-meta=\"{&quot;aperture&quot;:&quot;8&quot;,&quot;credit&quot;:&quot;Stephane Gallois Photography&quot;,&quot;camera&quot;:&quot;Canon EOS 5DS R&quot;,&quot;caption&quot;:&quot;&quot;,&quot;created_timestamp&quot;:&quot;1483993487&quot;,&quot;copyright&quot;:&quot;&quot;,&quot;focal_length&quot;:&quot;85&quot;,&quot;iso&quot;:&quot;100&quot;,&quot;shutter_speed&quot;:&quot;0.008&quot;,&quot;title&quot;:&quot;&quot;,&quot;orientation&quot;:&quot;1&quot;}\" data-image-title=\"Karl Lagerfeld assina cole\u00e7\u00e3o de joias\" data-image-description=\"\" data-image-caption=\"&lt;p&gt;Karl Lagerfeld assina cole\u00e7\u00e3o de joias&lt;\/p&gt;\n\" data-medium-file=\"https:\/\/i0.wp.com\/agrund.com\/wp-content\/uploads\/sites\/6\/2017\/03\/karl-basel1-1-1.jpg?fit=300%2C260&amp;ssl=1\" data-large-file=\"https:\/\/i0.wp.com\/agrund.com\/wp-content\/uploads\/sites\/6\/2017\/03\/karl-basel1-1-1.jpg?fit=600%2C520&amp;ssl=1\" decoding=\"async\" loading=\"lazy\" class=\"wp-image-164956\" src=\"https:\/\/i0.wp.com\/www.agrund.com\/wp-content\/uploads\/sites\/6\/2017\/03\/karl-basel1-1-1.jpg?resize=500%2C433\" alt=\"\" width=\"500\" height=\"433\" srcset=\"https:\/\/i0.wp.com\/agrund.com\/wp-content\/uploads\/sites\/6\/2017\/03\/karl-basel1-1-1.jpg?w=600&amp;ssl=1 600w, https:\/\/i0.wp.com\/agrund.com\/wp-content\/uploads\/sites\/6\/2017\/03\/karl-basel1-1-1.jpg?resize=300%2C260&amp;ssl=1 300w\" sizes=\"(max-width: 500px) 100vw, 500px\" data-recalc-dims=\"1\" \/><p id=\"caption-attachment-164956\" class=\"wp-caption-text\">Karl Lagerfeld assina cole\u00e7\u00e3o de joias<\/p><\/div>\n<div id=\"attachment_164957\" style=\"width: 510px\" class=\"wp-caption aligncenter\"><img aria-describedby=\"caption-attachment-164957\" data-attachment-id=\"164957\" data-permalink=\"https:\/\/agrund.com\/index.php\/karl-lagerfeld-assina-colecao-de-joias\/karl-basel2-1\/\" data-orig-file=\"https:\/\/i0.wp.com\/agrund.com\/wp-content\/uploads\/sites\/6\/2017\/03\/karl-basel2-1.jpg?fit=500%2C423&amp;ssl=1\" data-orig-size=\"500,423\" data-comments-opened=\"1\" data-image-meta=\"{&quot;aperture&quot;:&quot;16&quot;,&quot;credit&quot;:&quot;Stephane Gallois Photography&quot;,&quot;camera&quot;:&quot;Canon EOS 5DS R&quot;,&quot;caption&quot;:&quot;&quot;,&quot;created_timestamp&quot;:&quot;1483996009&quot;,&quot;copyright&quot;:&quot;&quot;,&quot;focal_length&quot;:&quot;85&quot;,&quot;iso&quot;:&quot;100&quot;,&quot;shutter_speed&quot;:&quot;0.008&quot;,&quot;title&quot;:&quot;&quot;,&quot;orientation&quot;:&quot;1&quot;}\" data-image-title=\"Karl Lagerfeld assina cole\u00e7\u00e3o de joias\" data-image-description=\"\" data-image-caption=\"&lt;p&gt;Karl Lagerfeld assina cole\u00e7\u00e3o de joias&lt;\/p&gt;\n\" data-medium-file=\"https:\/\/i0.wp.com\/agrund.com\/wp-content\/uploads\/sites\/6\/2017\/03\/karl-basel2-1.jpg?fit=300%2C254&amp;ssl=1\" data-large-file=\"https:\/\/i0.wp.com\/agrund.com\/wp-content\/uploads\/sites\/6\/2017\/03\/karl-basel2-1.jpg?fit=500%2C423&amp;ssl=1\" decoding=\"async\" loading=\"lazy\" class=\"size-full wp-image-164957\" src=\"https:\/\/i0.wp.com\/www.agrund.com\/wp-content\/uploads\/sites\/6\/2017\/03\/karl-basel2-1.jpg?resize=500%2C423\" alt=\"\" width=\"500\" height=\"423\" srcset=\"https:\/\/i0.wp.com\/agrund.com\/wp-content\/uploads\/sites\/6\/2017\/03\/karl-basel2-1.jpg?w=500&amp;ssl=1 500w, https:\/\/i0.wp.com\/agrund.com\/wp-content\/uploads\/sites\/6\/2017\/03\/karl-basel2-1.jpg?resize=300%2C254&amp;ssl=1 300w\" sizes=\"(max-width: 500px) 100vw, 500px\" data-recalc-dims=\"1\" \/><p id=\"caption-attachment-164957\" class=\"wp-caption-text\">Karl Lagerfeld assina cole\u00e7\u00e3o de joias<\/p><\/div>\n<p>&nbsp;<\/p>\n<p>Fotos: Reprodu\u00e7\u00e3o.<\/p>\n","protected":false},"excerpt":{"rendered":"<p>Se lembra quando contamos AQUI sobre a parceria de Karl Lagerfeld com a Swarovski? Ela acaba de ganhar um novo cap\u00edtulo: uma cole\u00e7\u00e3o completa assinada pelo designer que ser\u00e1 apresentada ao p\u00fablico esta semana, na feira Baselworld, na Su\u00ed\u00e7a. Segundo informa\u00e7\u00f5es, ela \u00e9 dividida em tr\u00eas linhas: a Ikonic, com uma pegada rocker; a Klassic [&hellip;]<\/p>\n","protected":false},"author":8,"featured_media":164958,"comment_status":"open","ping_status":"open","sticky":false,"template":"","format":"standard","meta":{"jetpack_post_was_ever_published":false,"_jetpack_newsletter_access":"","jetpack_publicize_message":"","jetpack_is_tweetstorm":false,"jetpack_publicize_feature_enabled":true,"jetpack_social_post_already_shared":true,"jetpack_social_options":{"image_generator_settings":{"template":"highway","enabled":false}}},"categories":[2],"tags":[],"jetpack_publicize_connections":[],"jetpack_featured_media_url":"https:\/\/i0.wp.com\/agrund.com\/wp-content\/uploads\/sites\/6\/2017\/03\/sm-1.jpg?fit=960%2C300&ssl=1","jetpack_sharing_enabled":true,"jetpack_shortlink":"https:\/\/wp.me\/p3Hz0n-GUv","jetpack_likes_enabled":true,"_links":{"self":[{"href":"https:\/\/agrund.com\/index.php\/wp-json\/wp\/v2\/posts\/164951"}],"collection":[{"href":"https:\/\/agrund.com\/index.php\/wp-json\/wp\/v2\/posts"}],"about":[{"href":"https:\/\/agrund.com\/index.php\/wp-json\/wp\/v2\/types\/post"}],"author":[{"embeddable":true,"href":"https:\/\/agrund.com\/index.php\/wp-json\/wp\/v2\/users\/8"}],"replies":[{"embeddable":true,"href":"https:\/\/agrund.com\/index.php\/wp-json\/wp\/v2\/comments?post=164951"}],"version-history":[{"count":0,"href":"https:\/\/agrund.com\/index.php\/wp-json\/wp\/v2\/posts\/164951\/revisions"}],"wp:featuredmedia":[{"embeddable":true,"href":"https:\/\/agrund.com\/index.php\/wp-json\/wp\/v2\/media\/164958"}],"wp:attachment":[{"href":"https:\/\/agrund.com\/index.php\/wp-json\/wp\/v2\/media?parent=164951"}],"wp:term":[{"taxonomy":"category","embeddable":true,"href":"https:\/\/agrund.com\/index.php\/wp-json\/wp\/v2\/categories?post=164951"},{"taxonomy":"post_tag","embeddable":true,"href":"https:\/\/agrund.com\/index.php\/wp-json\/wp\/v2\/tags?post=164951"}],"curies":[{"name":"wp","href":"https:\/\/api.w.org\/{rel}","templated":true}]}}