{"id":16477,"date":"2011-09-09T09:40:54","date_gmt":"2011-09-09T12:40:54","guid":{"rendered":"http:\/\/www.agrund.com\/blogs\/notas\/?p=16477"},"modified":"2011-09-09T09:40:54","modified_gmt":"2011-09-09T12:40:54","slug":"miss-brasil-desabafa-em-seu-twitter","status":"publish","type":"post","link":"https:\/\/agrund.com\/index.php\/miss-brasil-desabafa-em-seu-twitter\/","title":{"rendered":"Miss Brasil desabafa em seu twitter"},"content":{"rendered":"<p>A Miss Brasil &#8211; Priscila Machado desabafou em seu twitter &#8211; @priscilamachado, sobre as vaias que recebeu ao longo do desfile da primeira eliminat\u00f3ria do concurso. Priscila publicou em seu\u00a0micro-blog o seguinte recado &#8211; &#8221; Respeito \u00e9 bom e todo mundo gosta. Trabalho duro, s\u00e9rio e sempre tive car\u00e1ter. Ningu\u00e9m nesse mundo tem o direito de me julgar por nada&#8230;&#8221; Mesmo assim a Miss n\u00e3o se deixou abater e complementou mais em seu twitter &#8211; &#8221; &#8220;Amanh\u00e3 \u00e9 um novo dia, cheio de alegrias e tristezas mas todos os dias coloco minha cabe\u00e7a no travesseiro e tenho a certeza de que dei o meu melhor, fui honesta e que Deus me aben\u00e7oou me dando uma nova chance&#8221;.<\/p>\n<p>Tudo isso ocorreu quando Priscila desfilava com o traje de gala e de biqu\u00edni.<\/p>\n<p>\u00c9&#8230; e quem disse que ser Miss \u00e9 f\u00e1cil?! Vai garota! Arrasa que voc\u00ea j\u00e1 est\u00e1 no Miss Universe.<\/p>\n<p style=\"text-align: center\"><img decoding=\"async\" loading=\"lazy\" class=\"aligncenter size-full wp-image-16478\" src=\"https:\/\/i0.wp.com\/www.agrund.com\/arquivo\/notas\/files\/2011\/09\/miss.jpg?resize=410%2C280\" alt=\"\" width=\"410\" height=\"280\" data-recalc-dims=\"1\" \/><\/p>\n<p>Foto: Reprodu\u00e7\u00e3o<\/p>\n","protected":false},"excerpt":{"rendered":"<p>A Miss Brasil &#8211; Priscila Machado desabafou em seu twitter &#8211; @priscilamachado, sobre as vaias que recebeu ao longo do desfile da primeira eliminat\u00f3ria do concurso. Priscila publicou em seu\u00a0micro-blog o seguinte recado &#8211; &#8221; Respeito \u00e9 bom e todo mundo gosta. Trabalho duro, s\u00e9rio e sempre tive car\u00e1ter. Ningu\u00e9m nesse mundo tem o direito [&hellip;]<\/p>\n","protected":false},"author":8,"featured_media":16478,"comment_status":"open","ping_status":"open","sticky":false,"template":"","format":"standard","meta":{"jetpack_post_was_ever_published":false,"_jetpack_newsletter_access":"","jetpack_publicize_message":"","jetpack_is_tweetstorm":false,"jetpack_publicize_feature_enabled":true,"jetpack_social_post_already_shared":false,"jetpack_social_options":{"image_generator_settings":{"template":"highway","enabled":false}}},"categories":[2],"tags":[],"jetpack_publicize_connections":[],"jetpack_featured_media_url":"","jetpack_sharing_enabled":true,"jetpack_shortlink":"https:\/\/wp.me\/p3Hz0n-4hL","jetpack_likes_enabled":true,"_links":{"self":[{"href":"https:\/\/agrund.com\/index.php\/wp-json\/wp\/v2\/posts\/16477"}],"collection":[{"href":"https:\/\/agrund.com\/index.php\/wp-json\/wp\/v2\/posts"}],"about":[{"href":"https:\/\/agrund.com\/index.php\/wp-json\/wp\/v2\/types\/post"}],"author":[{"embeddable":true,"href":"https:\/\/agrund.com\/index.php\/wp-json\/wp\/v2\/users\/8"}],"replies":[{"embeddable":true,"href":"https:\/\/agrund.com\/index.php\/wp-json\/wp\/v2\/comments?post=16477"}],"version-history":[{"count":0,"href":"https:\/\/agrund.com\/index.php\/wp-json\/wp\/v2\/posts\/16477\/revisions"}],"wp:featuredmedia":[{"embeddable":true,"href":"https:\/\/agrund.com\/index.php\/wp-json\/"}],"wp:attachment":[{"href":"https:\/\/agrund.com\/index.php\/wp-json\/wp\/v2\/media?parent=16477"}],"wp:term":[{"taxonomy":"category","embeddable":true,"href":"https:\/\/agrund.com\/index.php\/wp-json\/wp\/v2\/categories?post=16477"},{"taxonomy":"post_tag","embeddable":true,"href":"https:\/\/agrund.com\/index.php\/wp-json\/wp\/v2\/tags?post=16477"}],"curies":[{"name":"wp","href":"https:\/\/api.w.org\/{rel}","templated":true}]}}