{"id":16447,"date":"2011-09-08T15:56:55","date_gmt":"2011-09-08T18:56:55","guid":{"rendered":"http:\/\/www.agrund.com\/blogs\/notas\/?p=16447"},"modified":"2011-09-08T15:56:55","modified_gmt":"2011-09-08T18:56:55","slug":"mais-jeremy-scott","status":"publish","type":"post","link":"https:\/\/agrund.com\/index.php\/mais-jeremy-scott\/","title":{"rendered":"Mais Jeremy Scott"},"content":{"rendered":"<p style=\"text-align: left\">Acaba de sair a segunda parceria do estilista Jeremy Scott com a Swatch, e est\u00e1 t\u00e3o linda quanto a primeira! Toques surrealistas e uma boa conversada com Salvador Dali, os rel\u00f3gios aparecem bem coloridos abra\u00e7ando o esp\u00edrito divertido de Jeremy. A cole\u00e7\u00e3o deu abertura at\u00e9 a um rel\u00f3gio de bolso, o primeiro produzido pela marca! Gostaram ?<\/p>\n<p style=\"text-align: center\"><img decoding=\"async\" loading=\"lazy\" class=\"aligncenter size-full wp-image-16448\" src=\"https:\/\/i0.wp.com\/www.agrund.com\/arquivo\/notas\/files\/2011\/09\/112.jpg?resize=240%2C240\" alt=\"\" width=\"240\" height=\"240\" data-recalc-dims=\"1\" \/><\/p>\n<p style=\"text-align: center\"><img decoding=\"async\" loading=\"lazy\" class=\"aligncenter size-full wp-image-16449\" src=\"https:\/\/i0.wp.com\/www.agrund.com\/arquivo\/notas\/files\/2011\/09\/26.jpg?resize=240%2C240\" alt=\"\" width=\"240\" height=\"240\" data-recalc-dims=\"1\" \/><\/p>\n<p style=\"text-align: center\"><img decoding=\"async\" loading=\"lazy\" class=\"aligncenter size-full wp-image-16450\" src=\"https:\/\/i0.wp.com\/www.agrund.com\/arquivo\/notas\/files\/2011\/09\/33.jpg?resize=240%2C240\" alt=\"\" width=\"240\" height=\"240\" data-recalc-dims=\"1\" \/><\/p>\n<p style=\"text-align: center\"><img decoding=\"async\" loading=\"lazy\" class=\"aligncenter size-full wp-image-16451\" src=\"https:\/\/i0.wp.com\/www.agrund.com\/arquivo\/notas\/files\/2011\/09\/41.jpg?resize=240%2C240\" alt=\"\" width=\"240\" height=\"240\" data-recalc-dims=\"1\" \/><\/p>\n<p>Fotos: Reprodu\u00e7\u00e3o.<\/p>\n","protected":false},"excerpt":{"rendered":"<p>Acaba de sair a segunda parceria do estilista Jeremy Scott com a Swatch, e est\u00e1 t\u00e3o linda quanto a primeira! Toques surrealistas e uma boa conversada com Salvador Dali, os rel\u00f3gios aparecem bem coloridos abra\u00e7ando o esp\u00edrito divertido de Jeremy. A cole\u00e7\u00e3o deu abertura at\u00e9 a um rel\u00f3gio de bolso, o primeiro produzido pela marca! [&hellip;]<\/p>\n","protected":false},"author":8,"featured_media":16448,"comment_status":"open","ping_status":"open","sticky":false,"template":"","format":"standard","meta":{"jetpack_post_was_ever_published":false,"_jetpack_newsletter_access":"","jetpack_publicize_message":"","jetpack_is_tweetstorm":false,"jetpack_publicize_feature_enabled":true,"jetpack_social_post_already_shared":false,"jetpack_social_options":{"image_generator_settings":{"template":"highway","enabled":false}}},"categories":[2],"tags":[],"jetpack_publicize_connections":[],"jetpack_featured_media_url":"","jetpack_sharing_enabled":true,"jetpack_shortlink":"https:\/\/wp.me\/p3Hz0n-4hh","jetpack_likes_enabled":true,"_links":{"self":[{"href":"https:\/\/agrund.com\/index.php\/wp-json\/wp\/v2\/posts\/16447"}],"collection":[{"href":"https:\/\/agrund.com\/index.php\/wp-json\/wp\/v2\/posts"}],"about":[{"href":"https:\/\/agrund.com\/index.php\/wp-json\/wp\/v2\/types\/post"}],"author":[{"embeddable":true,"href":"https:\/\/agrund.com\/index.php\/wp-json\/wp\/v2\/users\/8"}],"replies":[{"embeddable":true,"href":"https:\/\/agrund.com\/index.php\/wp-json\/wp\/v2\/comments?post=16447"}],"version-history":[{"count":0,"href":"https:\/\/agrund.com\/index.php\/wp-json\/wp\/v2\/posts\/16447\/revisions"}],"wp:featuredmedia":[{"embeddable":true,"href":"https:\/\/agrund.com\/index.php\/wp-json\/"}],"wp:attachment":[{"href":"https:\/\/agrund.com\/index.php\/wp-json\/wp\/v2\/media?parent=16447"}],"wp:term":[{"taxonomy":"category","embeddable":true,"href":"https:\/\/agrund.com\/index.php\/wp-json\/wp\/v2\/categories?post=16447"},{"taxonomy":"post_tag","embeddable":true,"href":"https:\/\/agrund.com\/index.php\/wp-json\/wp\/v2\/tags?post=16447"}],"curies":[{"name":"wp","href":"https:\/\/api.w.org\/{rel}","templated":true}]}}