{"id":16430,"date":"2011-09-08T12:48:11","date_gmt":"2011-09-08T15:48:11","guid":{"rendered":"http:\/\/www.agrund.com\/blogs\/notas\/?p=16430"},"modified":"2011-09-08T12:48:11","modified_gmt":"2011-09-08T15:48:11","slug":"saiu-a-sentenca-de-john-galliano","status":"publish","type":"post","link":"https:\/\/agrund.com\/index.php\/saiu-a-sentenca-de-john-galliano\/","title":{"rendered":"Saiu a Senten\u00e7a de John Galliano"},"content":{"rendered":"<p>E n\u00e3o era pra menos, o estilista foi considerado culpado por seu comportamento racista e deve pagar uma multa de 17,5 mil euros. S\u00f3? A pena m\u00e1xima na Fran\u00e7a para este tipo de crime \u00e9 de seis meses de pris\u00e3o e uma multa de 22.500 euros. Galliano que n\u00e3o compareceu ao tribunal, como j\u00e1 se esperava, foi preso em fevereiro por agredir verbalmente um casal em um caf\u00e9 no bairro do Marais. Ele pediu desculpas pela &#8220;tristeza&#8221; de seu comportamento e entrou em tratamento para curar dos v\u00edcios. Ap\u00f3s sua pris\u00e3o, Galliano foi demitido da grife Dior, assim como de sua etiqueta hom\u00f4nima John Galliano. Agora vamos torcer para que o designer se recupere!<\/p>\n<p style=\"text-align: center\"><img decoding=\"async\" loading=\"lazy\" class=\"aligncenter size-full wp-image-16431\" src=\"https:\/\/i0.wp.com\/www.agrund.com\/arquivo\/notas\/files\/2011\/09\/111.jpg?resize=350%2C450\" alt=\"\" width=\"350\" height=\"450\" data-recalc-dims=\"1\" \/><\/p>\n<p style=\"text-align: left\">Foto: Reprodu\u00e7\u00e3o.<\/p>\n","protected":false},"excerpt":{"rendered":"<p>E n\u00e3o era pra menos, o estilista foi considerado culpado por seu comportamento racista e deve pagar uma multa de 17,5 mil euros. S\u00f3? A pena m\u00e1xima na Fran\u00e7a para este tipo de crime \u00e9 de seis meses de pris\u00e3o e uma multa de 22.500 euros. Galliano que n\u00e3o compareceu ao tribunal, como j\u00e1 se [&hellip;]<\/p>\n","protected":false},"author":8,"featured_media":16431,"comment_status":"open","ping_status":"open","sticky":false,"template":"","format":"standard","meta":{"jetpack_post_was_ever_published":false,"_jetpack_newsletter_access":"","jetpack_publicize_message":"","jetpack_is_tweetstorm":false,"jetpack_publicize_feature_enabled":true,"jetpack_social_post_already_shared":false,"jetpack_social_options":{"image_generator_settings":{"template":"highway","enabled":false}}},"categories":[2],"tags":[],"jetpack_publicize_connections":[],"jetpack_featured_media_url":"","jetpack_sharing_enabled":true,"jetpack_shortlink":"https:\/\/wp.me\/p3Hz0n-4h0","jetpack_likes_enabled":true,"_links":{"self":[{"href":"https:\/\/agrund.com\/index.php\/wp-json\/wp\/v2\/posts\/16430"}],"collection":[{"href":"https:\/\/agrund.com\/index.php\/wp-json\/wp\/v2\/posts"}],"about":[{"href":"https:\/\/agrund.com\/index.php\/wp-json\/wp\/v2\/types\/post"}],"author":[{"embeddable":true,"href":"https:\/\/agrund.com\/index.php\/wp-json\/wp\/v2\/users\/8"}],"replies":[{"embeddable":true,"href":"https:\/\/agrund.com\/index.php\/wp-json\/wp\/v2\/comments?post=16430"}],"version-history":[{"count":0,"href":"https:\/\/agrund.com\/index.php\/wp-json\/wp\/v2\/posts\/16430\/revisions"}],"wp:featuredmedia":[{"embeddable":true,"href":"https:\/\/agrund.com\/index.php\/wp-json\/"}],"wp:attachment":[{"href":"https:\/\/agrund.com\/index.php\/wp-json\/wp\/v2\/media?parent=16430"}],"wp:term":[{"taxonomy":"category","embeddable":true,"href":"https:\/\/agrund.com\/index.php\/wp-json\/wp\/v2\/categories?post=16430"},{"taxonomy":"post_tag","embeddable":true,"href":"https:\/\/agrund.com\/index.php\/wp-json\/wp\/v2\/tags?post=16430"}],"curies":[{"name":"wp","href":"https:\/\/api.w.org\/{rel}","templated":true}]}}