{"id":163769,"date":"2017-03-07T13:00:08","date_gmt":"2017-03-07T16:00:08","guid":{"rendered":"http:\/\/www.agrund.com\/?p=163769"},"modified":"2017-03-07T12:52:06","modified_gmt":"2017-03-07T15:52:06","slug":"veja-quem-desfila-no-sp-fashion-week-n43","status":"publish","type":"post","link":"https:\/\/agrund.com\/index.php\/veja-quem-desfila-no-sp-fashion-week-n43\/","title":{"rendered":"Veja quem desfila no SP Fashion Week N43"},"content":{"rendered":"<p>Como j\u00e1 contamos aqui, o SP Fashion Week N43 acontece na pr\u00f3xima semana, entre os dias 13 e 17 de fevereiro, na Bienal, no Parque do Ibirapuera. Depois de muita espera, finalmente hoje (07) o line-up oficial do evento foi divulgado.<\/p>\n<p>Os cinco dias de evento contar\u00e3o com 31 desfiles, sendo 30 marcas apresentando suas cole\u00e7\u00f5es outono\/inverno e uma apresenta\u00e7\u00e3o do projeto Sebrae Top5. Dentre as novidades do evento est\u00e3o as marcas Alexandrine por Dino Batista, Tig, Two Denim, A.Niemeyer, Fabiana Milazzo e Sissa.<\/p>\n<p>O Agrund.com estar\u00e1 l\u00e1 para mostrar todos os detalhes para voc\u00ea!<\/p>\n<p>Confira o line-up completo:<\/p>\n<p><strong>13.03|Segunda- Feira<\/strong><br \/>\n10h Animale<br \/>\n13h Uma Raquel Davidowicz<br \/>\n17h30 Jo\u00e3o Pimenta<br \/>\n19h Lilly Sarti<br \/>\n20h Osklen<\/p>\n<p><strong>14.03|Ter\u00e7a-Feira<\/strong><br \/>\n10h Vitorino Campos<br \/>\n11h Atelier Sissa<br \/>\n14h30 Ellus<br \/>\n15h30 Lolitta<br \/>\n17h Gig Couture<br \/>\n18h30 Two Denim<br \/>\n20h PatBo<br \/>\n21h Lino Villaventura<\/p>\n<p><strong>15.03|Quarta-Feira<\/strong><br \/>\n11h Giuliana Romanno<br \/>\n15h30 Isabela Capeto<br \/>\n16h30 Memo<br \/>\n17h30 Fabiana Milazzo<br \/>\n18h30 Apartamento 03<br \/>\n21h Ellus 2nd Floor<\/p>\n<p><strong>16.03|Quinta-Feira<\/strong><br \/>\n11h A La Gar\u00e7onne<br \/>\n16h Cotton Project<br \/>\n17h Alexandrine por Batista Dinho<br \/>\n18h30 Juliana Jabour<br \/>\n20h Amir Slama<br \/>\n21h Tig<\/p>\n<p><strong>17.03|Sexta-Feira<\/strong><br \/>\n15h Ratier<br \/>\n16h A.Niemeyer<br \/>\n17h Sebrae Top 5<br \/>\n18h Reserva<br \/>\n19h30 Amap\u00f4<br \/>\n20h30 LAB<\/p>\n<div id=\"attachment_163770\" style=\"width: 610px\" class=\"wp-caption aligncenter\"><img aria-describedby=\"caption-attachment-163770\" data-attachment-id=\"163770\" data-permalink=\"https:\/\/agrund.com\/index.php\/veja-quem-desfila-no-sp-fashion-week-n43\/experimento-nohda-13\/\" data-orig-file=\"https:\/\/i0.wp.com\/agrund.com\/wp-content\/uploads\/sites\/6\/2017\/03\/enoh-lb-n42-030-e1488901820164.jpg?fit=600%2C399&amp;ssl=1\" data-orig-size=\"600,399\" data-comments-opened=\"1\" data-image-meta=\"{&quot;aperture&quot;:&quot;4&quot;,&quot;credit&quot;:&quot;Ze Takahashi \\\/ FOTOSITE&quot;,&quot;camera&quot;:&quot;NIKON D4S&quot;,&quot;caption&quot;:&quot;Experimento Nohda\\r\\rSPFW - N42\\r\\rOutubro \\\/ 2016\\r\\rfoto: Ze Takahashi \\\/ FOTOSITE&quot;,&quot;created_timestamp&quot;:&quot;1474478048&quot;,&quot;copyright&quot;:&quot;AGENCIA FOTOSITE&quot;,&quot;focal_length&quot;:&quot;100&quot;,&quot;iso&quot;:&quot;1600&quot;,&quot;shutter_speed&quot;:&quot;0.0025&quot;,&quot;title&quot;:&quot;Experimento Nohda&quot;,&quot;orientation&quot;:&quot;1&quot;}\" data-image-title=\"Veja quem desfila no SP Fashion Week N43\" data-image-description=\"\" data-image-caption=\"&lt;p&gt;Veja quem desfila no SP Fashion Week N43&lt;\/p&gt;\n\" data-medium-file=\"https:\/\/i0.wp.com\/agrund.com\/wp-content\/uploads\/sites\/6\/2017\/03\/enoh-lb-n42-030-e1488901820164.jpg?fit=300%2C200&amp;ssl=1\" data-large-file=\"https:\/\/i0.wp.com\/agrund.com\/wp-content\/uploads\/sites\/6\/2017\/03\/enoh-lb-n42-030-e1488901820164.jpg?fit=1024%2C682&amp;ssl=1\" decoding=\"async\" loading=\"lazy\" class=\"size-full wp-image-163770\" src=\"https:\/\/i0.wp.com\/www.agrund.com\/wp-content\/uploads\/sites\/6\/2017\/03\/enoh-lb-n42-030-e1488901820164.jpg?resize=600%2C399\" alt=\"\" width=\"600\" height=\"399\" data-recalc-dims=\"1\" \/><p id=\"caption-attachment-163770\" class=\"wp-caption-text\">Veja quem desfila no SP Fashion Week N43<\/p><\/div>\n<p>Foto: Reprodu\u00e7\u00e3o.<\/p>\n","protected":false},"excerpt":{"rendered":"<p>Como j\u00e1 contamos aqui, o SP Fashion Week N43 acontece na pr\u00f3xima semana, entre os dias 13 e 17 de fevereiro, na Bienal, no Parque do Ibirapuera. Depois de muita espera, finalmente hoje (07) o line-up oficial do evento foi divulgado. Os cinco dias de evento contar\u00e3o com 31 desfiles, sendo 30 marcas apresentando suas [&hellip;]<\/p>\n","protected":false},"author":8,"featured_media":163771,"comment_status":"open","ping_status":"open","sticky":false,"template":"","format":"standard","meta":{"jetpack_post_was_ever_published":false,"_jetpack_newsletter_access":"","jetpack_publicize_message":"","jetpack_is_tweetstorm":false,"jetpack_publicize_feature_enabled":true,"jetpack_social_post_already_shared":true,"jetpack_social_options":{"image_generator_settings":{"template":"highway","enabled":false}}},"categories":[2],"tags":[],"jetpack_publicize_connections":[],"jetpack_featured_media_url":"https:\/\/i0.wp.com\/agrund.com\/wp-content\/uploads\/sites\/6\/2017\/03\/s-26.jpg?fit=960%2C300&ssl=1","jetpack_sharing_enabled":true,"jetpack_shortlink":"https:\/\/wp.me\/p3Hz0n-GBr","jetpack_likes_enabled":true,"_links":{"self":[{"href":"https:\/\/agrund.com\/index.php\/wp-json\/wp\/v2\/posts\/163769"}],"collection":[{"href":"https:\/\/agrund.com\/index.php\/wp-json\/wp\/v2\/posts"}],"about":[{"href":"https:\/\/agrund.com\/index.php\/wp-json\/wp\/v2\/types\/post"}],"author":[{"embeddable":true,"href":"https:\/\/agrund.com\/index.php\/wp-json\/wp\/v2\/users\/8"}],"replies":[{"embeddable":true,"href":"https:\/\/agrund.com\/index.php\/wp-json\/wp\/v2\/comments?post=163769"}],"version-history":[{"count":0,"href":"https:\/\/agrund.com\/index.php\/wp-json\/wp\/v2\/posts\/163769\/revisions"}],"wp:featuredmedia":[{"embeddable":true,"href":"https:\/\/agrund.com\/index.php\/wp-json\/wp\/v2\/media\/163771"}],"wp:attachment":[{"href":"https:\/\/agrund.com\/index.php\/wp-json\/wp\/v2\/media?parent=163769"}],"wp:term":[{"taxonomy":"category","embeddable":true,"href":"https:\/\/agrund.com\/index.php\/wp-json\/wp\/v2\/categories?post=163769"},{"taxonomy":"post_tag","embeddable":true,"href":"https:\/\/agrund.com\/index.php\/wp-json\/wp\/v2\/tags?post=163769"}],"curies":[{"name":"wp","href":"https:\/\/api.w.org\/{rel}","templated":true}]}}