{"id":163595,"date":"2017-03-03T19:00:20","date_gmt":"2017-03-03T22:00:20","guid":{"rendered":"http:\/\/www.agrund.com\/?p=163595"},"modified":"2017-03-03T10:51:05","modified_gmt":"2017-03-03T13:51:05","slug":"looks-chiques-de-carnaval-para-a-vida-real-sim-e-possivel","status":"publish","type":"post","link":"https:\/\/agrund.com\/index.php\/looks-chiques-de-carnaval-para-a-vida-real-sim-e-possivel\/","title":{"rendered":"Looks chiques de Carnaval para a vida real. Sim, \u00e9 poss\u00edvel!"},"content":{"rendered":"<p>Por Ros\u00e2ngela Espinossi<\/p>\n<p>O Carnaval acabou e as fantasias v\u00e3o ficar guardadas. Mas por qu\u00ea n\u00e3o se inspirar em looks usados durante a folia de Momo para festas e eventos p\u00f3s-folia? Muitas famosas participaram de desfiles e bailes de Carnaval com pe\u00e7as dignas de tapetes vermelhos, que podem ser perfeitas para a vida real. Basta ajuste aqui. Mariana Rios, Ticiane Pinheiro, Luiza Brunet foram algumas que mostraram que Carnaval tamb\u00e9m \u00e9 sin\u00f4nimo de eleg\u00e2ncia e bom gosto. Confira abaixo e depois clique <a href=\"http:\/\/www.elasnotapetevermelho.com.br\/portal\/looks-de-carnaval-das-famosas-para-a-vida-real-sim-e-possivel\/\">AQUI<\/a> para ver mais beldades e seus vestidos maravilhosos.<\/p>\n<p>Para o Baile da Arara, no Rio de Janeiro, nesta quarta-feira (28), muita gente foi fantasiada, mas Mariana Rios preferiu um look chique, da Martha Medeiros, para a ocasi\u00e3o. O longo azul-claro de renda vem preso apenas na lateral, na altura da cintura, formando uma fenda generosa. \u00c9 usado com shorts por baixo. Tudo perfeito para a ocasi\u00e3o. Para a vida p\u00f3s-folia, um pouco menos de fenda e um pouco mais de forro e pronto. Chique no \u00faltimo!<\/p>\n<div id=\"attachment_163597\" style=\"width: 610px\" class=\"wp-caption aligncenter\"><img aria-describedby=\"caption-attachment-163597\" data-attachment-id=\"163597\" data-permalink=\"https:\/\/agrund.com\/index.php\/looks-chiques-de-carnaval-para-a-vida-real-sim-e-possivel\/mariana_rios_instagram\/\" data-orig-file=\"https:\/\/i0.wp.com\/agrund.com\/wp-content\/uploads\/sites\/6\/2017\/03\/mariana_rios_instagram-e1488548754184.jpg?fit=600%2C749&amp;ssl=1\" data-orig-size=\"600,749\" data-comments-opened=\"1\" data-image-meta=\"{&quot;aperture&quot;:&quot;0&quot;,&quot;credit&quot;:&quot;&quot;,&quot;camera&quot;:&quot;&quot;,&quot;caption&quot;:&quot;&quot;,&quot;created_timestamp&quot;:&quot;0&quot;,&quot;copyright&quot;:&quot;&quot;,&quot;focal_length&quot;:&quot;0&quot;,&quot;iso&quot;:&quot;0&quot;,&quot;shutter_speed&quot;:&quot;0&quot;,&quot;title&quot;:&quot;&quot;,&quot;orientation&quot;:&quot;0&quot;}\" data-image-title=\"Looks chiques de Carnaval para a vida real. Sim, \u00e9 poss\u00edvel!\" data-image-description=\"\" data-image-caption=\"&lt;p&gt;Looks chiques de Carnaval para a vida real. Sim, \u00e9 poss\u00edvel!&lt;\/p&gt;\n\" data-medium-file=\"https:\/\/i0.wp.com\/agrund.com\/wp-content\/uploads\/sites\/6\/2017\/03\/mariana_rios_instagram-e1488548754184.jpg?fit=240%2C300&amp;ssl=1\" data-large-file=\"https:\/\/i0.wp.com\/agrund.com\/wp-content\/uploads\/sites\/6\/2017\/03\/mariana_rios_instagram-e1488548754184.jpg?fit=820%2C1024&amp;ssl=1\" decoding=\"async\" loading=\"lazy\" class=\"size-full wp-image-163597\" src=\"https:\/\/i0.wp.com\/www.agrund.com\/wp-content\/uploads\/sites\/6\/2017\/03\/mariana_rios_instagram-e1488548754184.jpg?resize=600%2C749\" alt=\"\" width=\"600\" height=\"749\" data-recalc-dims=\"1\" \/><p id=\"caption-attachment-163597\" class=\"wp-caption-text\">Looks chiques de Carnaval para a vida real. Sim, \u00e9 poss\u00edvel!<\/p><\/div>\n<p>A tem\u00e1tica do Baile do Copacabana para este Carnaval, no \u00faltimo s\u00e1bado foi Geishas, ou Gueixas. Quer dizer, inspira\u00e7\u00e3o japonesa. Ticiane Pinheiro usou tr\u00eas looks. Um deles, assinado pela grife Aya, foi esse estampado com flores em fundo preto. Aqui h\u00e1, al\u00e9m da inspira\u00e7\u00e3o no Jap\u00e3o, muita informa\u00e7\u00e3o de moda. Um ombro s\u00f3 e dark flowers s\u00e3o algumas delas. Para entrar no clima oriental, a apresentadora apostou no make com olho puxado e coque. O vestido pode ser usado sempre, sem cair de moda.<\/p>\n<div id=\"attachment_163598\" style=\"width: 610px\" class=\"wp-caption aligncenter\"><img aria-describedby=\"caption-attachment-163598\" data-attachment-id=\"163598\" data-permalink=\"https:\/\/agrund.com\/index.php\/looks-chiques-de-carnaval-para-a-vida-real-sim-e-possivel\/ticiane_pinheiro_baile_do_copa\/\" data-orig-file=\"https:\/\/i0.wp.com\/agrund.com\/wp-content\/uploads\/sites\/6\/2017\/03\/ticiane_pinheiro_baile_do_copa-e1488548770990.jpg?fit=600%2C749&amp;ssl=1\" data-orig-size=\"600,749\" data-comments-opened=\"1\" data-image-meta=\"{&quot;aperture&quot;:&quot;0&quot;,&quot;credit&quot;:&quot;&quot;,&quot;camera&quot;:&quot;&quot;,&quot;caption&quot;:&quot;&quot;,&quot;created_timestamp&quot;:&quot;0&quot;,&quot;copyright&quot;:&quot;&quot;,&quot;focal_length&quot;:&quot;0&quot;,&quot;iso&quot;:&quot;0&quot;,&quot;shutter_speed&quot;:&quot;0&quot;,&quot;title&quot;:&quot;&quot;,&quot;orientation&quot;:&quot;0&quot;}\" data-image-title=\"Looks chiques de Carnaval para a vida real. Sim, \u00e9 poss\u00edvel!\" data-image-description=\"\" data-image-caption=\"&lt;p&gt;Looks chiques de Carnaval para a vida real. Sim, \u00e9 poss\u00edvel!&lt;\/p&gt;\n\" data-medium-file=\"https:\/\/i0.wp.com\/agrund.com\/wp-content\/uploads\/sites\/6\/2017\/03\/ticiane_pinheiro_baile_do_copa-e1488548770990.jpg?fit=240%2C300&amp;ssl=1\" data-large-file=\"https:\/\/i0.wp.com\/agrund.com\/wp-content\/uploads\/sites\/6\/2017\/03\/ticiane_pinheiro_baile_do_copa-e1488548770990.jpg?fit=820%2C1024&amp;ssl=1\" decoding=\"async\" loading=\"lazy\" class=\"size-full wp-image-163598\" src=\"https:\/\/i0.wp.com\/www.agrund.com\/wp-content\/uploads\/sites\/6\/2017\/03\/ticiane_pinheiro_baile_do_copa-e1488548770990.jpg?resize=600%2C749\" alt=\"\" width=\"600\" height=\"749\" data-recalc-dims=\"1\" \/><p id=\"caption-attachment-163598\" class=\"wp-caption-text\">Looks chiques de Carnaval para a vida real. Sim, \u00e9 poss\u00edvel!<\/p><\/div>\n<p>Rainha \u00e9 rainha. Luiza Brunet foi ao Baile do Copa com esse vestido preto com forro branco, formando fenda com babados. O detalhe \u00e9 lindo e sensual sem exageros. Tirando a refer\u00eancia oriental dos cabelos, a ex-modelo est\u00e1 perfeita para qualquer baile de gala. E n\u00e3o d\u00e1 para deixar de falar tamb\u00e9m do decote maravilhoso.<\/p>\n<div id=\"attachment_163596\" style=\"width: 610px\" class=\"wp-caption aligncenter\"><img aria-describedby=\"caption-attachment-163596\" data-attachment-id=\"163596\" data-permalink=\"https:\/\/agrund.com\/index.php\/looks-chiques-de-carnaval-para-a-vida-real-sim-e-possivel\/luiza_brunet_instagram\/\" data-orig-file=\"https:\/\/i0.wp.com\/agrund.com\/wp-content\/uploads\/sites\/6\/2017\/03\/luiza_brunet_instagram-e1488548788203.jpg?fit=600%2C749&amp;ssl=1\" data-orig-size=\"600,749\" data-comments-opened=\"1\" data-image-meta=\"{&quot;aperture&quot;:&quot;0&quot;,&quot;credit&quot;:&quot;&quot;,&quot;camera&quot;:&quot;&quot;,&quot;caption&quot;:&quot;&quot;,&quot;created_timestamp&quot;:&quot;0&quot;,&quot;copyright&quot;:&quot;&quot;,&quot;focal_length&quot;:&quot;0&quot;,&quot;iso&quot;:&quot;0&quot;,&quot;shutter_speed&quot;:&quot;0&quot;,&quot;title&quot;:&quot;&quot;,&quot;orientation&quot;:&quot;0&quot;}\" data-image-title=\"Looks chiques de Carnaval para a vida real. Sim, \u00e9 poss\u00edvel!\" data-image-description=\"\" data-image-caption=\"&lt;p&gt;Looks chiques de Carnaval para a vida real. Sim, \u00e9 poss\u00edvel!&lt;\/p&gt;\n\" data-medium-file=\"https:\/\/i0.wp.com\/agrund.com\/wp-content\/uploads\/sites\/6\/2017\/03\/luiza_brunet_instagram-e1488548788203.jpg?fit=240%2C300&amp;ssl=1\" data-large-file=\"https:\/\/i0.wp.com\/agrund.com\/wp-content\/uploads\/sites\/6\/2017\/03\/luiza_brunet_instagram-e1488548788203.jpg?fit=820%2C1024&amp;ssl=1\" decoding=\"async\" loading=\"lazy\" class=\"size-full wp-image-163596\" src=\"https:\/\/i0.wp.com\/www.agrund.com\/wp-content\/uploads\/sites\/6\/2017\/03\/luiza_brunet_instagram-e1488548788203.jpg?resize=600%2C749\" alt=\"\" width=\"600\" height=\"749\" data-recalc-dims=\"1\" \/><p id=\"caption-attachment-163596\" class=\"wp-caption-text\">Looks chiques de Carnaval para a vida real. Sim, \u00e9 poss\u00edvel!<\/p><\/div>\n<p>Fotos: Reprodu\u00e7\u00e3o.<\/p>\n","protected":false},"excerpt":{"rendered":"<p>Por Ros\u00e2ngela Espinossi O Carnaval acabou e as fantasias v\u00e3o ficar guardadas. Mas por qu\u00ea n\u00e3o se inspirar em looks usados durante a folia de Momo para festas e eventos p\u00f3s-folia? Muitas famosas participaram de desfiles e bailes de Carnaval com pe\u00e7as dignas de tapetes vermelhos, que podem ser perfeitas para a vida real. Basta [&hellip;]<\/p>\n","protected":false},"author":8,"featured_media":163599,"comment_status":"open","ping_status":"open","sticky":false,"template":"","format":"standard","meta":{"jetpack_post_was_ever_published":false,"_jetpack_newsletter_access":"","jetpack_publicize_message":"","jetpack_is_tweetstorm":false,"jetpack_publicize_feature_enabled":true,"jetpack_social_post_already_shared":true,"jetpack_social_options":{"image_generator_settings":{"template":"highway","enabled":false}}},"categories":[2],"tags":[],"jetpack_publicize_connections":[],"jetpack_featured_media_url":"https:\/\/i0.wp.com\/agrund.com\/wp-content\/uploads\/sites\/6\/2017\/03\/s-12.jpg?fit=960%2C300&ssl=1","jetpack_sharing_enabled":true,"jetpack_shortlink":"https:\/\/wp.me\/p3Hz0n-GyD","jetpack_likes_enabled":true,"_links":{"self":[{"href":"https:\/\/agrund.com\/index.php\/wp-json\/wp\/v2\/posts\/163595"}],"collection":[{"href":"https:\/\/agrund.com\/index.php\/wp-json\/wp\/v2\/posts"}],"about":[{"href":"https:\/\/agrund.com\/index.php\/wp-json\/wp\/v2\/types\/post"}],"author":[{"embeddable":true,"href":"https:\/\/agrund.com\/index.php\/wp-json\/wp\/v2\/users\/8"}],"replies":[{"embeddable":true,"href":"https:\/\/agrund.com\/index.php\/wp-json\/wp\/v2\/comments?post=163595"}],"version-history":[{"count":0,"href":"https:\/\/agrund.com\/index.php\/wp-json\/wp\/v2\/posts\/163595\/revisions"}],"wp:featuredmedia":[{"embeddable":true,"href":"https:\/\/agrund.com\/index.php\/wp-json\/wp\/v2\/media\/163599"}],"wp:attachment":[{"href":"https:\/\/agrund.com\/index.php\/wp-json\/wp\/v2\/media?parent=163595"}],"wp:term":[{"taxonomy":"category","embeddable":true,"href":"https:\/\/agrund.com\/index.php\/wp-json\/wp\/v2\/categories?post=163595"},{"taxonomy":"post_tag","embeddable":true,"href":"https:\/\/agrund.com\/index.php\/wp-json\/wp\/v2\/tags?post=163595"}],"curies":[{"name":"wp","href":"https:\/\/api.w.org\/{rel}","templated":true}]}}