{"id":163582,"date":"2017-03-03T12:00:09","date_gmt":"2017-03-03T15:00:09","guid":{"rendered":"http:\/\/www.agrund.com\/?p=163582"},"modified":"2017-03-03T10:32:37","modified_gmt":"2017-03-03T13:32:37","slug":"desfile-da-louis-vuitton-acontecera-no-museu-do-louvre","status":"publish","type":"post","link":"https:\/\/agrund.com\/index.php\/desfile-da-louis-vuitton-acontecera-no-museu-do-louvre\/","title":{"rendered":"Desfile da Louis Vuitton acontecer\u00e1 no Museu do Louvre"},"content":{"rendered":"<p>Como de costume, a Louis Vuitton escolheu um cen\u00e1rio de tirar o f\u00f4lego para o seu desfile inverno 2018 na semana de moda de Paris. A apresenta\u00e7\u00e3o, que ser\u00e1 no pr\u00f3ximo dia 07, acontecer\u00e1 no Museu do Louvre, mais precisamente na Cour Marly, um espa\u00e7o que abriga esculturas neocl\u00e1ssicas originalmente criadas para os jardins da casa de campo do Rei Luis XIV, o Ch\u00e2teau de Marly.<\/p>\n<p>J\u00e1 consegue imaginar como ser\u00e1? Vamos aguardar!<\/p>\n<div id=\"attachment_163583\" style=\"width: 610px\" class=\"wp-caption aligncenter\"><img aria-describedby=\"caption-attachment-163583\" data-attachment-id=\"163583\" data-permalink=\"https:\/\/agrund.com\/index.php\/desfile-da-louis-vuitton-acontecera-no-museu-do-louvre\/cour-marly\/\" data-orig-file=\"https:\/\/i0.wp.com\/agrund.com\/wp-content\/uploads\/sites\/6\/2017\/03\/cour-marly-e1488547892175.jpg?fit=600%2C389&amp;ssl=1\" data-orig-size=\"600,389\" data-comments-opened=\"1\" data-image-meta=\"{&quot;aperture&quot;:&quot;0&quot;,&quot;credit&quot;:&quot;&quot;,&quot;camera&quot;:&quot;&quot;,&quot;caption&quot;:&quot;&quot;,&quot;created_timestamp&quot;:&quot;0&quot;,&quot;copyright&quot;:&quot;&quot;,&quot;focal_length&quot;:&quot;0&quot;,&quot;iso&quot;:&quot;0&quot;,&quot;shutter_speed&quot;:&quot;0&quot;,&quot;title&quot;:&quot;&quot;,&quot;orientation&quot;:&quot;1&quot;}\" data-image-title=\"Desfile da Louis Vuitton acontecer\u00e1 no Museu do Louvre\" data-image-description=\"\" data-image-caption=\"&lt;p&gt;Desfile da Louis Vuitton acontecer\u00e1 no Museu do Louvre&lt;\/p&gt;\n\" data-medium-file=\"https:\/\/i0.wp.com\/agrund.com\/wp-content\/uploads\/sites\/6\/2017\/03\/cour-marly-e1488547892175.jpg?fit=300%2C195&amp;ssl=1\" data-large-file=\"https:\/\/i0.wp.com\/agrund.com\/wp-content\/uploads\/sites\/6\/2017\/03\/cour-marly-e1488547892175.jpg?fit=600%2C389&amp;ssl=1\" decoding=\"async\" loading=\"lazy\" class=\"size-full wp-image-163583\" src=\"https:\/\/i0.wp.com\/www.agrund.com\/wp-content\/uploads\/sites\/6\/2017\/03\/cour-marly-e1488547892175.jpg?resize=600%2C389\" alt=\"\" width=\"600\" height=\"389\" data-recalc-dims=\"1\" \/><p id=\"caption-attachment-163583\" class=\"wp-caption-text\">Desfile da Louis Vuitton acontecer\u00e1 no Museu do Louvre<\/p><\/div>\n<p>Foto: Reprodu\u00e7\u00e3o.<\/p>\n","protected":false},"excerpt":{"rendered":"<p>Como de costume, a Louis Vuitton escolheu um cen\u00e1rio de tirar o f\u00f4lego para o seu desfile inverno 2018 na semana de moda de Paris. A apresenta\u00e7\u00e3o, que ser\u00e1 no pr\u00f3ximo dia 07, acontecer\u00e1 no Museu do Louvre, mais precisamente na Cour Marly, um espa\u00e7o que abriga esculturas neocl\u00e1ssicas originalmente criadas para os jardins da [&hellip;]<\/p>\n","protected":false},"author":8,"featured_media":163584,"comment_status":"open","ping_status":"open","sticky":false,"template":"","format":"standard","meta":{"jetpack_post_was_ever_published":false,"_jetpack_newsletter_access":"","jetpack_publicize_message":"","jetpack_is_tweetstorm":false,"jetpack_publicize_feature_enabled":true,"jetpack_social_post_already_shared":true,"jetpack_social_options":{"image_generator_settings":{"template":"highway","enabled":false}}},"categories":[2],"tags":[],"jetpack_publicize_connections":[],"jetpack_featured_media_url":"https:\/\/i0.wp.com\/agrund.com\/wp-content\/uploads\/sites\/6\/2017\/03\/ss.jpg?fit=960%2C300&ssl=1","jetpack_sharing_enabled":true,"jetpack_shortlink":"https:\/\/wp.me\/p3Hz0n-Gyq","jetpack_likes_enabled":true,"_links":{"self":[{"href":"https:\/\/agrund.com\/index.php\/wp-json\/wp\/v2\/posts\/163582"}],"collection":[{"href":"https:\/\/agrund.com\/index.php\/wp-json\/wp\/v2\/posts"}],"about":[{"href":"https:\/\/agrund.com\/index.php\/wp-json\/wp\/v2\/types\/post"}],"author":[{"embeddable":true,"href":"https:\/\/agrund.com\/index.php\/wp-json\/wp\/v2\/users\/8"}],"replies":[{"embeddable":true,"href":"https:\/\/agrund.com\/index.php\/wp-json\/wp\/v2\/comments?post=163582"}],"version-history":[{"count":0,"href":"https:\/\/agrund.com\/index.php\/wp-json\/wp\/v2\/posts\/163582\/revisions"}],"wp:featuredmedia":[{"embeddable":true,"href":"https:\/\/agrund.com\/index.php\/wp-json\/wp\/v2\/media\/163584"}],"wp:attachment":[{"href":"https:\/\/agrund.com\/index.php\/wp-json\/wp\/v2\/media?parent=163582"}],"wp:term":[{"taxonomy":"category","embeddable":true,"href":"https:\/\/agrund.com\/index.php\/wp-json\/wp\/v2\/categories?post=163582"},{"taxonomy":"post_tag","embeddable":true,"href":"https:\/\/agrund.com\/index.php\/wp-json\/wp\/v2\/tags?post=163582"}],"curies":[{"name":"wp","href":"https:\/\/api.w.org\/{rel}","templated":true}]}}