{"id":16306,"date":"2011-09-06T12:10:12","date_gmt":"2011-09-06T15:10:12","guid":{"rendered":"http:\/\/www.agrund.com\/blogs\/notas\/?p=16306"},"modified":"2011-09-06T12:10:12","modified_gmt":"2011-09-06T15:10:12","slug":"hoje-e-o-dia-do-alfaiate","status":"publish","type":"post","link":"https:\/\/agrund.com\/index.php\/hoje-e-o-dia-do-alfaiate\/","title":{"rendered":"Hoje \u00e9 o Dia do Alfaiate"},"content":{"rendered":"<p>Primeiro parab\u00e9ns para ess profissional que est\u00e1 cada vez mais escasso, mas que \u00e9 de grande import\u00e2ncia para nossos guarda-roupas \u2013 o Alfaiate. No dia 6 de setembro \u00e9 comemorado o dia do Alfaiate e para homenagear uma das profiss\u00f5es mais tradicionais da moda, a Collezione Paramount far\u00e1 uma a\u00e7\u00e3o especial durante todo o m\u00eas. Em setembro, cortes de pura l\u00e3 fria australiana da Collezione Paramount ter\u00e3o 8% de desconto no Com\u00e9rcio de Tecidos Silva Santos.<\/p>\n<p>Com 119 anos de tradi\u00e7\u00e3o na produ\u00e7\u00e3o de tecidos da mais alta qualidade, a Collezione Paramount \u00e9 reconhecida pela excel\u00eancia em seus produtos, presentes nos principais pontos de venda do Brasil e exportados para diversos pa\u00edses. Os tecidos seguem padr\u00f5es internacionais que exigem sofistica\u00e7\u00e3o e modernidade.<\/p>\n<p style=\"text-align: center\">\u00a0<img decoding=\"async\" loading=\"lazy\" class=\"aligncenter size-full wp-image-16308\" src=\"\/wp-content\/uploads\/2011\/09\/137480_194176__mg_5744_copy.jpg\" alt=\"\" width=\"360\" height=\"240\" \/><\/p>\n<p>Servi\u00e7o: Com\u00e9rcio de Tecidos Silva Santos &#8211; Rua Uruguaiana, 144 &#8211; Br\u00e1s &#8211; S\u00e3o Paulo, SP &#8211; Tel: 11 2790.3800<\/p>\n","protected":false},"excerpt":{"rendered":"<p>Primeiro parab\u00e9ns para ess profissional que est\u00e1 cada vez mais escasso, mas que \u00e9 de grande import\u00e2ncia para nossos guarda-roupas \u2013 o Alfaiate. No dia 6 de setembro \u00e9 comemorado o dia do Alfaiate e para homenagear uma das profiss\u00f5es mais tradicionais da moda, a Collezione Paramount far\u00e1 uma a\u00e7\u00e3o especial durante todo o m\u00eas. [&hellip;]<\/p>\n","protected":false},"author":8,"featured_media":16308,"comment_status":"open","ping_status":"open","sticky":false,"template":"","format":"standard","meta":{"jetpack_post_was_ever_published":false,"_jetpack_newsletter_access":"","jetpack_publicize_message":"","jetpack_is_tweetstorm":false,"jetpack_publicize_feature_enabled":true,"jetpack_social_post_already_shared":false,"jetpack_social_options":{"image_generator_settings":{"template":"highway","enabled":false}}},"categories":[2],"tags":[],"jetpack_publicize_connections":[],"jetpack_featured_media_url":"","jetpack_sharing_enabled":true,"jetpack_shortlink":"https:\/\/wp.me\/p3Hz0n-4f0","jetpack_likes_enabled":true,"_links":{"self":[{"href":"https:\/\/agrund.com\/index.php\/wp-json\/wp\/v2\/posts\/16306"}],"collection":[{"href":"https:\/\/agrund.com\/index.php\/wp-json\/wp\/v2\/posts"}],"about":[{"href":"https:\/\/agrund.com\/index.php\/wp-json\/wp\/v2\/types\/post"}],"author":[{"embeddable":true,"href":"https:\/\/agrund.com\/index.php\/wp-json\/wp\/v2\/users\/8"}],"replies":[{"embeddable":true,"href":"https:\/\/agrund.com\/index.php\/wp-json\/wp\/v2\/comments?post=16306"}],"version-history":[{"count":0,"href":"https:\/\/agrund.com\/index.php\/wp-json\/wp\/v2\/posts\/16306\/revisions"}],"wp:featuredmedia":[{"embeddable":true,"href":"https:\/\/agrund.com\/index.php\/wp-json\/"}],"wp:attachment":[{"href":"https:\/\/agrund.com\/index.php\/wp-json\/wp\/v2\/media?parent=16306"}],"wp:term":[{"taxonomy":"category","embeddable":true,"href":"https:\/\/agrund.com\/index.php\/wp-json\/wp\/v2\/categories?post=16306"},{"taxonomy":"post_tag","embeddable":true,"href":"https:\/\/agrund.com\/index.php\/wp-json\/wp\/v2\/tags?post=16306"}],"curies":[{"name":"wp","href":"https:\/\/api.w.org\/{rel}","templated":true}]}}