{"id":162950,"date":"2017-02-16T15:00:23","date_gmt":"2017-02-16T17:00:23","guid":{"rendered":"http:\/\/www.agrund.com\/?p=162950"},"modified":"2017-02-16T12:09:15","modified_gmt":"2017-02-16T14:09:15","slug":"agenda-folia-de-carnaval-para-os-pequenos","status":"publish","type":"post","link":"https:\/\/agrund.com\/index.php\/agenda-folia-de-carnaval-para-os-pequenos\/","title":{"rendered":"Agenda :: Folia de carnaval para os pequenos"},"content":{"rendered":"<p>N\u00e3o s\u00e3o s\u00f3 os adultos que gostam de pular carnaval. Pensando nas crian\u00e7as, o MIS preparou para o pr\u00f3ximo dia 19, a Maratona Infantil &#8211; Em Ritmo de Festa, uma edi\u00e7\u00e3o especial pr\u00e9-Carnaval com diversas atividades gratuitas para os pequenos de todas as idades.<\/p>\n<p>O evento acontece em paralelo com a exposi\u00e7\u00e3o &#8216;Silvio Santos vem a\u00ed&#8217;, e al\u00e9m de muitas brincadeiras, as crian\u00e7as poder\u00e3o se maquiar como os dubladores do programa \u201cQual \u00e9 a m\u00fasica?\u201d, de Silvio Santos. A equipe do Jacques Janine estar\u00e1 no evento o dia todo para transformar e divertir as crian\u00e7as. Afinal, n\u00e3o existe carnaval sem fantasia, n\u00e3o \u00e9 mesmo?<\/p>\n<p>&#8220;Adoramos apoiar a\u00e7\u00f5es culturais, em especial esta que homenageia o ic\u00f4nico Silvio Santos. Queremos que os visitantes tenham a experi\u00eancia de participar de um dos famosos programas do apresentador, com uma interessante releitura das maquiagens usadas por seus dubladores nas d\u00e9cadas de 1970 a 2008\u201d, disse Chlo\u00e9 Gaya, maquiadora e consultora de imagem da rede.<\/p>\n<p>Gostou? Ent\u00e3o anota na agenda:<\/p>\n<p><strong>Maratona Infantil &#8211; Em Ritmo de Festa<\/strong><br \/>\nData: 19\/2, domingo<br \/>\nHor\u00e1rio: 10h \u00e0s 17h<br \/>\nLocal: \u00c1rea externa do MIS, Audit\u00f3rio LABMIS (66 lugares), Audit\u00f3rio MIS (172 lugares), foyer MIS, sala de interfaces e educativo<br \/>\nEndere\u00e7o: Avenida Europa, 158, Jardim Europa, S\u00e3o Paulo<br \/>\nIngresso: gratuito (algumas atividades exigem retirada de ingressos com uma hora de anteced\u00eancia na bilheteria)<\/p>\n<div id=\"attachment_162951\" style=\"width: 482px\" class=\"wp-caption aligncenter\"><img aria-describedby=\"caption-attachment-162951\" data-attachment-id=\"162951\" data-permalink=\"https:\/\/agrund.com\/index.php\/agenda-folia-de-carnaval-para-os-pequenos\/imagem_release_871376\/\" data-orig-file=\"https:\/\/i0.wp.com\/agrund.com\/wp-content\/uploads\/sites\/6\/2017\/02\/imagem_release_871376.jpg?fit=472%2C442&amp;ssl=1\" data-orig-size=\"472,442\" data-comments-opened=\"1\" data-image-meta=\"{&quot;aperture&quot;:&quot;0&quot;,&quot;credit&quot;:&quot;&quot;,&quot;camera&quot;:&quot;&quot;,&quot;caption&quot;:&quot;&quot;,&quot;created_timestamp&quot;:&quot;0&quot;,&quot;copyright&quot;:&quot;&quot;,&quot;focal_length&quot;:&quot;0&quot;,&quot;iso&quot;:&quot;0&quot;,&quot;shutter_speed&quot;:&quot;0&quot;,&quot;title&quot;:&quot;&quot;,&quot;orientation&quot;:&quot;1&quot;}\" data-image-title=\"Agenda :: Folia de carnaval para os pequenos\" data-image-description=\"\" data-image-caption=\"&lt;p&gt;Agenda :: Folia de carnaval para os pequenos &lt;\/p&gt;\n\" data-medium-file=\"https:\/\/i0.wp.com\/agrund.com\/wp-content\/uploads\/sites\/6\/2017\/02\/imagem_release_871376.jpg?fit=300%2C281&amp;ssl=1\" data-large-file=\"https:\/\/i0.wp.com\/agrund.com\/wp-content\/uploads\/sites\/6\/2017\/02\/imagem_release_871376.jpg?fit=472%2C442&amp;ssl=1\" decoding=\"async\" loading=\"lazy\" class=\"size-full wp-image-162951\" src=\"https:\/\/i0.wp.com\/www.agrund.com\/wp-content\/uploads\/sites\/6\/2017\/02\/imagem_release_871376.jpg?resize=472%2C442\" alt=\"\" width=\"472\" height=\"442\" srcset=\"https:\/\/i0.wp.com\/agrund.com\/wp-content\/uploads\/sites\/6\/2017\/02\/imagem_release_871376.jpg?w=472&amp;ssl=1 472w, https:\/\/i0.wp.com\/agrund.com\/wp-content\/uploads\/sites\/6\/2017\/02\/imagem_release_871376.jpg?resize=300%2C281&amp;ssl=1 300w\" sizes=\"(max-width: 472px) 100vw, 472px\" data-recalc-dims=\"1\" \/><p id=\"caption-attachment-162951\" class=\"wp-caption-text\">Agenda :: Folia de carnaval para os pequenos<\/p><\/div>\n<p>Fotos: Reprodu\u00e7\u00e3o.<\/p>\n","protected":false},"excerpt":{"rendered":"<p>N\u00e3o s\u00e3o s\u00f3 os adultos que gostam de pular carnaval. Pensando nas crian\u00e7as, o MIS preparou para o pr\u00f3ximo dia 19, a Maratona Infantil &#8211; Em Ritmo de Festa, uma edi\u00e7\u00e3o especial pr\u00e9-Carnaval com diversas atividades gratuitas para os pequenos de todas as idades. O evento acontece em paralelo com a exposi\u00e7\u00e3o &#8216;Silvio Santos vem [&hellip;]<\/p>\n","protected":false},"author":8,"featured_media":162952,"comment_status":"open","ping_status":"open","sticky":false,"template":"","format":"standard","meta":{"jetpack_post_was_ever_published":false,"_jetpack_newsletter_access":"","jetpack_publicize_message":"","jetpack_is_tweetstorm":false,"jetpack_publicize_feature_enabled":true,"jetpack_social_post_already_shared":true,"jetpack_social_options":{"image_generator_settings":{"template":"highway","enabled":false}}},"categories":[2],"tags":[],"jetpack_publicize_connections":[],"jetpack_featured_media_url":"https:\/\/i0.wp.com\/agrund.com\/wp-content\/uploads\/sites\/6\/2017\/02\/s-66.jpg?fit=960%2C300&ssl=1","jetpack_sharing_enabled":true,"jetpack_shortlink":"https:\/\/wp.me\/p3Hz0n-Goe","jetpack_likes_enabled":true,"_links":{"self":[{"href":"https:\/\/agrund.com\/index.php\/wp-json\/wp\/v2\/posts\/162950"}],"collection":[{"href":"https:\/\/agrund.com\/index.php\/wp-json\/wp\/v2\/posts"}],"about":[{"href":"https:\/\/agrund.com\/index.php\/wp-json\/wp\/v2\/types\/post"}],"author":[{"embeddable":true,"href":"https:\/\/agrund.com\/index.php\/wp-json\/wp\/v2\/users\/8"}],"replies":[{"embeddable":true,"href":"https:\/\/agrund.com\/index.php\/wp-json\/wp\/v2\/comments?post=162950"}],"version-history":[{"count":0,"href":"https:\/\/agrund.com\/index.php\/wp-json\/wp\/v2\/posts\/162950\/revisions"}],"wp:featuredmedia":[{"embeddable":true,"href":"https:\/\/agrund.com\/index.php\/wp-json\/wp\/v2\/media\/162952"}],"wp:attachment":[{"href":"https:\/\/agrund.com\/index.php\/wp-json\/wp\/v2\/media?parent=162950"}],"wp:term":[{"taxonomy":"category","embeddable":true,"href":"https:\/\/agrund.com\/index.php\/wp-json\/wp\/v2\/categories?post=162950"},{"taxonomy":"post_tag","embeddable":true,"href":"https:\/\/agrund.com\/index.php\/wp-json\/wp\/v2\/tags?post=162950"}],"curies":[{"name":"wp","href":"https:\/\/api.w.org\/{rel}","templated":true}]}}