{"id":16273,"date":"2011-09-06T14:03:40","date_gmt":"2011-09-06T17:03:40","guid":{"rendered":"http:\/\/www.agrund.com\/blogs\/notas\/?p=16273"},"modified":"2011-09-06T14:03:40","modified_gmt":"2011-09-06T17:03:40","slug":"fotografias-analogica","status":"publish","type":"post","link":"https:\/\/agrund.com\/index.php\/fotografias-analogica\/","title":{"rendered":"Fotografias Anal\u00f3gica"},"content":{"rendered":"<p>Com apenas 18 anos o fot\u00f3grafo americano Samuel Pritzker retrata momentos \u00fanicos de luz e cor &#8211; utilizando apenas c\u00e2mera anal\u00f3gica. As imagens s\u00e3o simples, mas com grande efeito &#8211; transmitindo uma sensa\u00e7\u00e3o forte, seja na brincadeira com uma silhueta ou no forte raio de sol que passa atrav\u00e9s de uma \u00e1rvore. Os flashes especiais mostram uma combina\u00e7\u00e3o de cores\u00a0que tem\u00a0um toque desbotado nas imagens. Olha o resultado que maravilhoso! E n\u00e3o \u00e9 inspirador?<\/p>\n<p style=\"text-align: center\"><img decoding=\"async\" loading=\"lazy\" class=\"aligncenter size-full wp-image-16274\" src=\"https:\/\/i0.wp.com\/www.agrund.com\/arquivo\/notas\/files\/2011\/09\/pritzker_01.jpg?resize=476%2C317\" alt=\"\" width=\"476\" height=\"317\" data-recalc-dims=\"1\" \/><\/p>\n<p style=\"text-align: center\"><img decoding=\"async\" loading=\"lazy\" class=\"aligncenter size-full wp-image-16275\" src=\"https:\/\/i0.wp.com\/www.agrund.com\/arquivo\/notas\/files\/2011\/09\/pritzker_05.jpg?resize=476%2C329\" alt=\"\" width=\"476\" height=\"329\" data-recalc-dims=\"1\" \/><\/p>\n<p style=\"text-align: center\"><img decoding=\"async\" loading=\"lazy\" class=\"aligncenter size-full wp-image-16277\" src=\"https:\/\/i0.wp.com\/www.agrund.com\/arquivo\/notas\/files\/2011\/09\/pritzker_03.jpg?resize=476%2C312\" alt=\"\" width=\"476\" height=\"312\" data-recalc-dims=\"1\" \/><\/p>\n<p style=\"text-align: center\"><img decoding=\"async\" loading=\"lazy\" class=\"aligncenter size-full wp-image-16278\" src=\"https:\/\/i0.wp.com\/www.agrund.com\/arquivo\/notas\/files\/2011\/09\/pritzker_06.jpg?resize=476%2C315\" alt=\"\" width=\"476\" height=\"315\" data-recalc-dims=\"1\" \/><\/p>\n<p>Fotos: Reprodu\u00e7\u00e3o.<\/p>\n","protected":false},"excerpt":{"rendered":"<p>Com apenas 18 anos o fot\u00f3grafo americano Samuel Pritzker retrata momentos \u00fanicos de luz e cor &#8211; utilizando apenas c\u00e2mera anal\u00f3gica. As imagens s\u00e3o simples, mas com grande efeito &#8211; transmitindo uma sensa\u00e7\u00e3o forte, seja na brincadeira com uma silhueta ou no forte raio de sol que passa atrav\u00e9s de uma \u00e1rvore. Os flashes especiais [&hellip;]<\/p>\n","protected":false},"author":8,"featured_media":16278,"comment_status":"open","ping_status":"open","sticky":false,"template":"","format":"standard","meta":{"jetpack_post_was_ever_published":false,"_jetpack_newsletter_access":"","jetpack_publicize_message":"","jetpack_is_tweetstorm":false,"jetpack_publicize_feature_enabled":true,"jetpack_social_post_already_shared":false,"jetpack_social_options":{"image_generator_settings":{"template":"highway","enabled":false}}},"categories":[2],"tags":[],"jetpack_publicize_connections":[],"jetpack_featured_media_url":"","jetpack_sharing_enabled":true,"jetpack_shortlink":"https:\/\/wp.me\/p3Hz0n-4et","jetpack_likes_enabled":true,"_links":{"self":[{"href":"https:\/\/agrund.com\/index.php\/wp-json\/wp\/v2\/posts\/16273"}],"collection":[{"href":"https:\/\/agrund.com\/index.php\/wp-json\/wp\/v2\/posts"}],"about":[{"href":"https:\/\/agrund.com\/index.php\/wp-json\/wp\/v2\/types\/post"}],"author":[{"embeddable":true,"href":"https:\/\/agrund.com\/index.php\/wp-json\/wp\/v2\/users\/8"}],"replies":[{"embeddable":true,"href":"https:\/\/agrund.com\/index.php\/wp-json\/wp\/v2\/comments?post=16273"}],"version-history":[{"count":0,"href":"https:\/\/agrund.com\/index.php\/wp-json\/wp\/v2\/posts\/16273\/revisions"}],"wp:featuredmedia":[{"embeddable":true,"href":"https:\/\/agrund.com\/index.php\/wp-json\/"}],"wp:attachment":[{"href":"https:\/\/agrund.com\/index.php\/wp-json\/wp\/v2\/media?parent=16273"}],"wp:term":[{"taxonomy":"category","embeddable":true,"href":"https:\/\/agrund.com\/index.php\/wp-json\/wp\/v2\/categories?post=16273"},{"taxonomy":"post_tag","embeddable":true,"href":"https:\/\/agrund.com\/index.php\/wp-json\/wp\/v2\/tags?post=16273"}],"curies":[{"name":"wp","href":"https:\/\/api.w.org\/{rel}","templated":true}]}}