{"id":162658,"date":"2017-02-10T10:00:01","date_gmt":"2017-02-10T12:00:01","guid":{"rendered":"http:\/\/www.agrund.com\/?p=162658"},"modified":"2017-02-10T09:52:10","modified_gmt":"2017-02-10T11:52:10","slug":"emma-watson-e-capa-da-elle-uk","status":"publish","type":"post","link":"https:\/\/agrund.com\/index.php\/emma-watson-e-capa-da-elle-uk\/","title":{"rendered":"Emma Watson \u00e9 capa da &#8216;Elle&#8217; UK"},"content":{"rendered":"<p>Com seu novo longa &#8211; &#8216;A Bela e a Fera&#8217; &#8211; prestes estrear no cinema, Emma Watson posou para a capa da &#8216;Elle&#8217; inglesa. A edi\u00e7\u00e3o mar\u00e7o 2017 traz Emma como estamos acostumados a v\u00ea-la: beleza natural com pouca maquiagem, cabelos n\u00e3o t\u00e3o certinhos e usando looks clean. Na capa ela veste uma camisa branca e nos outros cliques divulgados as pe\u00e7as escolhidas tamb\u00e9m s\u00e3o as de alfaiataria.<\/p>\n<p>A revista aproveitou para questionar se Emma pensa em lan\u00e7ar um livro sobre feminismo, j\u00e1 que est\u00e1 sempre envolvida nesta causa.<\/p>\n<p>\u201cEu n\u00e3o sou uma expert no assunto e quando as pessoas me colocam como &#8216;aqui est\u00e1 Emma que vai ensinar sobre o feminismo&#8217; me sinto um pouco desconfort\u00e1vel. Ainda tenho um caminho muito longo para percorrer. N\u00e3o sei se mere\u00e7o todo esse respeito que j\u00e1 tenho, mas estou trabalhando nisso&#8221;, declarou Emma.<\/p>\n<p>A fotografia \u00e9 de Kerry Hallihan e voc\u00ea confere na galeria abaixo:<\/p>\n<div id=\"attachment_162659\" style=\"width: 580px\" class=\"wp-caption aligncenter\"><img aria-describedby=\"caption-attachment-162659\" data-attachment-id=\"162659\" data-permalink=\"https:\/\/agrund.com\/index.php\/emma-watson-e-capa-da-elle-uk\/emma-watson-elle-uk-march-2017-cover\/\" data-orig-file=\"https:\/\/i0.wp.com\/agrund.com\/wp-content\/uploads\/sites\/6\/2017\/02\/Emma-Watson-ELLE-UK-March-2017-Cover-e1486727243303.jpg?fit=570%2C773&amp;ssl=1\" data-orig-size=\"570,773\" data-comments-opened=\"1\" data-image-meta=\"{&quot;aperture&quot;:&quot;0&quot;,&quot;credit&quot;:&quot;&quot;,&quot;camera&quot;:&quot;&quot;,&quot;caption&quot;:&quot;&quot;,&quot;created_timestamp&quot;:&quot;0&quot;,&quot;copyright&quot;:&quot;&quot;,&quot;focal_length&quot;:&quot;0&quot;,&quot;iso&quot;:&quot;0&quot;,&quot;shutter_speed&quot;:&quot;0&quot;,&quot;title&quot;:&quot;&quot;,&quot;orientation&quot;:&quot;1&quot;}\" data-image-title=\"Emma Watson \u00e9 capa da &#8216;Elle&#8217; UK\" data-image-description=\"\" data-image-caption=\"&lt;p&gt;Emma Watson \u00e9 capa da &#8216;Elle&#8217; UK &lt;\/p&gt;\n\" data-medium-file=\"https:\/\/i0.wp.com\/agrund.com\/wp-content\/uploads\/sites\/6\/2017\/02\/Emma-Watson-ELLE-UK-March-2017-Cover-e1486727243303.jpg?fit=221%2C300&amp;ssl=1\" data-large-file=\"https:\/\/i0.wp.com\/agrund.com\/wp-content\/uploads\/sites\/6\/2017\/02\/Emma-Watson-ELLE-UK-March-2017-Cover-e1486727243303.jpg?fit=755%2C1024&amp;ssl=1\" decoding=\"async\" loading=\"lazy\" class=\"size-full wp-image-162659\" src=\"https:\/\/i0.wp.com\/www.agrund.com\/wp-content\/uploads\/sites\/6\/2017\/02\/Emma-Watson-ELLE-UK-March-2017-Cover-e1486727243303.jpg?resize=570%2C773\" alt=\"\" width=\"570\" height=\"773\" data-recalc-dims=\"1\" \/><p id=\"caption-attachment-162659\" class=\"wp-caption-text\">Emma Watson \u00e9 capa da &#8216;Elle&#8217; UK<\/p><\/div>\n<div id=\"attachment_162660\" style=\"width: 580px\" class=\"wp-caption aligncenter\"><img aria-describedby=\"caption-attachment-162660\" data-attachment-id=\"162660\" data-permalink=\"https:\/\/agrund.com\/index.php\/emma-watson-e-capa-da-elle-uk\/emma-watson-elle-uk-march-2017-photoshoot\/\" data-orig-file=\"https:\/\/i0.wp.com\/agrund.com\/wp-content\/uploads\/sites\/6\/2017\/02\/Emma-Watson-ELLE-UK-March-2017-Photoshoot-e1486727263800.jpg?fit=570%2C713&amp;ssl=1\" data-orig-size=\"570,713\" data-comments-opened=\"1\" data-image-meta=\"{&quot;aperture&quot;:&quot;0&quot;,&quot;credit&quot;:&quot;&quot;,&quot;camera&quot;:&quot;&quot;,&quot;caption&quot;:&quot;&quot;,&quot;created_timestamp&quot;:&quot;0&quot;,&quot;copyright&quot;:&quot;&quot;,&quot;focal_length&quot;:&quot;0&quot;,&quot;iso&quot;:&quot;0&quot;,&quot;shutter_speed&quot;:&quot;0&quot;,&quot;title&quot;:&quot;&quot;,&quot;orientation&quot;:&quot;1&quot;}\" data-image-title=\"Emma Watson \u00e9 capa da &#8216;Elle&#8217; UK\" data-image-description=\"\" data-image-caption=\"&lt;p&gt;Emma Watson \u00e9 capa da &#8216;Elle&#8217; UK &lt;\/p&gt;\n\" data-medium-file=\"https:\/\/i0.wp.com\/agrund.com\/wp-content\/uploads\/sites\/6\/2017\/02\/Emma-Watson-ELLE-UK-March-2017-Photoshoot-e1486727263800.jpg?fit=240%2C300&amp;ssl=1\" data-large-file=\"https:\/\/i0.wp.com\/agrund.com\/wp-content\/uploads\/sites\/6\/2017\/02\/Emma-Watson-ELLE-UK-March-2017-Photoshoot-e1486727263800.jpg?fit=570%2C713&amp;ssl=1\" decoding=\"async\" loading=\"lazy\" class=\"size-full wp-image-162660\" src=\"https:\/\/i0.wp.com\/www.agrund.com\/wp-content\/uploads\/sites\/6\/2017\/02\/Emma-Watson-ELLE-UK-March-2017-Photoshoot-e1486727263800.jpg?resize=570%2C713\" alt=\"\" width=\"570\" height=\"713\" data-recalc-dims=\"1\" \/><p id=\"caption-attachment-162660\" class=\"wp-caption-text\">Emma Watson \u00e9 capa da &#8216;Elle&#8217; UK<\/p><\/div>\n<div id=\"attachment_162661\" style=\"width: 580px\" class=\"wp-caption aligncenter\"><img aria-describedby=\"caption-attachment-162661\" data-attachment-id=\"162661\" data-permalink=\"https:\/\/agrund.com\/index.php\/emma-watson-e-capa-da-elle-uk\/emma-watson-elle-uk-march-2017-photoshoot1\/\" data-orig-file=\"https:\/\/i0.wp.com\/agrund.com\/wp-content\/uploads\/sites\/6\/2017\/02\/Emma-Watson-ELLE-UK-March-2017-Photoshoot1-e1486727274218.jpg?fit=570%2C713&amp;ssl=1\" data-orig-size=\"570,713\" data-comments-opened=\"1\" data-image-meta=\"{&quot;aperture&quot;:&quot;0&quot;,&quot;credit&quot;:&quot;&quot;,&quot;camera&quot;:&quot;&quot;,&quot;caption&quot;:&quot;&quot;,&quot;created_timestamp&quot;:&quot;0&quot;,&quot;copyright&quot;:&quot;&quot;,&quot;focal_length&quot;:&quot;0&quot;,&quot;iso&quot;:&quot;0&quot;,&quot;shutter_speed&quot;:&quot;0&quot;,&quot;title&quot;:&quot;&quot;,&quot;orientation&quot;:&quot;1&quot;}\" data-image-title=\"Emma Watson \u00e9 capa da &#8216;Elle&#8217; UK\" data-image-description=\"\" data-image-caption=\"&lt;p&gt;Emma Watson \u00e9 capa da &#8216;Elle&#8217; UK &lt;\/p&gt;\n\" data-medium-file=\"https:\/\/i0.wp.com\/agrund.com\/wp-content\/uploads\/sites\/6\/2017\/02\/Emma-Watson-ELLE-UK-March-2017-Photoshoot1-e1486727274218.jpg?fit=240%2C300&amp;ssl=1\" data-large-file=\"https:\/\/i0.wp.com\/agrund.com\/wp-content\/uploads\/sites\/6\/2017\/02\/Emma-Watson-ELLE-UK-March-2017-Photoshoot1-e1486727274218.jpg?fit=570%2C713&amp;ssl=1\" decoding=\"async\" loading=\"lazy\" class=\"size-full wp-image-162661\" src=\"https:\/\/i0.wp.com\/www.agrund.com\/wp-content\/uploads\/sites\/6\/2017\/02\/Emma-Watson-ELLE-UK-March-2017-Photoshoot1-e1486727274218.jpg?resize=570%2C713\" alt=\"\" width=\"570\" height=\"713\" data-recalc-dims=\"1\" \/><p id=\"caption-attachment-162661\" class=\"wp-caption-text\">Emma Watson \u00e9 capa da &#8216;Elle&#8217; UK<\/p><\/div>\n<p>Fotos: Reprodu\u00e7\u00e3o.<\/p>\n","protected":false},"excerpt":{"rendered":"<p>Com seu novo longa &#8211; &#8216;A Bela e a Fera&#8217; &#8211; prestes estrear no cinema, Emma Watson posou para a capa da &#8216;Elle&#8217; inglesa. A edi\u00e7\u00e3o mar\u00e7o 2017 traz Emma como estamos acostumados a v\u00ea-la: beleza natural com pouca maquiagem, cabelos n\u00e3o t\u00e3o certinhos e usando looks clean. Na capa ela veste uma camisa branca [&hellip;]<\/p>\n","protected":false},"author":8,"featured_media":162662,"comment_status":"open","ping_status":"open","sticky":false,"template":"","format":"standard","meta":{"jetpack_post_was_ever_published":false,"_jetpack_newsletter_access":"","jetpack_publicize_message":"","jetpack_is_tweetstorm":false,"jetpack_publicize_feature_enabled":true,"jetpack_social_post_already_shared":true,"jetpack_social_options":{"image_generator_settings":{"template":"highway","enabled":false}}},"categories":[2],"tags":[],"jetpack_publicize_connections":[],"jetpack_featured_media_url":"https:\/\/i0.wp.com\/agrund.com\/wp-content\/uploads\/sites\/6\/2017\/02\/s-40.jpg?fit=960%2C300&ssl=1","jetpack_sharing_enabled":true,"jetpack_shortlink":"https:\/\/wp.me\/p3Hz0n-Gjw","jetpack_likes_enabled":true,"_links":{"self":[{"href":"https:\/\/agrund.com\/index.php\/wp-json\/wp\/v2\/posts\/162658"}],"collection":[{"href":"https:\/\/agrund.com\/index.php\/wp-json\/wp\/v2\/posts"}],"about":[{"href":"https:\/\/agrund.com\/index.php\/wp-json\/wp\/v2\/types\/post"}],"author":[{"embeddable":true,"href":"https:\/\/agrund.com\/index.php\/wp-json\/wp\/v2\/users\/8"}],"replies":[{"embeddable":true,"href":"https:\/\/agrund.com\/index.php\/wp-json\/wp\/v2\/comments?post=162658"}],"version-history":[{"count":0,"href":"https:\/\/agrund.com\/index.php\/wp-json\/wp\/v2\/posts\/162658\/revisions"}],"wp:featuredmedia":[{"embeddable":true,"href":"https:\/\/agrund.com\/index.php\/wp-json\/wp\/v2\/media\/162662"}],"wp:attachment":[{"href":"https:\/\/agrund.com\/index.php\/wp-json\/wp\/v2\/media?parent=162658"}],"wp:term":[{"taxonomy":"category","embeddable":true,"href":"https:\/\/agrund.com\/index.php\/wp-json\/wp\/v2\/categories?post=162658"},{"taxonomy":"post_tag","embeddable":true,"href":"https:\/\/agrund.com\/index.php\/wp-json\/wp\/v2\/tags?post=162658"}],"curies":[{"name":"wp","href":"https:\/\/api.w.org\/{rel}","templated":true}]}}