{"id":162539,"date":"2017-02-08T12:00:07","date_gmt":"2017-02-08T14:00:07","guid":{"rendered":"http:\/\/www.agrund.com\/?p=162539"},"modified":"2017-02-08T12:10:30","modified_gmt":"2017-02-08T14:10:30","slug":"taylor-swift-ou-adriana-lima-quem-usou-melhor-2","status":"publish","type":"post","link":"https:\/\/agrund.com\/index.php\/taylor-swift-ou-adriana-lima-quem-usou-melhor-2\/","title":{"rendered":"Taylor Swift ou Adriana Lima: Quem usou melhor?"},"content":{"rendered":"<p>Sabe aquele vestido preto que nos salva em qualquer ocasi\u00e3o? Ent\u00e3o, Taylor Swift e Adriana Lima tem o mesmo modelo curto e com mangas compridas da marca Elizabeth and James.<\/p>\n<p>As duas foram fotografadas usando a pe\u00e7a em eventos diferentes. Taylor complementou a produ\u00e7\u00e3o com um casaco nude e ankle boots preta nos p\u00e9s, enquanto Adriana deu destaque com duas cores: um scarpin azul nos p\u00e9s e batom vermelho nos l\u00e1bios.<\/p>\n<p>E a\u00ed, quem usou melhor?<\/p>\n<div id=\"attachment_162540\" style=\"width: 580px\" class=\"wp-caption aligncenter\"><img aria-describedby=\"caption-attachment-162540\" data-attachment-id=\"162540\" data-permalink=\"https:\/\/agrund.com\/index.php\/taylor-swift-ou-adriana-lima-quem-usou-melhor-2\/taylor-swift-27\/\" data-orig-file=\"https:\/\/i0.wp.com\/agrund.com\/wp-content\/uploads\/sites\/6\/2017\/02\/taylor-swift-e1486557561374.jpg?fit=570%2C760&amp;ssl=1\" data-orig-size=\"570,760\" data-comments-opened=\"1\" data-image-meta=\"{&quot;aperture&quot;:&quot;0&quot;,&quot;credit&quot;:&quot;&quot;,&quot;camera&quot;:&quot;&quot;,&quot;caption&quot;:&quot;&quot;,&quot;created_timestamp&quot;:&quot;0&quot;,&quot;copyright&quot;:&quot;&quot;,&quot;focal_length&quot;:&quot;0&quot;,&quot;iso&quot;:&quot;0&quot;,&quot;shutter_speed&quot;:&quot;0&quot;,&quot;title&quot;:&quot;&quot;,&quot;orientation&quot;:&quot;0&quot;}\" data-image-title=\"Taylor Swift ou Adriana Lima: Quem usou melhor?\" data-image-description=\"\" data-image-caption=\"&lt;p&gt;Taylor Swift ou Adriana Lima: Quem usou melhor? &lt;\/p&gt;\n\" data-medium-file=\"https:\/\/i0.wp.com\/agrund.com\/wp-content\/uploads\/sites\/6\/2017\/02\/taylor-swift-e1486557561374.jpg?fit=225%2C300&amp;ssl=1\" data-large-file=\"https:\/\/i0.wp.com\/agrund.com\/wp-content\/uploads\/sites\/6\/2017\/02\/taylor-swift-e1486557561374.jpg?fit=570%2C760&amp;ssl=1\" decoding=\"async\" loading=\"lazy\" class=\"size-full wp-image-162540\" src=\"https:\/\/i0.wp.com\/www.agrund.com\/wp-content\/uploads\/sites\/6\/2017\/02\/taylor-swift-e1486557561374.jpg?resize=570%2C760\" alt=\"\" width=\"570\" height=\"760\" data-recalc-dims=\"1\" \/><p id=\"caption-attachment-162540\" class=\"wp-caption-text\">Taylor Swift ou Adriana Lima: Quem usou melhor?<\/p><\/div>\n<p>Fotos: Reprodu\u00e7\u00e3o.<\/p>\n","protected":false},"excerpt":{"rendered":"<p>Sabe aquele vestido preto que nos salva em qualquer ocasi\u00e3o? Ent\u00e3o, Taylor Swift e Adriana Lima tem o mesmo modelo curto e com mangas compridas da marca Elizabeth and James. As duas foram fotografadas usando a pe\u00e7a em eventos diferentes. Taylor complementou a produ\u00e7\u00e3o com um casaco nude e ankle boots preta nos p\u00e9s, enquanto [&hellip;]<\/p>\n","protected":false},"author":8,"featured_media":162541,"comment_status":"open","ping_status":"open","sticky":false,"template":"","format":"standard","meta":{"jetpack_post_was_ever_published":false,"_jetpack_newsletter_access":"","jetpack_publicize_message":"","jetpack_is_tweetstorm":false,"jetpack_publicize_feature_enabled":true,"jetpack_social_post_already_shared":true,"jetpack_social_options":{"image_generator_settings":{"template":"highway","enabled":false}}},"categories":[2],"tags":[],"jetpack_publicize_connections":[],"jetpack_featured_media_url":"https:\/\/i0.wp.com\/agrund.com\/wp-content\/uploads\/sites\/6\/2017\/02\/s-29.jpg?fit=960%2C300&ssl=1","jetpack_sharing_enabled":true,"jetpack_shortlink":"https:\/\/wp.me\/p3Hz0n-GhB","jetpack_likes_enabled":true,"_links":{"self":[{"href":"https:\/\/agrund.com\/index.php\/wp-json\/wp\/v2\/posts\/162539"}],"collection":[{"href":"https:\/\/agrund.com\/index.php\/wp-json\/wp\/v2\/posts"}],"about":[{"href":"https:\/\/agrund.com\/index.php\/wp-json\/wp\/v2\/types\/post"}],"author":[{"embeddable":true,"href":"https:\/\/agrund.com\/index.php\/wp-json\/wp\/v2\/users\/8"}],"replies":[{"embeddable":true,"href":"https:\/\/agrund.com\/index.php\/wp-json\/wp\/v2\/comments?post=162539"}],"version-history":[{"count":0,"href":"https:\/\/agrund.com\/index.php\/wp-json\/wp\/v2\/posts\/162539\/revisions"}],"wp:featuredmedia":[{"embeddable":true,"href":"https:\/\/agrund.com\/index.php\/wp-json\/wp\/v2\/media\/162541"}],"wp:attachment":[{"href":"https:\/\/agrund.com\/index.php\/wp-json\/wp\/v2\/media?parent=162539"}],"wp:term":[{"taxonomy":"category","embeddable":true,"href":"https:\/\/agrund.com\/index.php\/wp-json\/wp\/v2\/categories?post=162539"},{"taxonomy":"post_tag","embeddable":true,"href":"https:\/\/agrund.com\/index.php\/wp-json\/wp\/v2\/tags?post=162539"}],"curies":[{"name":"wp","href":"https:\/\/api.w.org\/{rel}","templated":true}]}}