{"id":162457,"date":"2017-02-06T17:00:58","date_gmt":"2017-02-06T19:00:58","guid":{"rendered":"http:\/\/www.agrund.com\/?p=162457"},"modified":"2017-02-06T16:31:20","modified_gmt":"2017-02-06T18:31:20","slug":"coach-anuncia-desfile-unificado","status":"publish","type":"post","link":"https:\/\/agrund.com\/index.php\/coach-anuncia-desfile-unificado\/","title":{"rendered":"Coach anuncia desfile unificado"},"content":{"rendered":"<p>Aos poucos as marcas do mundo da moda est\u00e3o repensando o calend\u00e1rio e seus lan\u00e7amentos. Depois de fazer um desfile unificado especial comemorando os 75 anos da marca no ano passado, a Coach anunciou hoje (06) que todos os seus desfiles ser\u00e3o\u00a0masculinos e femininos, fazendo, assim, apenas duas apresenta\u00e7\u00f5es ao ano, e n\u00e3o quatro como acontecia at\u00e9 o momento.<\/p>\n<p>Sendo assim, no pr\u00f3ximo dia 14, o desfile da Coach na semana de moda de Nova York ir\u00e1 apresentar as cole\u00e7\u00f5es outono\/inverno 2018 feminina e masculina.<\/p>\n<p>Vale lembrar que outras grifes como Bottega Veneta, Gucci e Dsquared2 tamb\u00e9m j\u00e1 alteraram seus calend\u00e1rios (reveja <a href=\"http:\/\/www.agrund.com\/?s=desfile+unificado&amp;x=0&amp;y=0\">AQUI<\/a>).<\/p>\n<div id=\"attachment_162458\" style=\"width: 580px\" class=\"wp-caption aligncenter\"><img aria-describedby=\"caption-attachment-162458\" data-attachment-id=\"162458\" data-permalink=\"https:\/\/agrund.com\/index.php\/coach-anuncia-desfile-unificado\/show-1\/\" data-orig-file=\"https:\/\/i0.wp.com\/agrund.com\/wp-content\/uploads\/sites\/6\/2017\/02\/show-1-e1486405646455.jpg?fit=570%2C432&amp;ssl=1\" data-orig-size=\"570,432\" data-comments-opened=\"1\" data-image-meta=\"{&quot;aperture&quot;:&quot;0&quot;,&quot;credit&quot;:&quot;&quot;,&quot;camera&quot;:&quot;&quot;,&quot;caption&quot;:&quot;&quot;,&quot;created_timestamp&quot;:&quot;0&quot;,&quot;copyright&quot;:&quot;&quot;,&quot;focal_length&quot;:&quot;0&quot;,&quot;iso&quot;:&quot;0&quot;,&quot;shutter_speed&quot;:&quot;0&quot;,&quot;title&quot;:&quot;&quot;,&quot;orientation&quot;:&quot;0&quot;}\" data-image-title=\"Coach anuncia desfile unificado\" data-image-description=\"\" data-image-caption=\"&lt;p&gt;Coach anuncia desfile unificado&lt;\/p&gt;\n\" data-medium-file=\"https:\/\/i0.wp.com\/agrund.com\/wp-content\/uploads\/sites\/6\/2017\/02\/show-1-e1486405646455.jpg?fit=300%2C227&amp;ssl=1\" data-large-file=\"https:\/\/i0.wp.com\/agrund.com\/wp-content\/uploads\/sites\/6\/2017\/02\/show-1-e1486405646455.jpg?fit=1024%2C775&amp;ssl=1\" decoding=\"async\" loading=\"lazy\" class=\"size-full wp-image-162458\" src=\"https:\/\/i0.wp.com\/www.agrund.com\/wp-content\/uploads\/sites\/6\/2017\/02\/show-1-e1486405646455.jpg?resize=570%2C432\" alt=\"\" width=\"570\" height=\"432\" data-recalc-dims=\"1\" \/><p id=\"caption-attachment-162458\" class=\"wp-caption-text\">Coach anuncia desfile unificado<\/p><\/div>\n<p>Foto: Reprodu\u00e7\u00e3o.<\/p>\n","protected":false},"excerpt":{"rendered":"<p>Aos poucos as marcas do mundo da moda est\u00e3o repensando o calend\u00e1rio e seus lan\u00e7amentos. Depois de fazer um desfile unificado especial comemorando os 75 anos da marca no ano passado, a Coach anunciou hoje (06) que todos os seus desfiles ser\u00e3o\u00a0masculinos e femininos, fazendo, assim, apenas duas apresenta\u00e7\u00f5es ao ano, e n\u00e3o quatro como [&hellip;]<\/p>\n","protected":false},"author":8,"featured_media":162459,"comment_status":"open","ping_status":"open","sticky":false,"template":"","format":"standard","meta":{"jetpack_post_was_ever_published":false,"_jetpack_newsletter_access":"","jetpack_publicize_message":"","jetpack_is_tweetstorm":false,"jetpack_publicize_feature_enabled":true,"jetpack_social_post_already_shared":true,"jetpack_social_options":{"image_generator_settings":{"template":"highway","enabled":false}}},"categories":[2],"tags":[],"jetpack_publicize_connections":[],"jetpack_featured_media_url":"https:\/\/i0.wp.com\/agrund.com\/wp-content\/uploads\/sites\/6\/2017\/02\/s-19.jpg?fit=960%2C300&ssl=1","jetpack_sharing_enabled":true,"jetpack_shortlink":"https:\/\/wp.me\/p3Hz0n-Ggh","jetpack_likes_enabled":true,"_links":{"self":[{"href":"https:\/\/agrund.com\/index.php\/wp-json\/wp\/v2\/posts\/162457"}],"collection":[{"href":"https:\/\/agrund.com\/index.php\/wp-json\/wp\/v2\/posts"}],"about":[{"href":"https:\/\/agrund.com\/index.php\/wp-json\/wp\/v2\/types\/post"}],"author":[{"embeddable":true,"href":"https:\/\/agrund.com\/index.php\/wp-json\/wp\/v2\/users\/8"}],"replies":[{"embeddable":true,"href":"https:\/\/agrund.com\/index.php\/wp-json\/wp\/v2\/comments?post=162457"}],"version-history":[{"count":0,"href":"https:\/\/agrund.com\/index.php\/wp-json\/wp\/v2\/posts\/162457\/revisions"}],"wp:featuredmedia":[{"embeddable":true,"href":"https:\/\/agrund.com\/index.php\/wp-json\/wp\/v2\/media\/162459"}],"wp:attachment":[{"href":"https:\/\/agrund.com\/index.php\/wp-json\/wp\/v2\/media?parent=162457"}],"wp:term":[{"taxonomy":"category","embeddable":true,"href":"https:\/\/agrund.com\/index.php\/wp-json\/wp\/v2\/categories?post=162457"},{"taxonomy":"post_tag","embeddable":true,"href":"https:\/\/agrund.com\/index.php\/wp-json\/wp\/v2\/tags?post=162457"}],"curies":[{"name":"wp","href":"https:\/\/api.w.org\/{rel}","templated":true}]}}