{"id":162297,"date":"2017-02-02T13:00:45","date_gmt":"2017-02-02T15:00:45","guid":{"rendered":"http:\/\/www.agrund.com\/?p=162297"},"modified":"2017-02-02T10:55:26","modified_gmt":"2017-02-02T12:55:26","slug":"alicia-keys-esta-sem-maquiagem-na-capa-da-glamour-us","status":"publish","type":"post","link":"https:\/\/agrund.com\/index.php\/alicia-keys-esta-sem-maquiagem-na-capa-da-glamour-us\/","title":{"rendered":"Alicia Keys est\u00e1 sem maquiagem na capa da &#8216;Glamour&#8217; US"},"content":{"rendered":"<p>Voc\u00ea se lembra quando contamos <a href=\"http:\/\/www.agrund.com\/alicia-keys-sem-maquiagem-e-cheia-de-estilo-nas-ruas-de-nova-york\/\">AQUI<\/a> que Alicia Keys n\u00e3o estava mais usando maquiagem? Pois \u00e9 assim, de cara lavada e com um sorriso no rosto, que ela \u00e9 capa da &#8216;Glamour&#8217; americana. A edi\u00e7\u00e3o mar\u00e7o 2017 da revista tem como debate a chamada &#8216;Mostre-se. Seja voc\u00ea.&#8217;. Ent\u00e3o, nada mais adequado do que a cantora para ilustrar a capa, n\u00e3o \u00e9 mesmo?<\/p>\n<p>&#8220;Eu acho maravilhoso quando uma mulher fica confort\u00e1vel em n\u00e3o ser normal, como todos&#8221;, declarou Alicia.<\/p>\n<p>A fotografia \u00e9 de Carter Smith e voc\u00ea confere na galeria abaixo:<\/p>\n<div id=\"attachment_162299\" style=\"width: 580px\" class=\"wp-caption aligncenter\"><img aria-describedby=\"caption-attachment-162299\" data-attachment-id=\"162299\" data-permalink=\"https:\/\/agrund.com\/index.php\/alicia-keys-esta-sem-maquiagem-na-capa-da-glamour-us\/image-27\/\" data-orig-file=\"https:\/\/i0.wp.com\/agrund.com\/wp-content\/uploads\/sites\/6\/2017\/02\/image-e1486039931881.jpg?fit=570%2C809&amp;ssl=1\" data-orig-size=\"570,809\" data-comments-opened=\"1\" data-image-meta=\"{&quot;aperture&quot;:&quot;0&quot;,&quot;credit&quot;:&quot;&quot;,&quot;camera&quot;:&quot;&quot;,&quot;caption&quot;:&quot;&quot;,&quot;created_timestamp&quot;:&quot;0&quot;,&quot;copyright&quot;:&quot;&quot;,&quot;focal_length&quot;:&quot;0&quot;,&quot;iso&quot;:&quot;0&quot;,&quot;shutter_speed&quot;:&quot;0&quot;,&quot;title&quot;:&quot;&quot;,&quot;orientation&quot;:&quot;0&quot;}\" data-image-title=\"Alicia Keys est\u00e1 sem maquiagem na capa da &#8216;Glamour&#8217; US\" data-image-description=\"\" data-image-caption=\"&lt;p&gt;Alicia Keys est\u00e1 sem maquiagem na capa da &#8216;Glamour&#8217; US &lt;\/p&gt;\n\" data-medium-file=\"https:\/\/i0.wp.com\/agrund.com\/wp-content\/uploads\/sites\/6\/2017\/02\/image-e1486039931881.jpg?fit=211%2C300&amp;ssl=1\" data-large-file=\"https:\/\/i0.wp.com\/agrund.com\/wp-content\/uploads\/sites\/6\/2017\/02\/image-e1486039931881.jpg?fit=722%2C1024&amp;ssl=1\" decoding=\"async\" loading=\"lazy\" class=\"size-full wp-image-162299\" src=\"https:\/\/i0.wp.com\/www.agrund.com\/wp-content\/uploads\/sites\/6\/2017\/02\/image-e1486039931881.jpg?resize=570%2C809\" alt=\"\" width=\"570\" height=\"809\" data-recalc-dims=\"1\" \/><p id=\"caption-attachment-162299\" class=\"wp-caption-text\">Alicia Keys est\u00e1 sem maquiagem na capa da &#8216;Glamour&#8217; US<\/p><\/div>\n<div id=\"attachment_162298\" style=\"width: 580px\" class=\"wp-caption aligncenter\"><img aria-describedby=\"caption-attachment-162298\" data-attachment-id=\"162298\" data-permalink=\"https:\/\/agrund.com\/index.php\/alicia-keys-esta-sem-maquiagem-na-capa-da-glamour-us\/alicia-keys-glamour-2\/\" data-orig-file=\"https:\/\/i0.wp.com\/agrund.com\/wp-content\/uploads\/sites\/6\/2017\/02\/alicia-keys-glamour-2-e1486039943258.jpg?fit=570%2C634&amp;ssl=1\" data-orig-size=\"570,634\" data-comments-opened=\"1\" data-image-meta=\"{&quot;aperture&quot;:&quot;0&quot;,&quot;credit&quot;:&quot;&quot;,&quot;camera&quot;:&quot;&quot;,&quot;caption&quot;:&quot;&quot;,&quot;created_timestamp&quot;:&quot;0&quot;,&quot;copyright&quot;:&quot;&quot;,&quot;focal_length&quot;:&quot;0&quot;,&quot;iso&quot;:&quot;0&quot;,&quot;shutter_speed&quot;:&quot;0&quot;,&quot;title&quot;:&quot;&quot;,&quot;orientation&quot;:&quot;0&quot;}\" data-image-title=\"Alicia Keys est\u00e1 sem maquiagem na capa da &#8216;Glamour&#8217; US\" data-image-description=\"\" data-image-caption=\"&lt;p&gt;Alicia Keys est\u00e1 sem maquiagem na capa da &#8216;Glamour&#8217; US &lt;\/p&gt;\n\" data-medium-file=\"https:\/\/i0.wp.com\/agrund.com\/wp-content\/uploads\/sites\/6\/2017\/02\/alicia-keys-glamour-2-e1486039943258.jpg?fit=270%2C300&amp;ssl=1\" data-large-file=\"https:\/\/i0.wp.com\/agrund.com\/wp-content\/uploads\/sites\/6\/2017\/02\/alicia-keys-glamour-2-e1486039943258.jpg?fit=921%2C1024&amp;ssl=1\" decoding=\"async\" loading=\"lazy\" class=\"size-full wp-image-162298\" src=\"https:\/\/i0.wp.com\/www.agrund.com\/wp-content\/uploads\/sites\/6\/2017\/02\/alicia-keys-glamour-2-e1486039943258.jpg?resize=570%2C634\" alt=\"\" width=\"570\" height=\"634\" data-recalc-dims=\"1\" \/><p id=\"caption-attachment-162298\" class=\"wp-caption-text\">Alicia Keys est\u00e1 sem maquiagem na capa da &#8216;Glamour&#8217; US<\/p><\/div>\n<p>Fotos: Reprodu\u00e7\u00e3o.<\/p>\n","protected":false},"excerpt":{"rendered":"<p>Voc\u00ea se lembra quando contamos AQUI que Alicia Keys n\u00e3o estava mais usando maquiagem? Pois \u00e9 assim, de cara lavada e com um sorriso no rosto, que ela \u00e9 capa da &#8216;Glamour&#8217; americana. A edi\u00e7\u00e3o mar\u00e7o 2017 da revista tem como debate a chamada &#8216;Mostre-se. Seja voc\u00ea.&#8217;. Ent\u00e3o, nada mais adequado do que a cantora [&hellip;]<\/p>\n","protected":false},"author":8,"featured_media":162300,"comment_status":"open","ping_status":"open","sticky":false,"template":"","format":"standard","meta":{"jetpack_post_was_ever_published":false,"_jetpack_newsletter_access":"","jetpack_publicize_message":"","jetpack_is_tweetstorm":false,"jetpack_publicize_feature_enabled":true,"jetpack_social_post_already_shared":true,"jetpack_social_options":{"image_generator_settings":{"template":"highway","enabled":false}}},"categories":[2],"tags":[],"jetpack_publicize_connections":[],"jetpack_featured_media_url":"https:\/\/i0.wp.com\/agrund.com\/wp-content\/uploads\/sites\/6\/2017\/02\/s-8.jpg?fit=960%2C300&ssl=1","jetpack_sharing_enabled":true,"jetpack_shortlink":"https:\/\/wp.me\/p3Hz0n-GdH","jetpack_likes_enabled":true,"_links":{"self":[{"href":"https:\/\/agrund.com\/index.php\/wp-json\/wp\/v2\/posts\/162297"}],"collection":[{"href":"https:\/\/agrund.com\/index.php\/wp-json\/wp\/v2\/posts"}],"about":[{"href":"https:\/\/agrund.com\/index.php\/wp-json\/wp\/v2\/types\/post"}],"author":[{"embeddable":true,"href":"https:\/\/agrund.com\/index.php\/wp-json\/wp\/v2\/users\/8"}],"replies":[{"embeddable":true,"href":"https:\/\/agrund.com\/index.php\/wp-json\/wp\/v2\/comments?post=162297"}],"version-history":[{"count":0,"href":"https:\/\/agrund.com\/index.php\/wp-json\/wp\/v2\/posts\/162297\/revisions"}],"wp:featuredmedia":[{"embeddable":true,"href":"https:\/\/agrund.com\/index.php\/wp-json\/wp\/v2\/media\/162300"}],"wp:attachment":[{"href":"https:\/\/agrund.com\/index.php\/wp-json\/wp\/v2\/media?parent=162297"}],"wp:term":[{"taxonomy":"category","embeddable":true,"href":"https:\/\/agrund.com\/index.php\/wp-json\/wp\/v2\/categories?post=162297"},{"taxonomy":"post_tag","embeddable":true,"href":"https:\/\/agrund.com\/index.php\/wp-json\/wp\/v2\/tags?post=162297"}],"curies":[{"name":"wp","href":"https:\/\/api.w.org\/{rel}","templated":true}]}}