{"id":162247,"date":"2017-02-01T13:00:37","date_gmt":"2017-02-01T15:00:37","guid":{"rendered":"http:\/\/www.agrund.com\/?p=162247"},"modified":"2017-02-01T12:33:54","modified_gmt":"2017-02-01T14:33:54","slug":"os-melhores-looks-de-viola-davis","status":"publish","type":"post","link":"https:\/\/agrund.com\/index.php\/os-melhores-looks-de-viola-davis\/","title":{"rendered":"Os melhores looks de Viola Davis"},"content":{"rendered":"<p>No \u00faltimo domingo (29), Viola Davis ganhou o pr\u00eamio de &#8216;Melhor Atriz Coadjuvante&#8217;, pelo filme &#8216;Fences&#8217;, no SAG Awards e, com isso, ela \u00e9 a primeira mulher negra a ganhar cinco SAGs em sua carreira.<\/p>\n<p>Al\u00e9m disso, Viola tamb\u00e9m est\u00e1 fazendo hist\u00f3ria por ser a primeira mulher negra americana ser indicada em tr\u00eas categorias do Oscar.<\/p>\n<p>A atriz \u00e9 incr\u00edvel e a cada premia\u00e7\u00e3o ela surpreende com as escolhas de looks. Ent\u00e3o, decidimos separar cinco looks bel\u00edssimos\u00a0como homenagem a Viola Davis. Confira!<\/p>\n<div id=\"attachment_162253\" style=\"width: 580px\" class=\"wp-caption aligncenter\"><img aria-describedby=\"caption-attachment-162253\" data-attachment-id=\"162253\" data-permalink=\"https:\/\/agrund.com\/index.php\/os-melhores-looks-de-viola-davis\/zac-posen\/\" data-orig-file=\"https:\/\/i0.wp.com\/agrund.com\/wp-content\/uploads\/sites\/6\/2017\/02\/zac-posen-e1485959325823.jpg?fit=570%2C921&amp;ssl=1\" data-orig-size=\"570,921\" data-comments-opened=\"1\" data-image-meta=\"{&quot;aperture&quot;:&quot;0&quot;,&quot;credit&quot;:&quot;&quot;,&quot;camera&quot;:&quot;&quot;,&quot;caption&quot;:&quot;&quot;,&quot;created_timestamp&quot;:&quot;0&quot;,&quot;copyright&quot;:&quot;&quot;,&quot;focal_length&quot;:&quot;0&quot;,&quot;iso&quot;:&quot;0&quot;,&quot;shutter_speed&quot;:&quot;0&quot;,&quot;title&quot;:&quot;&quot;,&quot;orientation&quot;:&quot;0&quot;}\" data-image-title=\"Os melhores looks de Viola Davis\" data-image-description=\"\" data-image-caption=\"&lt;p&gt;Zac Posen&lt;\/p&gt;\n\" data-medium-file=\"https:\/\/i0.wp.com\/agrund.com\/wp-content\/uploads\/sites\/6\/2017\/02\/zac-posen-e1485959325823.jpg?fit=186%2C300&amp;ssl=1\" data-large-file=\"https:\/\/i0.wp.com\/agrund.com\/wp-content\/uploads\/sites\/6\/2017\/02\/zac-posen-e1485959325823.jpg?fit=634%2C1024&amp;ssl=1\" decoding=\"async\" loading=\"lazy\" class=\"size-full wp-image-162253\" src=\"https:\/\/i0.wp.com\/www.agrund.com\/wp-content\/uploads\/sites\/6\/2017\/02\/zac-posen-e1485959325823.jpg?resize=570%2C921\" alt=\"\" width=\"570\" height=\"921\" data-recalc-dims=\"1\" \/><p id=\"caption-attachment-162253\" class=\"wp-caption-text\">Zac Posen<\/p><\/div>\n<div id=\"attachment_162249\" style=\"width: 580px\" class=\"wp-caption aligncenter\"><img aria-describedby=\"caption-attachment-162249\" data-attachment-id=\"162249\" data-permalink=\"https:\/\/agrund.com\/index.php\/os-melhores-looks-de-viola-davis\/marchesa\/\" data-orig-file=\"https:\/\/i0.wp.com\/agrund.com\/wp-content\/uploads\/sites\/6\/2017\/02\/marchesa-e1485959419628.jpg?fit=570%2C921&amp;ssl=1\" data-orig-size=\"570,921\" data-comments-opened=\"1\" data-image-meta=\"{&quot;aperture&quot;:&quot;0&quot;,&quot;credit&quot;:&quot;&quot;,&quot;camera&quot;:&quot;&quot;,&quot;caption&quot;:&quot;&quot;,&quot;created_timestamp&quot;:&quot;0&quot;,&quot;copyright&quot;:&quot;&quot;,&quot;focal_length&quot;:&quot;0&quot;,&quot;iso&quot;:&quot;0&quot;,&quot;shutter_speed&quot;:&quot;0&quot;,&quot;title&quot;:&quot;&quot;,&quot;orientation&quot;:&quot;0&quot;}\" data-image-title=\"Os melhores looks de Viola Davis\" data-image-description=\"\" data-image-caption=\"&lt;p&gt;Marchesa&lt;\/p&gt;\n\" data-medium-file=\"https:\/\/i0.wp.com\/agrund.com\/wp-content\/uploads\/sites\/6\/2017\/02\/marchesa-e1485959419628.jpg?fit=186%2C300&amp;ssl=1\" data-large-file=\"https:\/\/i0.wp.com\/agrund.com\/wp-content\/uploads\/sites\/6\/2017\/02\/marchesa-e1485959419628.jpg?fit=634%2C1024&amp;ssl=1\" decoding=\"async\" loading=\"lazy\" class=\"size-full wp-image-162249\" src=\"https:\/\/i0.wp.com\/www.agrund.com\/wp-content\/uploads\/sites\/6\/2017\/02\/marchesa-e1485959419628.jpg?resize=570%2C921\" alt=\"\" width=\"570\" height=\"921\" data-recalc-dims=\"1\" \/><p id=\"caption-attachment-162249\" class=\"wp-caption-text\">Marchesa<\/p><\/div>\n<div id=\"attachment_162251\" style=\"width: 580px\" class=\"wp-caption aligncenter\"><img aria-describedby=\"caption-attachment-162251\" data-attachment-id=\"162251\" data-permalink=\"https:\/\/agrund.com\/index.php\/os-melhores-looks-de-viola-davis\/michael-kors-2\/\" data-orig-file=\"https:\/\/i0.wp.com\/agrund.com\/wp-content\/uploads\/sites\/6\/2017\/02\/michael-kors-e1485959360959.jpg?fit=570%2C921&amp;ssl=1\" data-orig-size=\"570,921\" data-comments-opened=\"1\" data-image-meta=\"{&quot;aperture&quot;:&quot;0&quot;,&quot;credit&quot;:&quot;&quot;,&quot;camera&quot;:&quot;&quot;,&quot;caption&quot;:&quot;&quot;,&quot;created_timestamp&quot;:&quot;0&quot;,&quot;copyright&quot;:&quot;&quot;,&quot;focal_length&quot;:&quot;0&quot;,&quot;iso&quot;:&quot;0&quot;,&quot;shutter_speed&quot;:&quot;0&quot;,&quot;title&quot;:&quot;&quot;,&quot;orientation&quot;:&quot;0&quot;}\" data-image-title=\"Os melhores looks de Viola Davis\" data-image-description=\"\" data-image-caption=\"&lt;p&gt;Michael Kors&lt;\/p&gt;\n\" data-medium-file=\"https:\/\/i0.wp.com\/agrund.com\/wp-content\/uploads\/sites\/6\/2017\/02\/michael-kors-e1485959360959.jpg?fit=186%2C300&amp;ssl=1\" data-large-file=\"https:\/\/i0.wp.com\/agrund.com\/wp-content\/uploads\/sites\/6\/2017\/02\/michael-kors-e1485959360959.jpg?fit=634%2C1024&amp;ssl=1\" decoding=\"async\" loading=\"lazy\" class=\"size-full wp-image-162251\" src=\"https:\/\/i0.wp.com\/www.agrund.com\/wp-content\/uploads\/sites\/6\/2017\/02\/michael-kors-e1485959360959.jpg?resize=570%2C921\" alt=\"\" width=\"570\" height=\"921\" data-recalc-dims=\"1\" \/><p id=\"caption-attachment-162251\" class=\"wp-caption-text\">Michael Kors<\/p><\/div>\n<div id=\"attachment_162254\" style=\"width: 580px\" class=\"wp-caption aligncenter\"><img aria-describedby=\"caption-attachment-162254\" data-attachment-id=\"162254\" data-permalink=\"https:\/\/agrund.com\/index.php\/os-melhores-looks-de-viola-davis\/marchesa2-2\/\" data-orig-file=\"https:\/\/i0.wp.com\/agrund.com\/wp-content\/uploads\/sites\/6\/2017\/02\/marchesa2-1.jpg?fit=570%2C855&amp;ssl=1\" data-orig-size=\"570,855\" data-comments-opened=\"1\" data-image-meta=\"{&quot;aperture&quot;:&quot;0&quot;,&quot;credit&quot;:&quot;&quot;,&quot;camera&quot;:&quot;&quot;,&quot;caption&quot;:&quot;&quot;,&quot;created_timestamp&quot;:&quot;0&quot;,&quot;copyright&quot;:&quot;&quot;,&quot;focal_length&quot;:&quot;0&quot;,&quot;iso&quot;:&quot;0&quot;,&quot;shutter_speed&quot;:&quot;0&quot;,&quot;title&quot;:&quot;&quot;,&quot;orientation&quot;:&quot;1&quot;}\" data-image-title=\"Os melhores looks de Viola Davis\" data-image-description=\"\" data-image-caption=\"&lt;p&gt;Marchesa&lt;\/p&gt;\n\" data-medium-file=\"https:\/\/i0.wp.com\/agrund.com\/wp-content\/uploads\/sites\/6\/2017\/02\/marchesa2-1.jpg?fit=200%2C300&amp;ssl=1\" data-large-file=\"https:\/\/i0.wp.com\/agrund.com\/wp-content\/uploads\/sites\/6\/2017\/02\/marchesa2-1.jpg?fit=570%2C855&amp;ssl=1\" decoding=\"async\" loading=\"lazy\" class=\"size-full wp-image-162254\" src=\"https:\/\/i0.wp.com\/www.agrund.com\/wp-content\/uploads\/sites\/6\/2017\/02\/marchesa2-1.jpg?resize=570%2C855\" alt=\"\" width=\"570\" height=\"855\" srcset=\"https:\/\/i0.wp.com\/agrund.com\/wp-content\/uploads\/sites\/6\/2017\/02\/marchesa2-1.jpg?w=570&amp;ssl=1 570w, https:\/\/i0.wp.com\/agrund.com\/wp-content\/uploads\/sites\/6\/2017\/02\/marchesa2-1.jpg?resize=200%2C300&amp;ssl=1 200w\" sizes=\"(max-width: 570px) 100vw, 570px\" data-recalc-dims=\"1\" \/><p id=\"caption-attachment-162254\" class=\"wp-caption-text\">Marchesa<\/p><\/div>\n<div id=\"attachment_162252\" style=\"width: 580px\" class=\"wp-caption aligncenter\"><img aria-describedby=\"caption-attachment-162252\" data-attachment-id=\"162252\" data-permalink=\"https:\/\/agrund.com\/index.php\/os-melhores-looks-de-viola-davis\/vivienne-westwood\/\" data-orig-file=\"https:\/\/i0.wp.com\/agrund.com\/wp-content\/uploads\/sites\/6\/2017\/02\/Vivienne-Westwood.jpg?fit=810%2C1215&amp;ssl=1\" data-orig-size=\"810,1215\" data-comments-opened=\"1\" data-image-meta=\"{&quot;aperture&quot;:&quot;0&quot;,&quot;credit&quot;:&quot;&quot;,&quot;camera&quot;:&quot;&quot;,&quot;caption&quot;:&quot;&quot;,&quot;created_timestamp&quot;:&quot;0&quot;,&quot;copyright&quot;:&quot;&quot;,&quot;focal_length&quot;:&quot;0&quot;,&quot;iso&quot;:&quot;0&quot;,&quot;shutter_speed&quot;:&quot;0&quot;,&quot;title&quot;:&quot;&quot;,&quot;orientation&quot;:&quot;0&quot;}\" data-image-title=\"Os melhores looks de Viola Davis\" data-image-description=\"\" data-image-caption=\"&lt;p&gt;Vivienne Westwood&lt;\/p&gt;\n\" data-medium-file=\"https:\/\/i0.wp.com\/agrund.com\/wp-content\/uploads\/sites\/6\/2017\/02\/Vivienne-Westwood.jpg?fit=200%2C300&amp;ssl=1\" data-large-file=\"https:\/\/i0.wp.com\/agrund.com\/wp-content\/uploads\/sites\/6\/2017\/02\/Vivienne-Westwood.jpg?fit=683%2C1024&amp;ssl=1\" decoding=\"async\" loading=\"lazy\" class=\"wp-image-162252\" src=\"https:\/\/i0.wp.com\/www.agrund.com\/wp-content\/uploads\/sites\/6\/2017\/02\/Vivienne-Westwood.jpg?resize=570%2C855\" width=\"570\" height=\"855\" srcset=\"https:\/\/i0.wp.com\/agrund.com\/wp-content\/uploads\/sites\/6\/2017\/02\/Vivienne-Westwood.jpg?w=810&amp;ssl=1 810w, https:\/\/i0.wp.com\/agrund.com\/wp-content\/uploads\/sites\/6\/2017\/02\/Vivienne-Westwood.jpg?resize=200%2C300&amp;ssl=1 200w, https:\/\/i0.wp.com\/agrund.com\/wp-content\/uploads\/sites\/6\/2017\/02\/Vivienne-Westwood.jpg?resize=683%2C1024&amp;ssl=1 683w\" sizes=\"(max-width: 570px) 100vw, 570px\" data-recalc-dims=\"1\" \/><p id=\"caption-attachment-162252\" class=\"wp-caption-text\">Vivienne Westwood<\/p><\/div>\n<p>Fotos: Reprodu\u00e7\u00e3o.<\/p>\n","protected":false},"excerpt":{"rendered":"<p>No \u00faltimo domingo (29), Viola Davis ganhou o pr\u00eamio de &#8216;Melhor Atriz Coadjuvante&#8217;, pelo filme &#8216;Fences&#8217;, no SAG Awards e, com isso, ela \u00e9 a primeira mulher negra a ganhar cinco SAGs em sua carreira. Al\u00e9m disso, Viola tamb\u00e9m est\u00e1 fazendo hist\u00f3ria por ser a primeira mulher negra americana ser indicada em tr\u00eas categorias do [&hellip;]<\/p>\n","protected":false},"author":8,"featured_media":162255,"comment_status":"open","ping_status":"open","sticky":false,"template":"","format":"standard","meta":{"jetpack_post_was_ever_published":false,"_jetpack_newsletter_access":"","jetpack_publicize_message":"","jetpack_is_tweetstorm":false,"jetpack_publicize_feature_enabled":true,"jetpack_social_post_already_shared":true,"jetpack_social_options":{"image_generator_settings":{"template":"highway","enabled":false}}},"categories":[2],"tags":[],"jetpack_publicize_connections":[],"jetpack_featured_media_url":"https:\/\/i0.wp.com\/agrund.com\/wp-content\/uploads\/sites\/6\/2017\/02\/s-4.jpg?fit=960%2C300&ssl=1","jetpack_sharing_enabled":true,"jetpack_shortlink":"https:\/\/wp.me\/p3Hz0n-GcT","jetpack_likes_enabled":true,"_links":{"self":[{"href":"https:\/\/agrund.com\/index.php\/wp-json\/wp\/v2\/posts\/162247"}],"collection":[{"href":"https:\/\/agrund.com\/index.php\/wp-json\/wp\/v2\/posts"}],"about":[{"href":"https:\/\/agrund.com\/index.php\/wp-json\/wp\/v2\/types\/post"}],"author":[{"embeddable":true,"href":"https:\/\/agrund.com\/index.php\/wp-json\/wp\/v2\/users\/8"}],"replies":[{"embeddable":true,"href":"https:\/\/agrund.com\/index.php\/wp-json\/wp\/v2\/comments?post=162247"}],"version-history":[{"count":0,"href":"https:\/\/agrund.com\/index.php\/wp-json\/wp\/v2\/posts\/162247\/revisions"}],"wp:featuredmedia":[{"embeddable":true,"href":"https:\/\/agrund.com\/index.php\/wp-json\/wp\/v2\/media\/162255"}],"wp:attachment":[{"href":"https:\/\/agrund.com\/index.php\/wp-json\/wp\/v2\/media?parent=162247"}],"wp:term":[{"taxonomy":"category","embeddable":true,"href":"https:\/\/agrund.com\/index.php\/wp-json\/wp\/v2\/categories?post=162247"},{"taxonomy":"post_tag","embeddable":true,"href":"https:\/\/agrund.com\/index.php\/wp-json\/wp\/v2\/tags?post=162247"}],"curies":[{"name":"wp","href":"https:\/\/api.w.org\/{rel}","templated":true}]}}