{"id":162014,"date":"2017-01-27T14:00:08","date_gmt":"2017-01-27T16:00:08","guid":{"rendered":"http:\/\/www.agrund.com\/?p=162014"},"modified":"2017-01-27T09:22:32","modified_gmt":"2017-01-27T11:22:32","slug":"biblioteca-fashion-o-bikini-made-in-brazil","status":"publish","type":"post","link":"https:\/\/agrund.com\/index.php\/biblioteca-fashion-o-bikini-made-in-brazil\/","title":{"rendered":"Biblioteca Fashion :: O Bikini Made In Brazil"},"content":{"rendered":"<p>Por Arlindo Grund<\/p>\n<p>Em 2016, Lilian Pacce lan\u00e7ou um livro que pode ser considerado a b\u00edblia do biqu\u00edni. A cronologia que ela estabeleceu durante mais de dez anos de pesquisa nos fornece uma clara linha do tempo, desde quando a pe\u00e7a nasceu at\u00e9 os dias de hoje. O mais interessante \u00e9 que ao ler o livro parece que voc\u00ea est\u00e1 conversando com a jornalista, que \u00e9 uma refer\u00eancia de moda. O livro tamb\u00e9m traz imagens hist\u00f3ricas e algumas outras de campanhas super impactantes de marcas brasileiras. N\u00e3o se assuste, porque o livro \u00e9 grosso. Achei que iria levar uma semana mas, de repente, depois de tr\u00eas horas lendo, percebi que havia mergulhado fundo nesse universo t\u00e3o bem explicado por LP. Fica a dica!<\/p>\n<div id=\"attachment_162015\" style=\"width: 580px\" class=\"wp-caption aligncenter\"><img aria-describedby=\"caption-attachment-162015\" data-attachment-id=\"162015\" data-permalink=\"https:\/\/agrund.com\/index.php\/biblioteca-fashion-o-bikini-made-in-brazil\/biblioteca-fashion-o-bikini\/\" data-orig-file=\"https:\/\/i0.wp.com\/agrund.com\/wp-content\/uploads\/sites\/6\/2017\/01\/Biblioteca-Fashion-O-Bikini-e1485516075558.jpg?fit=570%2C840&amp;ssl=1\" data-orig-size=\"570,840\" data-comments-opened=\"1\" data-image-meta=\"{&quot;aperture&quot;:&quot;0&quot;,&quot;credit&quot;:&quot;&quot;,&quot;camera&quot;:&quot;&quot;,&quot;caption&quot;:&quot;&quot;,&quot;created_timestamp&quot;:&quot;0&quot;,&quot;copyright&quot;:&quot;&quot;,&quot;focal_length&quot;:&quot;0&quot;,&quot;iso&quot;:&quot;0&quot;,&quot;shutter_speed&quot;:&quot;0&quot;,&quot;title&quot;:&quot;&quot;,&quot;orientation&quot;:&quot;0&quot;}\" data-image-title=\"Biblioteca Fashion :: O Bikini Made In Brazil\" data-image-description=\"\" data-image-caption=\"&lt;p&gt;Biblioteca Fashion :: O Bikini Made In Brazil&lt;\/p&gt;\n\" data-medium-file=\"https:\/\/i0.wp.com\/agrund.com\/wp-content\/uploads\/sites\/6\/2017\/01\/Biblioteca-Fashion-O-Bikini-e1485516075558.jpg?fit=204%2C300&amp;ssl=1\" data-large-file=\"https:\/\/i0.wp.com\/agrund.com\/wp-content\/uploads\/sites\/6\/2017\/01\/Biblioteca-Fashion-O-Bikini-e1485516075558.jpg?fit=570%2C840&amp;ssl=1\" decoding=\"async\" loading=\"lazy\" class=\"size-full wp-image-162015\" src=\"https:\/\/i0.wp.com\/www.agrund.com\/wp-content\/uploads\/sites\/6\/2017\/01\/Biblioteca-Fashion-O-Bikini-e1485516075558.jpg?resize=570%2C840\" alt=\"\" width=\"570\" height=\"840\" data-recalc-dims=\"1\" \/><p id=\"caption-attachment-162015\" class=\"wp-caption-text\">Biblioteca Fashion :: O Bikini Made In Brazil<\/p><\/div>\n<p>Imagem: Reprodu\u00e7\u00e3o.<\/p>\n","protected":false},"excerpt":{"rendered":"<p>Por Arlindo Grund Em 2016, Lilian Pacce lan\u00e7ou um livro que pode ser considerado a b\u00edblia do biqu\u00edni. A cronologia que ela estabeleceu durante mais de dez anos de pesquisa nos fornece uma clara linha do tempo, desde quando a pe\u00e7a nasceu at\u00e9 os dias de hoje. O mais interessante \u00e9 que ao ler o [&hellip;]<\/p>\n","protected":false},"author":8,"featured_media":162016,"comment_status":"open","ping_status":"open","sticky":false,"template":"","format":"standard","meta":{"jetpack_post_was_ever_published":false,"_jetpack_newsletter_access":"","jetpack_publicize_message":"","jetpack_is_tweetstorm":false,"jetpack_publicize_feature_enabled":true,"jetpack_social_post_already_shared":true,"jetpack_social_options":{"image_generator_settings":{"template":"highway","enabled":false}}},"categories":[2],"tags":[],"jetpack_publicize_connections":[],"jetpack_featured_media_url":"https:\/\/i0.wp.com\/agrund.com\/wp-content\/uploads\/sites\/6\/2017\/01\/s-106.jpg?fit=960%2C300&ssl=1","jetpack_sharing_enabled":true,"jetpack_shortlink":"https:\/\/wp.me\/p3Hz0n-G98","jetpack_likes_enabled":true,"_links":{"self":[{"href":"https:\/\/agrund.com\/index.php\/wp-json\/wp\/v2\/posts\/162014"}],"collection":[{"href":"https:\/\/agrund.com\/index.php\/wp-json\/wp\/v2\/posts"}],"about":[{"href":"https:\/\/agrund.com\/index.php\/wp-json\/wp\/v2\/types\/post"}],"author":[{"embeddable":true,"href":"https:\/\/agrund.com\/index.php\/wp-json\/wp\/v2\/users\/8"}],"replies":[{"embeddable":true,"href":"https:\/\/agrund.com\/index.php\/wp-json\/wp\/v2\/comments?post=162014"}],"version-history":[{"count":0,"href":"https:\/\/agrund.com\/index.php\/wp-json\/wp\/v2\/posts\/162014\/revisions"}],"wp:featuredmedia":[{"embeddable":true,"href":"https:\/\/agrund.com\/index.php\/wp-json\/wp\/v2\/media\/162016"}],"wp:attachment":[{"href":"https:\/\/agrund.com\/index.php\/wp-json\/wp\/v2\/media?parent=162014"}],"wp:term":[{"taxonomy":"category","embeddable":true,"href":"https:\/\/agrund.com\/index.php\/wp-json\/wp\/v2\/categories?post=162014"},{"taxonomy":"post_tag","embeddable":true,"href":"https:\/\/agrund.com\/index.php\/wp-json\/wp\/v2\/tags?post=162014"}],"curies":[{"name":"wp","href":"https:\/\/api.w.org\/{rel}","templated":true}]}}