{"id":161528,"date":"2017-01-20T11:00:02","date_gmt":"2017-01-20T13:00:02","guid":{"rendered":"http:\/\/www.agrund.com\/?p=161528"},"modified":"2017-01-20T10:07:49","modified_gmt":"2017-01-20T12:07:49","slug":"agenda-aprenda-a-customizar-o-seu-tenis","status":"publish","type":"post","link":"https:\/\/agrund.com\/index.php\/agenda-aprenda-a-customizar-o-seu-tenis\/","title":{"rendered":"Agenda :: Aprenda a customizar o seu t\u00eanis"},"content":{"rendered":"<p>Que tal aproveitar o feriado do anivers\u00e1rio de S\u00e3o Paulo (25) e aprender a customizar o seu t\u00eanis? O projeto &#8216;Vans Custom Culture Brasil&#8217; vai promover uma Oficina de Customiza\u00e7\u00e3o de T\u00eanis na Galeria Ol\u00eddo.<\/p>\n<p>L\u00e1, o artista Fl\u00e1vio Sponton comandar\u00e1 o workshop e todos os participantes receber\u00e3o os materiais de arte necess\u00e1rios e um p\u00e9 de t\u00eanis para customizar. No mesmo dia ser\u00e1 o encerramento da exposi\u00e7\u00e3o &#8216;Vans Custom Culture Brasil&#8217;, lembra que falamos dela <a href=\"http:\/\/www.agrund.com\/arte-moda-e-cultura-em-um-so-projeto\/\">AQUI<\/a>?<\/p>\n<div id=\"attachment_161530\" style=\"width: 510px\" class=\"wp-caption aligncenter\"><img aria-describedby=\"caption-attachment-161530\" data-attachment-id=\"161530\" data-permalink=\"https:\/\/agrund.com\/index.php\/agenda-aprenda-a-customizar-o-seu-tenis\/oficinas-post-25jan2\/\" data-orig-file=\"https:\/\/i0.wp.com\/agrund.com\/wp-content\/uploads\/sites\/6\/2017\/01\/oficinas-post-25jan2.jpg?fit=500%2C500&amp;ssl=1\" data-orig-size=\"500,500\" data-comments-opened=\"1\" data-image-meta=\"{&quot;aperture&quot;:&quot;0&quot;,&quot;credit&quot;:&quot;&quot;,&quot;camera&quot;:&quot;&quot;,&quot;caption&quot;:&quot;&quot;,&quot;created_timestamp&quot;:&quot;0&quot;,&quot;copyright&quot;:&quot;&quot;,&quot;focal_length&quot;:&quot;0&quot;,&quot;iso&quot;:&quot;0&quot;,&quot;shutter_speed&quot;:&quot;0&quot;,&quot;title&quot;:&quot;&quot;,&quot;orientation&quot;:&quot;1&quot;}\" data-image-title=\"Agenda :: Aprenda a customizar o seu t\u00eanis\" data-image-description=\"\" data-image-caption=\"&lt;p&gt;Agenda :: Aprenda a customizar o seu t\u00eanis &lt;\/p&gt;\n\" data-medium-file=\"https:\/\/i0.wp.com\/agrund.com\/wp-content\/uploads\/sites\/6\/2017\/01\/oficinas-post-25jan2.jpg?fit=300%2C300&amp;ssl=1\" data-large-file=\"https:\/\/i0.wp.com\/agrund.com\/wp-content\/uploads\/sites\/6\/2017\/01\/oficinas-post-25jan2.jpg?fit=500%2C500&amp;ssl=1\" decoding=\"async\" loading=\"lazy\" class=\"size-full wp-image-161530\" src=\"https:\/\/i0.wp.com\/www.agrund.com\/wp-content\/uploads\/sites\/6\/2017\/01\/oficinas-post-25jan2.jpg?resize=500%2C500\" alt=\"\" width=\"500\" height=\"500\" srcset=\"https:\/\/i0.wp.com\/agrund.com\/wp-content\/uploads\/sites\/6\/2017\/01\/oficinas-post-25jan2.jpg?w=500&amp;ssl=1 500w, https:\/\/i0.wp.com\/agrund.com\/wp-content\/uploads\/sites\/6\/2017\/01\/oficinas-post-25jan2.jpg?resize=150%2C150&amp;ssl=1 150w, https:\/\/i0.wp.com\/agrund.com\/wp-content\/uploads\/sites\/6\/2017\/01\/oficinas-post-25jan2.jpg?resize=300%2C300&amp;ssl=1 300w\" sizes=\"(max-width: 500px) 100vw, 500px\" data-recalc-dims=\"1\" \/><p id=\"caption-attachment-161530\" class=\"wp-caption-text\">Agenda :: Aprenda a customizar o seu t\u00eanis<\/p><\/div>\n<div id=\"attachment_161529\" style=\"width: 510px\" class=\"wp-caption aligncenter\"><img aria-describedby=\"caption-attachment-161529\" data-attachment-id=\"161529\" data-permalink=\"https:\/\/agrund.com\/index.php\/agenda-aprenda-a-customizar-o-seu-tenis\/flavio-sponto-3\/\" data-orig-file=\"https:\/\/i0.wp.com\/agrund.com\/wp-content\/uploads\/sites\/6\/2017\/01\/Fla\u0301vio-Sponto-3-e1484913917961.jpg?fit=500%2C333&amp;ssl=1\" data-orig-size=\"500,333\" data-comments-opened=\"1\" data-image-meta=\"{&quot;aperture&quot;:&quot;2.8&quot;,&quot;credit&quot;:&quot;&quot;,&quot;camera&quot;:&quot;Canon EOS REBEL T3i&quot;,&quot;caption&quot;:&quot;&quot;,&quot;created_timestamp&quot;:&quot;1459422183&quot;,&quot;copyright&quot;:&quot;&quot;,&quot;focal_length&quot;:&quot;24&quot;,&quot;iso&quot;:&quot;200&quot;,&quot;shutter_speed&quot;:&quot;0.0166666666667&quot;,&quot;title&quot;:&quot;&quot;,&quot;orientation&quot;:&quot;1&quot;}\" data-image-title=\"Agenda :: Aprenda a customizar o seu t\u00eanis\" data-image-description=\"\" data-image-caption=\"&lt;p&gt;Agenda :: Aprenda a customizar o seu t\u00eanis &lt;\/p&gt;\n\" data-medium-file=\"https:\/\/i0.wp.com\/agrund.com\/wp-content\/uploads\/sites\/6\/2017\/01\/Fla\u0301vio-Sponto-3-e1484913917961.jpg?fit=300%2C200&amp;ssl=1\" data-large-file=\"https:\/\/i0.wp.com\/agrund.com\/wp-content\/uploads\/sites\/6\/2017\/01\/Fla\u0301vio-Sponto-3-e1484913917961.jpg?fit=500%2C333&amp;ssl=1\" decoding=\"async\" loading=\"lazy\" class=\"size-full wp-image-161529\" src=\"https:\/\/i0.wp.com\/www.agrund.com\/wp-content\/uploads\/sites\/6\/2017\/01\/Fla\u0301vio-Sponto-3-e1484913917961.jpg?resize=500%2C333\" alt=\"\" width=\"500\" height=\"333\" data-recalc-dims=\"1\" \/><p id=\"caption-attachment-161529\" class=\"wp-caption-text\">Agenda :: Aprenda a customizar o seu t\u00eanis<\/p><\/div>\n<p><strong>Servi\u00e7o:<\/strong><br \/>\nVans Custom Culture Brasil \u2013 Oficina de Customiza\u00e7\u00e3o de T\u00eanis.<br \/>\nLocal: Galeria Ol\u00eddo \u2013 Av. S\u00e3o Jo\u00e3o, 473, Centro, S\u00e3o Paulo \u2013 SP.<br \/>\nData: 25\/01\/2017 (Quarta Feira).<br \/>\nHora: A partir das 15h.<br \/>\nObs: Senhas distribu\u00eddas 1h antes do evento.<\/p>\n<p>Fotos: Divulga\u00e7\u00e3o.<\/p>\n","protected":false},"excerpt":{"rendered":"<p>Que tal aproveitar o feriado do anivers\u00e1rio de S\u00e3o Paulo (25) e aprender a customizar o seu t\u00eanis? O projeto &#8216;Vans Custom Culture Brasil&#8217; vai promover uma Oficina de Customiza\u00e7\u00e3o de T\u00eanis na Galeria Ol\u00eddo. L\u00e1, o artista Fl\u00e1vio Sponton comandar\u00e1 o workshop e todos os participantes receber\u00e3o os materiais de arte necess\u00e1rios e um [&hellip;]<\/p>\n","protected":false},"author":8,"featured_media":161531,"comment_status":"open","ping_status":"open","sticky":false,"template":"","format":"standard","meta":{"jetpack_post_was_ever_published":false,"_jetpack_newsletter_access":"","jetpack_publicize_message":"","jetpack_is_tweetstorm":false,"jetpack_publicize_feature_enabled":true,"jetpack_social_post_already_shared":true,"jetpack_social_options":{"image_generator_settings":{"template":"highway","enabled":false}}},"categories":[2],"tags":[],"jetpack_publicize_connections":[],"jetpack_featured_media_url":"https:\/\/i0.wp.com\/agrund.com\/wp-content\/uploads\/sites\/6\/2017\/01\/s-63.jpg?fit=960%2C300&ssl=1","jetpack_sharing_enabled":true,"jetpack_shortlink":"https:\/\/wp.me\/p3Hz0n-G1i","jetpack_likes_enabled":true,"_links":{"self":[{"href":"https:\/\/agrund.com\/index.php\/wp-json\/wp\/v2\/posts\/161528"}],"collection":[{"href":"https:\/\/agrund.com\/index.php\/wp-json\/wp\/v2\/posts"}],"about":[{"href":"https:\/\/agrund.com\/index.php\/wp-json\/wp\/v2\/types\/post"}],"author":[{"embeddable":true,"href":"https:\/\/agrund.com\/index.php\/wp-json\/wp\/v2\/users\/8"}],"replies":[{"embeddable":true,"href":"https:\/\/agrund.com\/index.php\/wp-json\/wp\/v2\/comments?post=161528"}],"version-history":[{"count":0,"href":"https:\/\/agrund.com\/index.php\/wp-json\/wp\/v2\/posts\/161528\/revisions"}],"wp:featuredmedia":[{"embeddable":true,"href":"https:\/\/agrund.com\/index.php\/wp-json\/wp\/v2\/media\/161531"}],"wp:attachment":[{"href":"https:\/\/agrund.com\/index.php\/wp-json\/wp\/v2\/media?parent=161528"}],"wp:term":[{"taxonomy":"category","embeddable":true,"href":"https:\/\/agrund.com\/index.php\/wp-json\/wp\/v2\/categories?post=161528"},{"taxonomy":"post_tag","embeddable":true,"href":"https:\/\/agrund.com\/index.php\/wp-json\/wp\/v2\/tags?post=161528"}],"curies":[{"name":"wp","href":"https:\/\/api.w.org\/{rel}","templated":true}]}}