{"id":161477,"date":"2017-01-19T19:00:00","date_gmt":"2017-01-19T21:00:00","guid":{"rendered":"http:\/\/www.agrund.com\/?p=161477"},"modified":"2017-01-19T10:45:18","modified_gmt":"2017-01-19T12:45:18","slug":"amanda-seyfried-e-capa-da-vogue-australia","status":"publish","type":"post","link":"https:\/\/agrund.com\/index.php\/amanda-seyfried-e-capa-da-vogue-australia\/","title":{"rendered":"Amanda Seyfried \u00e9 capa da &#8216;Vogue&#8217; Austr\u00e1lia"},"content":{"rendered":"<p>A &#8216;Vogue&#8217; australiana convocou Amanda Seyfried para estrelar a capa de sua edi\u00e7\u00e3o fevereiro 2017. No clique principal, a atriz veste um look completo da Prada com crop top pink e saia de plumas cinza.<\/p>\n<p>J\u00e1 no editorial, Amanda aparece sexy, deitada na cama e sentada em sof\u00e1s. Os looks, com cartela de cores onde predominam o rosa e o vermelho, s\u00e3o das cole\u00e7\u00f5es resort de marcas como Gucci, Dior e Chanel. Destaque para as meias pink da Max Black, que d\u00e3o um ar de boneca para a atriz.<\/p>\n<p>A fotografia \u00e9 de Emma Summerton e voc\u00ea confere na galeria abaixo:<\/p>\n<div id=\"attachment_161478\" style=\"width: 580px\" class=\"wp-caption aligncenter\"><img aria-describedby=\"caption-attachment-161478\" data-attachment-id=\"161478\" data-permalink=\"https:\/\/agrund.com\/index.php\/amanda-seyfried-e-capa-da-vogue-australia\/amanda-seyfried-vogue-australia-2017-photoshoot01\/\" data-orig-file=\"https:\/\/i0.wp.com\/agrund.com\/wp-content\/uploads\/sites\/6\/2017\/01\/Amanda-Seyfried-Vogue-Australia-2017-Photoshoot01-e1484829837702.jpg?fit=570%2C770&amp;ssl=1\" data-orig-size=\"570,770\" data-comments-opened=\"1\" data-image-meta=\"{&quot;aperture&quot;:&quot;0&quot;,&quot;credit&quot;:&quot;&quot;,&quot;camera&quot;:&quot;&quot;,&quot;caption&quot;:&quot;&quot;,&quot;created_timestamp&quot;:&quot;0&quot;,&quot;copyright&quot;:&quot;&quot;,&quot;focal_length&quot;:&quot;0&quot;,&quot;iso&quot;:&quot;0&quot;,&quot;shutter_speed&quot;:&quot;0&quot;,&quot;title&quot;:&quot;&quot;,&quot;orientation&quot;:&quot;1&quot;}\" data-image-title=\"Amanda Seyfried \u00e9 capa da &#8216;Vogue&#8217; Austr\u00e1lia\" data-image-description=\"\" data-image-caption=\"&lt;p&gt;Amanda Seyfried \u00e9 capa da &#8216;Vogue&#8217; Austr\u00e1lia&lt;\/p&gt;\n\" data-medium-file=\"https:\/\/i0.wp.com\/agrund.com\/wp-content\/uploads\/sites\/6\/2017\/01\/Amanda-Seyfried-Vogue-Australia-2017-Photoshoot01-e1484829837702.jpg?fit=222%2C300&amp;ssl=1\" data-large-file=\"https:\/\/i0.wp.com\/agrund.com\/wp-content\/uploads\/sites\/6\/2017\/01\/Amanda-Seyfried-Vogue-Australia-2017-Photoshoot01-e1484829837702.jpg?fit=759%2C1024&amp;ssl=1\" decoding=\"async\" loading=\"lazy\" class=\"size-full wp-image-161478\" src=\"https:\/\/i0.wp.com\/www.agrund.com\/wp-content\/uploads\/sites\/6\/2017\/01\/Amanda-Seyfried-Vogue-Australia-2017-Photoshoot01-e1484829837702.jpg?resize=570%2C770\" alt=\"\" width=\"570\" height=\"770\" data-recalc-dims=\"1\" \/><p id=\"caption-attachment-161478\" class=\"wp-caption-text\">Amanda Seyfried \u00e9 capa da &#8216;Vogue&#8217; Austr\u00e1lia<\/p><\/div>\n<div id=\"attachment_161479\" style=\"width: 580px\" class=\"wp-caption aligncenter\"><img aria-describedby=\"caption-attachment-161479\" data-attachment-id=\"161479\" data-permalink=\"https:\/\/agrund.com\/index.php\/amanda-seyfried-e-capa-da-vogue-australia\/amanda-seyfried-vogue-australia-2017-photoshoot02\/\" data-orig-file=\"https:\/\/i0.wp.com\/agrund.com\/wp-content\/uploads\/sites\/6\/2017\/01\/Amanda-Seyfried-Vogue-Australia-2017-Photoshoot02-e1484829848106.jpg?fit=570%2C385&amp;ssl=1\" data-orig-size=\"570,385\" data-comments-opened=\"1\" data-image-meta=\"{&quot;aperture&quot;:&quot;0&quot;,&quot;credit&quot;:&quot;&quot;,&quot;camera&quot;:&quot;&quot;,&quot;caption&quot;:&quot;&quot;,&quot;created_timestamp&quot;:&quot;0&quot;,&quot;copyright&quot;:&quot;&quot;,&quot;focal_length&quot;:&quot;0&quot;,&quot;iso&quot;:&quot;0&quot;,&quot;shutter_speed&quot;:&quot;0&quot;,&quot;title&quot;:&quot;&quot;,&quot;orientation&quot;:&quot;1&quot;}\" data-image-title=\"Amanda Seyfried \u00e9 capa da &#8216;Vogue&#8217; Austr\u00e1lia\" data-image-description=\"\" data-image-caption=\"&lt;p&gt;Amanda Seyfried \u00e9 capa da &#8216;Vogue&#8217; Austr\u00e1lia&lt;\/p&gt;\n\" data-medium-file=\"https:\/\/i0.wp.com\/agrund.com\/wp-content\/uploads\/sites\/6\/2017\/01\/Amanda-Seyfried-Vogue-Australia-2017-Photoshoot02-e1484829848106.jpg?fit=300%2C203&amp;ssl=1\" data-large-file=\"https:\/\/i0.wp.com\/agrund.com\/wp-content\/uploads\/sites\/6\/2017\/01\/Amanda-Seyfried-Vogue-Australia-2017-Photoshoot02-e1484829848106.jpg?fit=570%2C385&amp;ssl=1\" decoding=\"async\" loading=\"lazy\" class=\"size-full wp-image-161479\" src=\"https:\/\/i0.wp.com\/www.agrund.com\/wp-content\/uploads\/sites\/6\/2017\/01\/Amanda-Seyfried-Vogue-Australia-2017-Photoshoot02-e1484829848106.jpg?resize=570%2C385\" alt=\"\" width=\"570\" height=\"385\" data-recalc-dims=\"1\" \/><p id=\"caption-attachment-161479\" class=\"wp-caption-text\">Amanda Seyfried \u00e9 capa da &#8216;Vogue&#8217; Austr\u00e1lia<\/p><\/div>\n<div id=\"attachment_161480\" style=\"width: 580px\" class=\"wp-caption aligncenter\"><img aria-describedby=\"caption-attachment-161480\" data-attachment-id=\"161480\" data-permalink=\"https:\/\/agrund.com\/index.php\/amanda-seyfried-e-capa-da-vogue-australia\/amanda-seyfried-vogue-australia-2017-photoshoot03\/\" data-orig-file=\"https:\/\/i0.wp.com\/agrund.com\/wp-content\/uploads\/sites\/6\/2017\/01\/Amanda-Seyfried-Vogue-Australia-2017-Photoshoot03-e1484829858601.jpg?fit=570%2C770&amp;ssl=1\" data-orig-size=\"570,770\" data-comments-opened=\"1\" data-image-meta=\"{&quot;aperture&quot;:&quot;0&quot;,&quot;credit&quot;:&quot;&quot;,&quot;camera&quot;:&quot;&quot;,&quot;caption&quot;:&quot;&quot;,&quot;created_timestamp&quot;:&quot;0&quot;,&quot;copyright&quot;:&quot;&quot;,&quot;focal_length&quot;:&quot;0&quot;,&quot;iso&quot;:&quot;0&quot;,&quot;shutter_speed&quot;:&quot;0&quot;,&quot;title&quot;:&quot;&quot;,&quot;orientation&quot;:&quot;1&quot;}\" data-image-title=\"Amanda Seyfried \u00e9 capa da &#8216;Vogue&#8217; Austr\u00e1lia\" data-image-description=\"\" data-image-caption=\"&lt;p&gt;Amanda Seyfried \u00e9 capa da &#8216;Vogue&#8217; Austr\u00e1lia&lt;\/p&gt;\n\" data-medium-file=\"https:\/\/i0.wp.com\/agrund.com\/wp-content\/uploads\/sites\/6\/2017\/01\/Amanda-Seyfried-Vogue-Australia-2017-Photoshoot03-e1484829858601.jpg?fit=222%2C300&amp;ssl=1\" data-large-file=\"https:\/\/i0.wp.com\/agrund.com\/wp-content\/uploads\/sites\/6\/2017\/01\/Amanda-Seyfried-Vogue-Australia-2017-Photoshoot03-e1484829858601.jpg?fit=759%2C1024&amp;ssl=1\" decoding=\"async\" loading=\"lazy\" class=\"size-full wp-image-161480\" src=\"https:\/\/i0.wp.com\/www.agrund.com\/wp-content\/uploads\/sites\/6\/2017\/01\/Amanda-Seyfried-Vogue-Australia-2017-Photoshoot03-e1484829858601.jpg?resize=570%2C770\" alt=\"\" width=\"570\" height=\"770\" data-recalc-dims=\"1\" \/><p id=\"caption-attachment-161480\" class=\"wp-caption-text\">Amanda Seyfried \u00e9 capa da &#8216;Vogue&#8217; Austr\u00e1lia<\/p><\/div>\n<div id=\"attachment_161481\" style=\"width: 580px\" class=\"wp-caption aligncenter\"><img aria-describedby=\"caption-attachment-161481\" data-attachment-id=\"161481\" data-permalink=\"https:\/\/agrund.com\/index.php\/amanda-seyfried-e-capa-da-vogue-australia\/amanda-seyfried-vogue-australia-2017-photoshoot04\/\" data-orig-file=\"https:\/\/i0.wp.com\/agrund.com\/wp-content\/uploads\/sites\/6\/2017\/01\/Amanda-Seyfried-Vogue-Australia-2017-Photoshoot04-e1484829869759.jpg?fit=570%2C770&amp;ssl=1\" data-orig-size=\"570,770\" data-comments-opened=\"1\" data-image-meta=\"{&quot;aperture&quot;:&quot;0&quot;,&quot;credit&quot;:&quot;&quot;,&quot;camera&quot;:&quot;&quot;,&quot;caption&quot;:&quot;&quot;,&quot;created_timestamp&quot;:&quot;0&quot;,&quot;copyright&quot;:&quot;&quot;,&quot;focal_length&quot;:&quot;0&quot;,&quot;iso&quot;:&quot;0&quot;,&quot;shutter_speed&quot;:&quot;0&quot;,&quot;title&quot;:&quot;&quot;,&quot;orientation&quot;:&quot;1&quot;}\" data-image-title=\"Amanda Seyfried \u00e9 capa da &#8216;Vogue&#8217; Austr\u00e1lia\" data-image-description=\"\" data-image-caption=\"&lt;p&gt;Amanda Seyfried \u00e9 capa da &#8216;Vogue&#8217; Austr\u00e1lia&lt;\/p&gt;\n\" data-medium-file=\"https:\/\/i0.wp.com\/agrund.com\/wp-content\/uploads\/sites\/6\/2017\/01\/Amanda-Seyfried-Vogue-Australia-2017-Photoshoot04-e1484829869759.jpg?fit=222%2C300&amp;ssl=1\" data-large-file=\"https:\/\/i0.wp.com\/agrund.com\/wp-content\/uploads\/sites\/6\/2017\/01\/Amanda-Seyfried-Vogue-Australia-2017-Photoshoot04-e1484829869759.jpg?fit=759%2C1024&amp;ssl=1\" decoding=\"async\" loading=\"lazy\" class=\"size-full wp-image-161481\" src=\"https:\/\/i0.wp.com\/www.agrund.com\/wp-content\/uploads\/sites\/6\/2017\/01\/Amanda-Seyfried-Vogue-Australia-2017-Photoshoot04-e1484829869759.jpg?resize=570%2C770\" alt=\"\" width=\"570\" height=\"770\" data-recalc-dims=\"1\" \/><p id=\"caption-attachment-161481\" class=\"wp-caption-text\">Amanda Seyfried \u00e9 capa da &#8216;Vogue&#8217; Austr\u00e1lia<\/p><\/div>\n<div id=\"attachment_161482\" style=\"width: 580px\" class=\"wp-caption aligncenter\"><img aria-describedby=\"caption-attachment-161482\" data-attachment-id=\"161482\" data-permalink=\"https:\/\/agrund.com\/index.php\/amanda-seyfried-e-capa-da-vogue-australia\/amanda-seyfried-vogue-australia-2017-photoshoot05\/\" data-orig-file=\"https:\/\/i0.wp.com\/agrund.com\/wp-content\/uploads\/sites\/6\/2017\/01\/Amanda-Seyfried-Vogue-Australia-2017-Photoshoot05-e1484829880738.jpg?fit=570%2C770&amp;ssl=1\" data-orig-size=\"570,770\" data-comments-opened=\"1\" data-image-meta=\"{&quot;aperture&quot;:&quot;0&quot;,&quot;credit&quot;:&quot;&quot;,&quot;camera&quot;:&quot;&quot;,&quot;caption&quot;:&quot;&quot;,&quot;created_timestamp&quot;:&quot;0&quot;,&quot;copyright&quot;:&quot;&quot;,&quot;focal_length&quot;:&quot;0&quot;,&quot;iso&quot;:&quot;0&quot;,&quot;shutter_speed&quot;:&quot;0&quot;,&quot;title&quot;:&quot;&quot;,&quot;orientation&quot;:&quot;1&quot;}\" data-image-title=\"Amanda Seyfried \u00e9 capa da &#8216;Vogue&#8217; Austr\u00e1lia\" data-image-description=\"\" data-image-caption=\"&lt;p&gt;Amanda Seyfried \u00e9 capa da &#8216;Vogue&#8217; Austr\u00e1lia&lt;\/p&gt;\n\" data-medium-file=\"https:\/\/i0.wp.com\/agrund.com\/wp-content\/uploads\/sites\/6\/2017\/01\/Amanda-Seyfried-Vogue-Australia-2017-Photoshoot05-e1484829880738.jpg?fit=222%2C300&amp;ssl=1\" data-large-file=\"https:\/\/i0.wp.com\/agrund.com\/wp-content\/uploads\/sites\/6\/2017\/01\/Amanda-Seyfried-Vogue-Australia-2017-Photoshoot05-e1484829880738.jpg?fit=759%2C1024&amp;ssl=1\" decoding=\"async\" loading=\"lazy\" class=\"size-full wp-image-161482\" src=\"https:\/\/i0.wp.com\/www.agrund.com\/wp-content\/uploads\/sites\/6\/2017\/01\/Amanda-Seyfried-Vogue-Australia-2017-Photoshoot05-e1484829880738.jpg?resize=570%2C770\" alt=\"\" width=\"570\" height=\"770\" data-recalc-dims=\"1\" \/><p id=\"caption-attachment-161482\" class=\"wp-caption-text\">Amanda Seyfried \u00e9 capa da &#8216;Vogue&#8217; Austr\u00e1lia<\/p><\/div>\n<div id=\"attachment_161483\" style=\"width: 580px\" class=\"wp-caption aligncenter\"><img aria-describedby=\"caption-attachment-161483\" data-attachment-id=\"161483\" data-permalink=\"https:\/\/agrund.com\/index.php\/amanda-seyfried-e-capa-da-vogue-australia\/amanda-seyfried-vogue-australia-2017-photoshoot06\/\" data-orig-file=\"https:\/\/i0.wp.com\/agrund.com\/wp-content\/uploads\/sites\/6\/2017\/01\/Amanda-Seyfried-Vogue-Australia-2017-Photoshoot06-e1484829890250.jpg?fit=570%2C770&amp;ssl=1\" data-orig-size=\"570,770\" data-comments-opened=\"1\" data-image-meta=\"{&quot;aperture&quot;:&quot;0&quot;,&quot;credit&quot;:&quot;&quot;,&quot;camera&quot;:&quot;&quot;,&quot;caption&quot;:&quot;&quot;,&quot;created_timestamp&quot;:&quot;0&quot;,&quot;copyright&quot;:&quot;&quot;,&quot;focal_length&quot;:&quot;0&quot;,&quot;iso&quot;:&quot;0&quot;,&quot;shutter_speed&quot;:&quot;0&quot;,&quot;title&quot;:&quot;&quot;,&quot;orientation&quot;:&quot;1&quot;}\" data-image-title=\"Amanda Seyfried \u00e9 capa da &#8216;Vogue&#8217; Austr\u00e1lia\" data-image-description=\"\" data-image-caption=\"&lt;p&gt;Amanda Seyfried \u00e9 capa da &#8216;Vogue&#8217; Austr\u00e1lia&lt;\/p&gt;\n\" data-medium-file=\"https:\/\/i0.wp.com\/agrund.com\/wp-content\/uploads\/sites\/6\/2017\/01\/Amanda-Seyfried-Vogue-Australia-2017-Photoshoot06-e1484829890250.jpg?fit=222%2C300&amp;ssl=1\" data-large-file=\"https:\/\/i0.wp.com\/agrund.com\/wp-content\/uploads\/sites\/6\/2017\/01\/Amanda-Seyfried-Vogue-Australia-2017-Photoshoot06-e1484829890250.jpg?fit=759%2C1024&amp;ssl=1\" decoding=\"async\" loading=\"lazy\" class=\"size-full wp-image-161483\" src=\"https:\/\/i0.wp.com\/www.agrund.com\/wp-content\/uploads\/sites\/6\/2017\/01\/Amanda-Seyfried-Vogue-Australia-2017-Photoshoot06-e1484829890250.jpg?resize=570%2C770\" alt=\"\" width=\"570\" height=\"770\" data-recalc-dims=\"1\" \/><p id=\"caption-attachment-161483\" class=\"wp-caption-text\">Amanda Seyfried \u00e9 capa da &#8216;Vogue&#8217; Austr\u00e1lia<\/p><\/div>\n<div id=\"attachment_161484\" style=\"width: 580px\" class=\"wp-caption aligncenter\"><img aria-describedby=\"caption-attachment-161484\" data-attachment-id=\"161484\" data-permalink=\"https:\/\/agrund.com\/index.php\/amanda-seyfried-e-capa-da-vogue-australia\/amanda-seyfried-vogue-australia-2017-photoshoot08\/\" data-orig-file=\"https:\/\/i0.wp.com\/agrund.com\/wp-content\/uploads\/sites\/6\/2017\/01\/Amanda-Seyfried-Vogue-Australia-2017-Photoshoot08-e1484829902371.jpg?fit=570%2C385&amp;ssl=1\" data-orig-size=\"570,385\" data-comments-opened=\"1\" data-image-meta=\"{&quot;aperture&quot;:&quot;0&quot;,&quot;credit&quot;:&quot;&quot;,&quot;camera&quot;:&quot;&quot;,&quot;caption&quot;:&quot;&quot;,&quot;created_timestamp&quot;:&quot;0&quot;,&quot;copyright&quot;:&quot;&quot;,&quot;focal_length&quot;:&quot;0&quot;,&quot;iso&quot;:&quot;0&quot;,&quot;shutter_speed&quot;:&quot;0&quot;,&quot;title&quot;:&quot;&quot;,&quot;orientation&quot;:&quot;1&quot;}\" data-image-title=\"Amanda Seyfried \u00e9 capa da &#8216;Vogue&#8217; Austr\u00e1lia\" data-image-description=\"\" data-image-caption=\"&lt;p&gt;Amanda Seyfried \u00e9 capa da &#8216;Vogue&#8217; Austr\u00e1lia&lt;\/p&gt;\n\" data-medium-file=\"https:\/\/i0.wp.com\/agrund.com\/wp-content\/uploads\/sites\/6\/2017\/01\/Amanda-Seyfried-Vogue-Australia-2017-Photoshoot08-e1484829902371.jpg?fit=300%2C203&amp;ssl=1\" data-large-file=\"https:\/\/i0.wp.com\/agrund.com\/wp-content\/uploads\/sites\/6\/2017\/01\/Amanda-Seyfried-Vogue-Australia-2017-Photoshoot08-e1484829902371.jpg?fit=570%2C385&amp;ssl=1\" decoding=\"async\" loading=\"lazy\" class=\"size-full wp-image-161484\" src=\"https:\/\/i0.wp.com\/www.agrund.com\/wp-content\/uploads\/sites\/6\/2017\/01\/Amanda-Seyfried-Vogue-Australia-2017-Photoshoot08-e1484829902371.jpg?resize=570%2C385\" alt=\"\" width=\"570\" height=\"385\" data-recalc-dims=\"1\" \/><p id=\"caption-attachment-161484\" class=\"wp-caption-text\">Amanda Seyfried \u00e9 capa da &#8216;Vogue&#8217; Austr\u00e1lia<\/p><\/div>\n<p>Fotos: Reprodu\u00e7\u00e3o.<\/p>\n","protected":false},"excerpt":{"rendered":"<p>A &#8216;Vogue&#8217; australiana convocou Amanda Seyfried para estrelar a capa de sua edi\u00e7\u00e3o fevereiro 2017. No clique principal, a atriz veste um look completo da Prada com crop top pink e saia de plumas cinza. J\u00e1 no editorial, Amanda aparece sexy, deitada na cama e sentada em sof\u00e1s. Os looks, com cartela de cores onde [&hellip;]<\/p>\n","protected":false},"author":8,"featured_media":161485,"comment_status":"open","ping_status":"open","sticky":false,"template":"","format":"standard","meta":{"jetpack_post_was_ever_published":false,"_jetpack_newsletter_access":"","jetpack_publicize_message":"","jetpack_is_tweetstorm":false,"jetpack_publicize_feature_enabled":true,"jetpack_social_post_already_shared":true,"jetpack_social_options":{"image_generator_settings":{"template":"highway","enabled":false}}},"categories":[2],"tags":[],"jetpack_publicize_connections":[],"jetpack_featured_media_url":"https:\/\/i0.wp.com\/agrund.com\/wp-content\/uploads\/sites\/6\/2017\/01\/s-58.jpg?fit=960%2C300&ssl=1","jetpack_sharing_enabled":true,"jetpack_shortlink":"https:\/\/wp.me\/p3Hz0n-G0t","jetpack_likes_enabled":true,"_links":{"self":[{"href":"https:\/\/agrund.com\/index.php\/wp-json\/wp\/v2\/posts\/161477"}],"collection":[{"href":"https:\/\/agrund.com\/index.php\/wp-json\/wp\/v2\/posts"}],"about":[{"href":"https:\/\/agrund.com\/index.php\/wp-json\/wp\/v2\/types\/post"}],"author":[{"embeddable":true,"href":"https:\/\/agrund.com\/index.php\/wp-json\/wp\/v2\/users\/8"}],"replies":[{"embeddable":true,"href":"https:\/\/agrund.com\/index.php\/wp-json\/wp\/v2\/comments?post=161477"}],"version-history":[{"count":0,"href":"https:\/\/agrund.com\/index.php\/wp-json\/wp\/v2\/posts\/161477\/revisions"}],"wp:featuredmedia":[{"embeddable":true,"href":"https:\/\/agrund.com\/index.php\/wp-json\/wp\/v2\/media\/161485"}],"wp:attachment":[{"href":"https:\/\/agrund.com\/index.php\/wp-json\/wp\/v2\/media?parent=161477"}],"wp:term":[{"taxonomy":"category","embeddable":true,"href":"https:\/\/agrund.com\/index.php\/wp-json\/wp\/v2\/categories?post=161477"},{"taxonomy":"post_tag","embeddable":true,"href":"https:\/\/agrund.com\/index.php\/wp-json\/wp\/v2\/tags?post=161477"}],"curies":[{"name":"wp","href":"https:\/\/api.w.org\/{rel}","templated":true}]}}