{"id":160918,"date":"2017-01-10T19:00:31","date_gmt":"2017-01-10T21:00:31","guid":{"rendered":"http:\/\/www.agrund.com\/?p=160918"},"modified":"2017-01-10T09:59:12","modified_gmt":"2017-01-10T11:59:12","slug":"miu-miu-vai-a-praia-em-sua-nova-campanha","status":"publish","type":"post","link":"https:\/\/agrund.com\/index.php\/miu-miu-vai-a-praia-em-sua-nova-campanha\/","title":{"rendered":"Miu Miu vai \u00e0 praia em sua nova campanha"},"content":{"rendered":"<p>A Miu Miu entrou mesmo no clima da esta\u00e7\u00e3o mais quente do ano e fotografou sua campanha ver\u00e3o 2017 na praia.<\/p>\n<p>O casting formado pela atriz Elle Fanning e as modelos Karen Elson, Carolyn Murphy, Lara Stone, Sonia Ben Ammar, Brigit Kos, Mayowa Nicholas e Ellen Rosa foi fotografado na areia, nadando e at\u00e9 tomando um sol, tudo com um ar bem retr\u00f4. Mas n\u00e3o espere fotos comuns. A campanha traz composi\u00e7\u00f5es de imagens, com diferentes cliques sobrepostos.<\/p>\n<p>A fotografia \u00e9 de Alasdair McLellan e voc\u00ea confere na galeria abaixo:<\/p>\n<div id=\"attachment_160919\" style=\"width: 580px\" class=\"wp-caption aligncenter\"><img aria-describedby=\"caption-attachment-160919\" data-attachment-id=\"160919\" data-permalink=\"https:\/\/agrund.com\/index.php\/miu-miu-vai-a-praia-em-sua-nova-campanha\/miu-miu-spring-summer-2017-campaign01\/\" data-orig-file=\"https:\/\/i0.wp.com\/agrund.com\/wp-content\/uploads\/sites\/6\/2017\/01\/Miu-Miu-Spring-Summer-2017-Campaign01-e1484049397816.jpg?fit=570%2C380&amp;ssl=1\" data-orig-size=\"570,380\" data-comments-opened=\"1\" data-image-meta=\"{&quot;aperture&quot;:&quot;0&quot;,&quot;credit&quot;:&quot;&quot;,&quot;camera&quot;:&quot;&quot;,&quot;caption&quot;:&quot;&quot;,&quot;created_timestamp&quot;:&quot;0&quot;,&quot;copyright&quot;:&quot;&quot;,&quot;focal_length&quot;:&quot;0&quot;,&quot;iso&quot;:&quot;0&quot;,&quot;shutter_speed&quot;:&quot;0&quot;,&quot;title&quot;:&quot;&quot;,&quot;orientation&quot;:&quot;1&quot;}\" data-image-title=\"Miu Miu vai \u00e0 praia em sua nova campanha\" data-image-description=\"\" data-image-caption=\"&lt;p&gt;Miu Miu vai \u00e0 praia em sua nova campanha &lt;\/p&gt;\n\" data-medium-file=\"https:\/\/i0.wp.com\/agrund.com\/wp-content\/uploads\/sites\/6\/2017\/01\/Miu-Miu-Spring-Summer-2017-Campaign01-e1484049397816.jpg?fit=300%2C200&amp;ssl=1\" data-large-file=\"https:\/\/i0.wp.com\/agrund.com\/wp-content\/uploads\/sites\/6\/2017\/01\/Miu-Miu-Spring-Summer-2017-Campaign01-e1484049397816.jpg?fit=570%2C380&amp;ssl=1\" decoding=\"async\" loading=\"lazy\" class=\"size-full wp-image-160919\" src=\"https:\/\/i0.wp.com\/www.agrund.com\/wp-content\/uploads\/sites\/6\/2017\/01\/Miu-Miu-Spring-Summer-2017-Campaign01-e1484049397816.jpg?resize=570%2C380\" alt=\"\" width=\"570\" height=\"380\" data-recalc-dims=\"1\" \/><p id=\"caption-attachment-160919\" class=\"wp-caption-text\">Miu Miu vai \u00e0 praia em sua nova campanha<\/p><\/div>\n<div id=\"attachment_160920\" style=\"width: 580px\" class=\"wp-caption aligncenter\"><img aria-describedby=\"caption-attachment-160920\" data-attachment-id=\"160920\" data-permalink=\"https:\/\/agrund.com\/index.php\/miu-miu-vai-a-praia-em-sua-nova-campanha\/miu-miu-spring-summer-2017-campaign02\/\" data-orig-file=\"https:\/\/i0.wp.com\/agrund.com\/wp-content\/uploads\/sites\/6\/2017\/01\/Miu-Miu-Spring-Summer-2017-Campaign02-e1484049407789.jpg?fit=570%2C380&amp;ssl=1\" data-orig-size=\"570,380\" data-comments-opened=\"1\" data-image-meta=\"{&quot;aperture&quot;:&quot;0&quot;,&quot;credit&quot;:&quot;&quot;,&quot;camera&quot;:&quot;&quot;,&quot;caption&quot;:&quot;&quot;,&quot;created_timestamp&quot;:&quot;0&quot;,&quot;copyright&quot;:&quot;&quot;,&quot;focal_length&quot;:&quot;0&quot;,&quot;iso&quot;:&quot;0&quot;,&quot;shutter_speed&quot;:&quot;0&quot;,&quot;title&quot;:&quot;&quot;,&quot;orientation&quot;:&quot;1&quot;}\" data-image-title=\"Miu Miu vai \u00e0 praia em sua nova campanha\" data-image-description=\"\" data-image-caption=\"&lt;p&gt;Miu Miu vai \u00e0 praia em sua nova campanha &lt;\/p&gt;\n\" data-medium-file=\"https:\/\/i0.wp.com\/agrund.com\/wp-content\/uploads\/sites\/6\/2017\/01\/Miu-Miu-Spring-Summer-2017-Campaign02-e1484049407789.jpg?fit=300%2C200&amp;ssl=1\" data-large-file=\"https:\/\/i0.wp.com\/agrund.com\/wp-content\/uploads\/sites\/6\/2017\/01\/Miu-Miu-Spring-Summer-2017-Campaign02-e1484049407789.jpg?fit=570%2C380&amp;ssl=1\" decoding=\"async\" loading=\"lazy\" class=\"size-full wp-image-160920\" src=\"https:\/\/i0.wp.com\/www.agrund.com\/wp-content\/uploads\/sites\/6\/2017\/01\/Miu-Miu-Spring-Summer-2017-Campaign02-e1484049407789.jpg?resize=570%2C380\" alt=\"\" width=\"570\" height=\"380\" data-recalc-dims=\"1\" \/><p id=\"caption-attachment-160920\" class=\"wp-caption-text\">Miu Miu vai \u00e0 praia em sua nova campanha<\/p><\/div>\n<div id=\"attachment_160921\" style=\"width: 580px\" class=\"wp-caption aligncenter\"><img aria-describedby=\"caption-attachment-160921\" data-attachment-id=\"160921\" data-permalink=\"https:\/\/agrund.com\/index.php\/miu-miu-vai-a-praia-em-sua-nova-campanha\/miu-miu-spring-summer-2017-campaign03\/\" data-orig-file=\"https:\/\/i0.wp.com\/agrund.com\/wp-content\/uploads\/sites\/6\/2017\/01\/Miu-Miu-Spring-Summer-2017-Campaign03-e1484049420721.jpg?fit=570%2C385&amp;ssl=1\" data-orig-size=\"570,385\" data-comments-opened=\"1\" data-image-meta=\"{&quot;aperture&quot;:&quot;0&quot;,&quot;credit&quot;:&quot;&quot;,&quot;camera&quot;:&quot;&quot;,&quot;caption&quot;:&quot;&quot;,&quot;created_timestamp&quot;:&quot;0&quot;,&quot;copyright&quot;:&quot;&quot;,&quot;focal_length&quot;:&quot;0&quot;,&quot;iso&quot;:&quot;0&quot;,&quot;shutter_speed&quot;:&quot;0&quot;,&quot;title&quot;:&quot;&quot;,&quot;orientation&quot;:&quot;1&quot;}\" data-image-title=\"Miu Miu vai \u00e0 praia em sua nova campanha\" data-image-description=\"\" data-image-caption=\"&lt;p&gt;Miu Miu vai \u00e0 praia em sua nova campanha &lt;\/p&gt;\n\" data-medium-file=\"https:\/\/i0.wp.com\/agrund.com\/wp-content\/uploads\/sites\/6\/2017\/01\/Miu-Miu-Spring-Summer-2017-Campaign03-e1484049420721.jpg?fit=300%2C203&amp;ssl=1\" data-large-file=\"https:\/\/i0.wp.com\/agrund.com\/wp-content\/uploads\/sites\/6\/2017\/01\/Miu-Miu-Spring-Summer-2017-Campaign03-e1484049420721.jpg?fit=570%2C385&amp;ssl=1\" decoding=\"async\" loading=\"lazy\" class=\"size-full wp-image-160921\" src=\"https:\/\/i0.wp.com\/www.agrund.com\/wp-content\/uploads\/sites\/6\/2017\/01\/Miu-Miu-Spring-Summer-2017-Campaign03-e1484049420721.jpg?resize=570%2C385\" alt=\"\" width=\"570\" height=\"385\" data-recalc-dims=\"1\" \/><p id=\"caption-attachment-160921\" class=\"wp-caption-text\">Miu Miu vai \u00e0 praia em sua nova campanha<\/p><\/div>\n<div id=\"attachment_160922\" style=\"width: 580px\" class=\"wp-caption aligncenter\"><img aria-describedby=\"caption-attachment-160922\" data-attachment-id=\"160922\" data-permalink=\"https:\/\/agrund.com\/index.php\/miu-miu-vai-a-praia-em-sua-nova-campanha\/miu-miu-spring-summer-2017-campaign04\/\" data-orig-file=\"https:\/\/i0.wp.com\/agrund.com\/wp-content\/uploads\/sites\/6\/2017\/01\/Miu-Miu-Spring-Summer-2017-Campaign04-e1484049441886.jpg?fit=570%2C380&amp;ssl=1\" data-orig-size=\"570,380\" data-comments-opened=\"1\" data-image-meta=\"{&quot;aperture&quot;:&quot;0&quot;,&quot;credit&quot;:&quot;&quot;,&quot;camera&quot;:&quot;&quot;,&quot;caption&quot;:&quot;&quot;,&quot;created_timestamp&quot;:&quot;0&quot;,&quot;copyright&quot;:&quot;&quot;,&quot;focal_length&quot;:&quot;0&quot;,&quot;iso&quot;:&quot;0&quot;,&quot;shutter_speed&quot;:&quot;0&quot;,&quot;title&quot;:&quot;&quot;,&quot;orientation&quot;:&quot;1&quot;}\" data-image-title=\"Miu Miu vai \u00e0 praia em sua nova campanha\" data-image-description=\"\" data-image-caption=\"&lt;p&gt;Miu Miu vai \u00e0 praia em sua nova campanha &lt;\/p&gt;\n\" data-medium-file=\"https:\/\/i0.wp.com\/agrund.com\/wp-content\/uploads\/sites\/6\/2017\/01\/Miu-Miu-Spring-Summer-2017-Campaign04-e1484049441886.jpg?fit=300%2C200&amp;ssl=1\" data-large-file=\"https:\/\/i0.wp.com\/agrund.com\/wp-content\/uploads\/sites\/6\/2017\/01\/Miu-Miu-Spring-Summer-2017-Campaign04-e1484049441886.jpg?fit=570%2C380&amp;ssl=1\" decoding=\"async\" loading=\"lazy\" class=\"size-full wp-image-160922\" src=\"https:\/\/i0.wp.com\/www.agrund.com\/wp-content\/uploads\/sites\/6\/2017\/01\/Miu-Miu-Spring-Summer-2017-Campaign04-e1484049441886.jpg?resize=570%2C380\" alt=\"\" width=\"570\" height=\"380\" data-recalc-dims=\"1\" \/><p id=\"caption-attachment-160922\" class=\"wp-caption-text\">Miu Miu vai \u00e0 praia em sua nova campanha<\/p><\/div>\n<div id=\"attachment_160923\" style=\"width: 580px\" class=\"wp-caption aligncenter\"><img aria-describedby=\"caption-attachment-160923\" data-attachment-id=\"160923\" data-permalink=\"https:\/\/agrund.com\/index.php\/miu-miu-vai-a-praia-em-sua-nova-campanha\/miu-miu-spring-summer-2017-campaign05\/\" data-orig-file=\"https:\/\/i0.wp.com\/agrund.com\/wp-content\/uploads\/sites\/6\/2017\/01\/Miu-Miu-Spring-Summer-2017-Campaign05-e1484049452328.jpg?fit=570%2C380&amp;ssl=1\" data-orig-size=\"570,380\" data-comments-opened=\"1\" data-image-meta=\"{&quot;aperture&quot;:&quot;0&quot;,&quot;credit&quot;:&quot;&quot;,&quot;camera&quot;:&quot;&quot;,&quot;caption&quot;:&quot;&quot;,&quot;created_timestamp&quot;:&quot;0&quot;,&quot;copyright&quot;:&quot;&quot;,&quot;focal_length&quot;:&quot;0&quot;,&quot;iso&quot;:&quot;0&quot;,&quot;shutter_speed&quot;:&quot;0&quot;,&quot;title&quot;:&quot;&quot;,&quot;orientation&quot;:&quot;1&quot;}\" data-image-title=\"Miu Miu vai \u00e0 praia em sua nova campanha\" data-image-description=\"\" data-image-caption=\"&lt;p&gt;Miu Miu vai \u00e0 praia em sua nova campanha &lt;\/p&gt;\n\" data-medium-file=\"https:\/\/i0.wp.com\/agrund.com\/wp-content\/uploads\/sites\/6\/2017\/01\/Miu-Miu-Spring-Summer-2017-Campaign05-e1484049452328.jpg?fit=300%2C200&amp;ssl=1\" data-large-file=\"https:\/\/i0.wp.com\/agrund.com\/wp-content\/uploads\/sites\/6\/2017\/01\/Miu-Miu-Spring-Summer-2017-Campaign05-e1484049452328.jpg?fit=570%2C380&amp;ssl=1\" decoding=\"async\" loading=\"lazy\" class=\"size-full wp-image-160923\" src=\"https:\/\/i0.wp.com\/www.agrund.com\/wp-content\/uploads\/sites\/6\/2017\/01\/Miu-Miu-Spring-Summer-2017-Campaign05-e1484049452328.jpg?resize=570%2C380\" alt=\"\" width=\"570\" height=\"380\" data-recalc-dims=\"1\" \/><p id=\"caption-attachment-160923\" class=\"wp-caption-text\">Miu Miu vai \u00e0 praia em sua nova campanha<\/p><\/div>\n<div id=\"attachment_160924\" style=\"width: 580px\" class=\"wp-caption aligncenter\"><img aria-describedby=\"caption-attachment-160924\" data-attachment-id=\"160924\" data-permalink=\"https:\/\/agrund.com\/index.php\/miu-miu-vai-a-praia-em-sua-nova-campanha\/miu-miu-spring-summer-2017-campaign06\/\" data-orig-file=\"https:\/\/i0.wp.com\/agrund.com\/wp-content\/uploads\/sites\/6\/2017\/01\/Miu-Miu-Spring-Summer-2017-Campaign06-e1484049467633.jpg?fit=570%2C380&amp;ssl=1\" data-orig-size=\"570,380\" data-comments-opened=\"1\" data-image-meta=\"{&quot;aperture&quot;:&quot;0&quot;,&quot;credit&quot;:&quot;&quot;,&quot;camera&quot;:&quot;&quot;,&quot;caption&quot;:&quot;&quot;,&quot;created_timestamp&quot;:&quot;0&quot;,&quot;copyright&quot;:&quot;&quot;,&quot;focal_length&quot;:&quot;0&quot;,&quot;iso&quot;:&quot;0&quot;,&quot;shutter_speed&quot;:&quot;0&quot;,&quot;title&quot;:&quot;&quot;,&quot;orientation&quot;:&quot;1&quot;}\" data-image-title=\"Miu Miu vai \u00e0 praia em sua nova campanha\" data-image-description=\"\" data-image-caption=\"&lt;p&gt;Miu Miu vai \u00e0 praia em sua nova campanha &lt;\/p&gt;\n\" data-medium-file=\"https:\/\/i0.wp.com\/agrund.com\/wp-content\/uploads\/sites\/6\/2017\/01\/Miu-Miu-Spring-Summer-2017-Campaign06-e1484049467633.jpg?fit=300%2C200&amp;ssl=1\" data-large-file=\"https:\/\/i0.wp.com\/agrund.com\/wp-content\/uploads\/sites\/6\/2017\/01\/Miu-Miu-Spring-Summer-2017-Campaign06-e1484049467633.jpg?fit=570%2C380&amp;ssl=1\" decoding=\"async\" loading=\"lazy\" class=\"size-full wp-image-160924\" src=\"https:\/\/i0.wp.com\/www.agrund.com\/wp-content\/uploads\/sites\/6\/2017\/01\/Miu-Miu-Spring-Summer-2017-Campaign06-e1484049467633.jpg?resize=570%2C380\" alt=\"\" width=\"570\" height=\"380\" data-recalc-dims=\"1\" \/><p id=\"caption-attachment-160924\" class=\"wp-caption-text\">Miu Miu vai \u00e0 praia em sua nova campanha<\/p><\/div>\n<p>Fotos: Reprodu\u00e7\u00e3o.<\/p>\n","protected":false},"excerpt":{"rendered":"<p>A Miu Miu entrou mesmo no clima da esta\u00e7\u00e3o mais quente do ano e fotografou sua campanha ver\u00e3o 2017 na praia. O casting formado pela atriz Elle Fanning e as modelos Karen Elson, Carolyn Murphy, Lara Stone, Sonia Ben Ammar, Brigit Kos, Mayowa Nicholas e Ellen Rosa foi fotografado na areia, nadando e at\u00e9 tomando [&hellip;]<\/p>\n","protected":false},"author":8,"featured_media":160925,"comment_status":"open","ping_status":"open","sticky":false,"template":"","format":"standard","meta":{"jetpack_post_was_ever_published":false,"_jetpack_newsletter_access":"","jetpack_publicize_message":"","jetpack_is_tweetstorm":false,"jetpack_publicize_feature_enabled":true,"jetpack_social_post_already_shared":true,"jetpack_social_options":{"image_generator_settings":{"template":"highway","enabled":false}}},"categories":[2],"tags":[],"jetpack_publicize_connections":[],"jetpack_featured_media_url":"https:\/\/i0.wp.com\/agrund.com\/wp-content\/uploads\/sites\/6\/2017\/01\/sm.jpg?fit=960%2C300&ssl=1","jetpack_sharing_enabled":true,"jetpack_shortlink":"https:\/\/wp.me\/p3Hz0n-FRs","jetpack_likes_enabled":true,"_links":{"self":[{"href":"https:\/\/agrund.com\/index.php\/wp-json\/wp\/v2\/posts\/160918"}],"collection":[{"href":"https:\/\/agrund.com\/index.php\/wp-json\/wp\/v2\/posts"}],"about":[{"href":"https:\/\/agrund.com\/index.php\/wp-json\/wp\/v2\/types\/post"}],"author":[{"embeddable":true,"href":"https:\/\/agrund.com\/index.php\/wp-json\/wp\/v2\/users\/8"}],"replies":[{"embeddable":true,"href":"https:\/\/agrund.com\/index.php\/wp-json\/wp\/v2\/comments?post=160918"}],"version-history":[{"count":0,"href":"https:\/\/agrund.com\/index.php\/wp-json\/wp\/v2\/posts\/160918\/revisions"}],"wp:featuredmedia":[{"embeddable":true,"href":"https:\/\/agrund.com\/index.php\/wp-json\/wp\/v2\/media\/160925"}],"wp:attachment":[{"href":"https:\/\/agrund.com\/index.php\/wp-json\/wp\/v2\/media?parent=160918"}],"wp:term":[{"taxonomy":"category","embeddable":true,"href":"https:\/\/agrund.com\/index.php\/wp-json\/wp\/v2\/categories?post=160918"},{"taxonomy":"post_tag","embeddable":true,"href":"https:\/\/agrund.com\/index.php\/wp-json\/wp\/v2\/tags?post=160918"}],"curies":[{"name":"wp","href":"https:\/\/api.w.org\/{rel}","templated":true}]}}