{"id":160907,"date":"2017-01-10T13:00:19","date_gmt":"2017-01-10T15:00:19","guid":{"rendered":"http:\/\/www.agrund.com\/?p=160907"},"modified":"2017-01-10T09:50:01","modified_gmt":"2017-01-10T11:50:01","slug":"louis-vuitton-leva-seu-desfile-para-o-japao","status":"publish","type":"post","link":"https:\/\/agrund.com\/index.php\/louis-vuitton-leva-seu-desfile-para-o-japao\/","title":{"rendered":"Louis Vuitton leva seu desfile para o Jap\u00e3o"},"content":{"rendered":"<p>Depois de apresentar sua cole\u00e7\u00e3o Cruise 2017 no Brasil (reveja <a href=\"http:\/\/www.agrund.com\/video-cruise-collection-2017-da-louis-vuitton-no-brasil\/\">AQUI<\/a>), agora a Louis Vuitton levar\u00e1 o desfile para o Jap\u00e3o.<\/p>\n<p>O portal WWD confirmou que Nicolas Ghesqui\u00e8re ir\u00e1 apresentar a Cruise 2018 da marca naquele pa\u00eds, no dia 14 de maio. O local exato ainda n\u00e3o foi divulgado. Gostaram da escolha?<\/p>\n<div id=\"attachment_160909\" style=\"width: 580px\" class=\"wp-caption aligncenter\"><img aria-describedby=\"caption-attachment-160909\" data-attachment-id=\"160909\" data-permalink=\"https:\/\/agrund.com\/index.php\/louis-vuitton-leva-seu-desfile-para-o-japao\/1464473827-ap-295244746843-colored-2\/\" data-orig-file=\"https:\/\/i0.wp.com\/agrund.com\/wp-content\/uploads\/sites\/6\/2017\/01\/1464473827-ap-295244746843-colored.jpg?fit=570%2C380&amp;ssl=1\" data-orig-size=\"570,380\" data-comments-opened=\"1\" data-image-meta=\"{&quot;aperture&quot;:&quot;0&quot;,&quot;credit&quot;:&quot;&quot;,&quot;camera&quot;:&quot;&quot;,&quot;caption&quot;:&quot;&quot;,&quot;created_timestamp&quot;:&quot;0&quot;,&quot;copyright&quot;:&quot;&quot;,&quot;focal_length&quot;:&quot;0&quot;,&quot;iso&quot;:&quot;0&quot;,&quot;shutter_speed&quot;:&quot;0&quot;,&quot;title&quot;:&quot;&quot;,&quot;orientation&quot;:&quot;1&quot;}\" data-image-title=\"Louis Vuitton leva seu desfile para o Jap\u00e3o\" data-image-description=\"\" data-image-caption=\"&lt;p&gt;Louis Vuitton leva seu desfile para o Jap\u00e3o &lt;\/p&gt;\n\" data-medium-file=\"https:\/\/i0.wp.com\/agrund.com\/wp-content\/uploads\/sites\/6\/2017\/01\/1464473827-ap-295244746843-colored.jpg?fit=300%2C200&amp;ssl=1\" data-large-file=\"https:\/\/i0.wp.com\/agrund.com\/wp-content\/uploads\/sites\/6\/2017\/01\/1464473827-ap-295244746843-colored.jpg?fit=570%2C380&amp;ssl=1\" decoding=\"async\" loading=\"lazy\" class=\"size-full wp-image-160909\" src=\"https:\/\/i0.wp.com\/www.agrund.com\/wp-content\/uploads\/sites\/6\/2017\/01\/1464473827-ap-295244746843-colored.jpg?resize=570%2C380\" alt=\"\" width=\"570\" height=\"380\" srcset=\"https:\/\/i0.wp.com\/agrund.com\/wp-content\/uploads\/sites\/6\/2017\/01\/1464473827-ap-295244746843-colored.jpg?w=570&amp;ssl=1 570w, https:\/\/i0.wp.com\/agrund.com\/wp-content\/uploads\/sites\/6\/2017\/01\/1464473827-ap-295244746843-colored.jpg?resize=300%2C200&amp;ssl=1 300w\" sizes=\"(max-width: 570px) 100vw, 570px\" data-recalc-dims=\"1\" \/><p id=\"caption-attachment-160909\" class=\"wp-caption-text\">Louis Vuitton leva seu desfile para o Jap\u00e3o<\/p><\/div>\n<p>Foto: Reprodu\u00e7\u00e3o.<\/p>\n","protected":false},"excerpt":{"rendered":"<p>Depois de apresentar sua cole\u00e7\u00e3o Cruise 2017 no Brasil (reveja AQUI), agora a Louis Vuitton levar\u00e1 o desfile para o Jap\u00e3o. O portal WWD confirmou que Nicolas Ghesqui\u00e8re ir\u00e1 apresentar a Cruise 2018 da marca naquele pa\u00eds, no dia 14 de maio. O local exato ainda n\u00e3o foi divulgado. Gostaram da escolha? Foto: Reprodu\u00e7\u00e3o.<\/p>\n","protected":false},"author":8,"featured_media":160908,"comment_status":"open","ping_status":"open","sticky":false,"template":"","format":"standard","meta":{"jetpack_post_was_ever_published":false,"_jetpack_newsletter_access":"","jetpack_publicize_message":"","jetpack_is_tweetstorm":false,"jetpack_publicize_feature_enabled":true,"jetpack_social_post_already_shared":true,"jetpack_social_options":{"image_generator_settings":{"template":"highway","enabled":false}}},"categories":[2],"tags":[],"jetpack_publicize_connections":[],"jetpack_featured_media_url":"https:\/\/i0.wp.com\/agrund.com\/wp-content\/uploads\/sites\/6\/2017\/01\/sl-1.jpg?fit=960%2C300&ssl=1","jetpack_sharing_enabled":true,"jetpack_shortlink":"https:\/\/wp.me\/p3Hz0n-FRh","jetpack_likes_enabled":true,"_links":{"self":[{"href":"https:\/\/agrund.com\/index.php\/wp-json\/wp\/v2\/posts\/160907"}],"collection":[{"href":"https:\/\/agrund.com\/index.php\/wp-json\/wp\/v2\/posts"}],"about":[{"href":"https:\/\/agrund.com\/index.php\/wp-json\/wp\/v2\/types\/post"}],"author":[{"embeddable":true,"href":"https:\/\/agrund.com\/index.php\/wp-json\/wp\/v2\/users\/8"}],"replies":[{"embeddable":true,"href":"https:\/\/agrund.com\/index.php\/wp-json\/wp\/v2\/comments?post=160907"}],"version-history":[{"count":0,"href":"https:\/\/agrund.com\/index.php\/wp-json\/wp\/v2\/posts\/160907\/revisions"}],"wp:featuredmedia":[{"embeddable":true,"href":"https:\/\/agrund.com\/index.php\/wp-json\/wp\/v2\/media\/160908"}],"wp:attachment":[{"href":"https:\/\/agrund.com\/index.php\/wp-json\/wp\/v2\/media?parent=160907"}],"wp:term":[{"taxonomy":"category","embeddable":true,"href":"https:\/\/agrund.com\/index.php\/wp-json\/wp\/v2\/categories?post=160907"},{"taxonomy":"post_tag","embeddable":true,"href":"https:\/\/agrund.com\/index.php\/wp-json\/wp\/v2\/tags?post=160907"}],"curies":[{"name":"wp","href":"https:\/\/api.w.org\/{rel}","templated":true}]}}