{"id":16081,"date":"2011-09-01T16:03:39","date_gmt":"2011-09-01T19:03:39","guid":{"rendered":"http:\/\/www.agrund.com\/blogs\/notas\/?p=16081"},"modified":"2011-09-01T16:03:39","modified_gmt":"2011-09-01T19:03:39","slug":"protetores-com-ingredientes-naturais","status":"publish","type":"post","link":"https:\/\/agrund.com\/index.php\/protetores-com-ingredientes-naturais\/","title":{"rendered":"Protetores Com Ingredientes Naturais"},"content":{"rendered":"<p>Foi\u00a0lan\u00e7ada a Sol de Janeiro, \u00fanica marca de protetor solar com ingredientes naturais brasileiros pautada no conceito Brazilian Beach Lifestyle.<\/p>\n<p>Com esta refer\u00eancia ao estilo brasileiro aut\u00eantico, um grupo de investidores apaixonados pelo pa\u00eds acaba de criar a Sol de Janeiro, \u00fanica linha premium de protetores solares que re\u00fanem ingredientes naturais brasileiros e com identidade verde e amarela.\u00a0<\/p>\n<p>A\u00a0linha de produtos possui f\u00f3rmulas exclusivas que re\u00fanem inova\u00e7\u00f5es tecnol\u00f3gicas, ingredientes naturais brasileiros e texturas incr\u00edveis.<\/p>\n<p>Ingredientes extra\u00eddos do mar, como algas douradas e marrons, da terra, como Turmalina Rosa e \u00d3xido de Zinco, e tamb\u00e9m vegetais fotoest\u00e1veis como A\u00e7a\u00ed e Caf\u00e9 Verde, por exemplo, integram as formula\u00e7\u00f5es com tecnologia de ponta e propriedades naturalmente inibidoras de raios UVA e UVB.<\/p>\n<p>E quem venha o sol, mas vamos nos proteger!<\/p>\n<p>Confira alguns produtos e o filme da marca.<\/p>\n<div id=\"attachment_16083\" style=\"width: 287px\" class=\"wp-caption aligncenter\"><img aria-describedby=\"caption-attachment-16083\" decoding=\"async\" loading=\"lazy\" class=\"size-large wp-image-16083  \" src=\"\/wp-content\/uploads\/2011\/09\/Fluido-para-Prote\u00e7\u00e3o-Corporal-Carambola_FPS30-c\u00f3pia1-768x1024.jpg\" alt=\"\" width=\"277\" height=\"368\" \/><p id=\"caption-attachment-16083\" class=\"wp-caption-text\">Fluido para Prote\u00e7\u00e3o Corporal Carambola<\/p><\/div>\n<div id=\"attachment_16084\" style=\"width: 287px\" class=\"wp-caption aligncenter\"><img aria-describedby=\"caption-attachment-16084\" decoding=\"async\" loading=\"lazy\" class=\"size-large wp-image-16084  \" src=\"\/wp-content\/uploads\/2011\/09\/Protetor-Solar-A\u00e7a\u00ed-Tatuagem_FPS50-768x1024.jpg\" alt=\"\" width=\"277\" height=\"368\" \/><p id=\"caption-attachment-16084\" class=\"wp-caption-text\">Protetor Solar A\u00e7a\u00ed Tatuagem<\/p><\/div>\n<div id=\"attachment_16085\" style=\"width: 287px\" class=\"wp-caption aligncenter\"><img aria-describedby=\"caption-attachment-16085\" decoding=\"async\" loading=\"lazy\" class=\"size-large wp-image-16085  \" src=\"\/wp-content\/uploads\/2011\/09\/Gel-Hidratante-P\u00f3s-Sol-\u00c1gua-de-Coco-c\u00f3pia-768x1024.jpg\" alt=\"\" width=\"277\" height=\"368\" \/><p id=\"caption-attachment-16085\" class=\"wp-caption-text\">Gel Hidratante P\u00f3s-Sol \u00c1gua de Coco<\/p><\/div>\n<p style=\"text-align: left\">Confira o filme <a href=\"https:\/\/www.youtube.com\/watch?v=YSdv_mQ57sY&amp;feature=player_embedded\">aqui<\/a>!<\/p>\n","protected":false},"excerpt":{"rendered":"<p>Foi\u00a0lan\u00e7ada a Sol de Janeiro, \u00fanica marca de protetor solar com ingredientes naturais brasileiros pautada no conceito Brazilian Beach Lifestyle. Com esta refer\u00eancia ao estilo brasileiro aut\u00eantico, um grupo de investidores apaixonados pelo pa\u00eds acaba de criar a Sol de Janeiro, \u00fanica linha premium de protetores solares que re\u00fanem ingredientes naturais brasileiros e com identidade [&hellip;]<\/p>\n","protected":false},"author":8,"featured_media":16083,"comment_status":"open","ping_status":"open","sticky":false,"template":"","format":"standard","meta":{"jetpack_post_was_ever_published":false,"_jetpack_newsletter_access":"","jetpack_publicize_message":"","jetpack_is_tweetstorm":false,"jetpack_publicize_feature_enabled":true,"jetpack_social_post_already_shared":false,"jetpack_social_options":{"image_generator_settings":{"template":"highway","enabled":false}}},"categories":[2],"tags":[],"jetpack_publicize_connections":[],"jetpack_featured_media_url":"","jetpack_sharing_enabled":true,"jetpack_shortlink":"https:\/\/wp.me\/p3Hz0n-4bn","jetpack_likes_enabled":true,"_links":{"self":[{"href":"https:\/\/agrund.com\/index.php\/wp-json\/wp\/v2\/posts\/16081"}],"collection":[{"href":"https:\/\/agrund.com\/index.php\/wp-json\/wp\/v2\/posts"}],"about":[{"href":"https:\/\/agrund.com\/index.php\/wp-json\/wp\/v2\/types\/post"}],"author":[{"embeddable":true,"href":"https:\/\/agrund.com\/index.php\/wp-json\/wp\/v2\/users\/8"}],"replies":[{"embeddable":true,"href":"https:\/\/agrund.com\/index.php\/wp-json\/wp\/v2\/comments?post=16081"}],"version-history":[{"count":0,"href":"https:\/\/agrund.com\/index.php\/wp-json\/wp\/v2\/posts\/16081\/revisions"}],"wp:featuredmedia":[{"embeddable":true,"href":"https:\/\/agrund.com\/index.php\/wp-json\/"}],"wp:attachment":[{"href":"https:\/\/agrund.com\/index.php\/wp-json\/wp\/v2\/media?parent=16081"}],"wp:term":[{"taxonomy":"category","embeddable":true,"href":"https:\/\/agrund.com\/index.php\/wp-json\/wp\/v2\/categories?post=16081"},{"taxonomy":"post_tag","embeddable":true,"href":"https:\/\/agrund.com\/index.php\/wp-json\/wp\/v2\/tags?post=16081"}],"curies":[{"name":"wp","href":"https:\/\/api.w.org\/{rel}","templated":true}]}}