{"id":160665,"date":"2016-12-21T12:00:48","date_gmt":"2016-12-21T14:00:48","guid":{"rendered":"http:\/\/www.agrund.com\/?p=160665"},"modified":"2016-12-21T10:01:50","modified_gmt":"2016-12-21T12:01:50","slug":"demna-gvasalia-e-eleito-a-pessoa-do-ano-no-mundo-da-moda","status":"publish","type":"post","link":"https:\/\/agrund.com\/index.php\/demna-gvasalia-e-eleito-a-pessoa-do-ano-no-mundo-da-moda\/","title":{"rendered":"Demna Gvasalia \u00e9 eleito a &#8216;Pessoa do Ano&#8217; no mundo da moda"},"content":{"rendered":"<p>Voc\u00ea conhece Demna Gvasalia? O designer da Vetements e diretor art\u00edstico da Balenciaga foi eleito &#8216;A Pessoa do ano&#8217; pelo Business of Fashion.<\/p>\n<p>A publica\u00e7\u00e3o afirmou que o designer de 35 anos foi quem teve maior impacto na ind\u00fastria global da moda em 2016.<\/p>\n<p>&#8220;Ao longo dos \u00faltimos 12 meses, Demna trouxe uma sensibilidade de alta-costura para o streetwear da Vetements e, inversamente, a sensibilidade street para o seu trabalho na Balenciaga, ecoando por toda a ind\u00fastria da moda e tornando-se a voz mais impactante do ano&#8221;, declarou a Business of Fashion.<\/p>\n<div id=\"attachment_160666\" style=\"width: 610px\" class=\"wp-caption aligncenter\"><img aria-describedby=\"caption-attachment-160666\" data-attachment-id=\"160666\" data-permalink=\"https:\/\/agrund.com\/index.php\/demna-gvasalia-e-eleito-a-pessoa-do-ano-no-mundo-da-moda\/04-balenciaga-4-w1024\/\" data-orig-file=\"https:\/\/i0.wp.com\/agrund.com\/wp-content\/uploads\/sites\/6\/2016\/12\/04-balenciaga-4.w1024-e1482321613251.jpg?fit=600%2C853&amp;ssl=1\" data-orig-size=\"600,853\" data-comments-opened=\"1\" data-image-meta=\"{&quot;aperture&quot;:&quot;0&quot;,&quot;credit&quot;:&quot;&quot;,&quot;camera&quot;:&quot;&quot;,&quot;caption&quot;:&quot;&quot;,&quot;created_timestamp&quot;:&quot;0&quot;,&quot;copyright&quot;:&quot;&quot;,&quot;focal_length&quot;:&quot;0&quot;,&quot;iso&quot;:&quot;0&quot;,&quot;shutter_speed&quot;:&quot;0&quot;,&quot;title&quot;:&quot;&quot;,&quot;orientation&quot;:&quot;0&quot;}\" data-image-title=\"Demna Gvasalia \u00e9 eleito a &#8216;Pessoa do Ano&#8217; no mundo da moda\" data-image-description=\"\" data-image-caption=\"&lt;p&gt;Demna Gvasalia \u00e9 eleito a &#8216;Pessoa do Ano&#8217; no mundo da moda &lt;\/p&gt;\n\" data-medium-file=\"https:\/\/i0.wp.com\/agrund.com\/wp-content\/uploads\/sites\/6\/2016\/12\/04-balenciaga-4.w1024-e1482321613251.jpg?fit=211%2C300&amp;ssl=1\" data-large-file=\"https:\/\/i0.wp.com\/agrund.com\/wp-content\/uploads\/sites\/6\/2016\/12\/04-balenciaga-4.w1024-e1482321613251.jpg?fit=720%2C1024&amp;ssl=1\" decoding=\"async\" loading=\"lazy\" class=\"size-full wp-image-160666\" src=\"https:\/\/i0.wp.com\/www.agrund.com\/wp-content\/uploads\/sites\/6\/2016\/12\/04-balenciaga-4.w1024-e1482321613251.jpg?resize=600%2C853\" alt=\"Demna Gvasalia \u00e9 eleito a 'Pessoa do Ano' no mundo da moda \" width=\"600\" height=\"853\" data-recalc-dims=\"1\" \/><p id=\"caption-attachment-160666\" class=\"wp-caption-text\">Demna Gvasalia \u00e9 eleito a &#8216;Pessoa do Ano&#8217; no mundo da moda<\/p><\/div>\n<p>Fotos: Reprodu\u00e7\u00e3o.<\/p>\n","protected":false},"excerpt":{"rendered":"<p>Voc\u00ea conhece Demna Gvasalia? O designer da Vetements e diretor art\u00edstico da Balenciaga foi eleito &#8216;A Pessoa do ano&#8217; pelo Business of Fashion. A publica\u00e7\u00e3o afirmou que o designer de 35 anos foi quem teve maior impacto na ind\u00fastria global da moda em 2016. &#8220;Ao longo dos \u00faltimos 12 meses, Demna trouxe uma sensibilidade de [&hellip;]<\/p>\n","protected":false},"author":8,"featured_media":160667,"comment_status":"open","ping_status":"open","sticky":false,"template":"","format":"standard","meta":{"jetpack_post_was_ever_published":false,"_jetpack_newsletter_access":"","jetpack_publicize_message":"","jetpack_is_tweetstorm":false,"jetpack_publicize_feature_enabled":true,"jetpack_social_post_already_shared":true,"jetpack_social_options":{"image_generator_settings":{"template":"highway","enabled":false}}},"categories":[2],"tags":[],"jetpack_publicize_connections":[],"jetpack_featured_media_url":"https:\/\/i0.wp.com\/agrund.com\/wp-content\/uploads\/sites\/6\/2016\/12\/sg-2.jpg?fit=960%2C300&ssl=1","jetpack_sharing_enabled":true,"jetpack_shortlink":"https:\/\/wp.me\/p3Hz0n-FNn","jetpack_likes_enabled":true,"_links":{"self":[{"href":"https:\/\/agrund.com\/index.php\/wp-json\/wp\/v2\/posts\/160665"}],"collection":[{"href":"https:\/\/agrund.com\/index.php\/wp-json\/wp\/v2\/posts"}],"about":[{"href":"https:\/\/agrund.com\/index.php\/wp-json\/wp\/v2\/types\/post"}],"author":[{"embeddable":true,"href":"https:\/\/agrund.com\/index.php\/wp-json\/wp\/v2\/users\/8"}],"replies":[{"embeddable":true,"href":"https:\/\/agrund.com\/index.php\/wp-json\/wp\/v2\/comments?post=160665"}],"version-history":[{"count":0,"href":"https:\/\/agrund.com\/index.php\/wp-json\/wp\/v2\/posts\/160665\/revisions"}],"wp:featuredmedia":[{"embeddable":true,"href":"https:\/\/agrund.com\/index.php\/wp-json\/wp\/v2\/media\/160667"}],"wp:attachment":[{"href":"https:\/\/agrund.com\/index.php\/wp-json\/wp\/v2\/media?parent=160665"}],"wp:term":[{"taxonomy":"category","embeddable":true,"href":"https:\/\/agrund.com\/index.php\/wp-json\/wp\/v2\/categories?post=160665"},{"taxonomy":"post_tag","embeddable":true,"href":"https:\/\/agrund.com\/index.php\/wp-json\/wp\/v2\/tags?post=160665"}],"curies":[{"name":"wp","href":"https:\/\/api.w.org\/{rel}","templated":true}]}}