{"id":160346,"date":"2016-12-07T11:00:39","date_gmt":"2016-12-07T13:00:39","guid":{"rendered":"http:\/\/www.agrund.com\/?p=160346"},"modified":"2016-12-07T10:08:43","modified_gmt":"2016-12-07T12:08:43","slug":"taylor-swift-ou-heidi-klum-quem-usou-melhor","status":"publish","type":"post","link":"https:\/\/agrund.com\/index.php\/taylor-swift-ou-heidi-klum-quem-usou-melhor\/","title":{"rendered":"Taylor Swift ou Heidi Klum: Quem usou melhor?"},"content":{"rendered":"<p>A disputa fashion hoje \u00e9 entre Taylor Swift ou Heidi Klum. A cantora e a modelo escolheram o mesmo macac\u00e3o super justo de paet\u00eas da Saint Laurent para marcar presen\u00e7a em eventos diferentes. Taylor complementou o look com open boots, enquanto Heidi escolheu sand\u00e1lias de tira.<\/p>\n<p>E a\u00ed, quem usou melhor?<\/p>\n<div id=\"attachment_160347\" style=\"width: 610px\" class=\"wp-caption aligncenter\"><img aria-describedby=\"caption-attachment-160347\" data-attachment-id=\"160347\" data-permalink=\"https:\/\/agrund.com\/index.php\/taylor-swift-ou-heidi-klum-quem-usou-melhor\/heidi-klum1\/\" data-orig-file=\"https:\/\/i0.wp.com\/agrund.com\/wp-content\/uploads\/sites\/6\/2016\/12\/heidi-klum1.jpg?fit=600%2C800&amp;ssl=1\" data-orig-size=\"600,800\" data-comments-opened=\"1\" data-image-meta=\"{&quot;aperture&quot;:&quot;0&quot;,&quot;credit&quot;:&quot;&quot;,&quot;camera&quot;:&quot;&quot;,&quot;caption&quot;:&quot;&quot;,&quot;created_timestamp&quot;:&quot;0&quot;,&quot;copyright&quot;:&quot;&quot;,&quot;focal_length&quot;:&quot;0&quot;,&quot;iso&quot;:&quot;0&quot;,&quot;shutter_speed&quot;:&quot;0&quot;,&quot;title&quot;:&quot;&quot;,&quot;orientation&quot;:&quot;1&quot;}\" data-image-title=\"Taylor Swift ou Heidi Klum: Quem usou melhor?\" data-image-description=\"\" data-image-caption=\"&lt;p&gt;Taylor Swift ou Heidi Klum: Quem usou melhor? &lt;\/p&gt;\n\" data-medium-file=\"https:\/\/i0.wp.com\/agrund.com\/wp-content\/uploads\/sites\/6\/2016\/12\/heidi-klum1.jpg?fit=225%2C300&amp;ssl=1\" data-large-file=\"https:\/\/i0.wp.com\/agrund.com\/wp-content\/uploads\/sites\/6\/2016\/12\/heidi-klum1.jpg?fit=600%2C800&amp;ssl=1\" decoding=\"async\" loading=\"lazy\" class=\"size-full wp-image-160347\" src=\"https:\/\/i0.wp.com\/www.agrund.com\/wp-content\/uploads\/sites\/6\/2016\/12\/heidi-klum1.jpg?resize=600%2C800\" alt=\"Taylor Swift ou Heidi Klum: Quem usou melhor?  \" width=\"600\" height=\"800\" srcset=\"https:\/\/i0.wp.com\/agrund.com\/wp-content\/uploads\/sites\/6\/2016\/12\/heidi-klum1.jpg?w=600&amp;ssl=1 600w, https:\/\/i0.wp.com\/agrund.com\/wp-content\/uploads\/sites\/6\/2016\/12\/heidi-klum1.jpg?resize=225%2C300&amp;ssl=1 225w\" sizes=\"(max-width: 600px) 100vw, 600px\" data-recalc-dims=\"1\" \/><p id=\"caption-attachment-160347\" class=\"wp-caption-text\">Taylor Swift ou Heidi Klum: Quem usou melhor?<\/p><\/div>\n<p>Fotos: Reprodu\u00e7\u00e3o.<\/p>\n","protected":false},"excerpt":{"rendered":"<p>A disputa fashion hoje \u00e9 entre Taylor Swift ou Heidi Klum. A cantora e a modelo escolheram o mesmo macac\u00e3o super justo de paet\u00eas da Saint Laurent para marcar presen\u00e7a em eventos diferentes. Taylor complementou o look com open boots, enquanto Heidi escolheu sand\u00e1lias de tira. E a\u00ed, quem usou melhor? Fotos: Reprodu\u00e7\u00e3o.<\/p>\n","protected":false},"author":8,"featured_media":160348,"comment_status":"open","ping_status":"open","sticky":false,"template":"","format":"standard","meta":{"jetpack_post_was_ever_published":false,"_jetpack_newsletter_access":"","jetpack_publicize_message":"","jetpack_is_tweetstorm":false,"jetpack_publicize_feature_enabled":true,"jetpack_social_post_already_shared":true,"jetpack_social_options":{"image_generator_settings":{"template":"highway","enabled":false}}},"categories":[2],"tags":[],"jetpack_publicize_connections":[],"jetpack_featured_media_url":"https:\/\/i0.wp.com\/agrund.com\/wp-content\/uploads\/sites\/6\/2016\/12\/ss-2.jpg?fit=960%2C300&ssl=1","jetpack_sharing_enabled":true,"jetpack_shortlink":"https:\/\/wp.me\/p3Hz0n-FIe","jetpack_likes_enabled":true,"_links":{"self":[{"href":"https:\/\/agrund.com\/index.php\/wp-json\/wp\/v2\/posts\/160346"}],"collection":[{"href":"https:\/\/agrund.com\/index.php\/wp-json\/wp\/v2\/posts"}],"about":[{"href":"https:\/\/agrund.com\/index.php\/wp-json\/wp\/v2\/types\/post"}],"author":[{"embeddable":true,"href":"https:\/\/agrund.com\/index.php\/wp-json\/wp\/v2\/users\/8"}],"replies":[{"embeddable":true,"href":"https:\/\/agrund.com\/index.php\/wp-json\/wp\/v2\/comments?post=160346"}],"version-history":[{"count":0,"href":"https:\/\/agrund.com\/index.php\/wp-json\/wp\/v2\/posts\/160346\/revisions"}],"wp:featuredmedia":[{"embeddable":true,"href":"https:\/\/agrund.com\/index.php\/wp-json\/wp\/v2\/media\/160348"}],"wp:attachment":[{"href":"https:\/\/agrund.com\/index.php\/wp-json\/wp\/v2\/media?parent=160346"}],"wp:term":[{"taxonomy":"category","embeddable":true,"href":"https:\/\/agrund.com\/index.php\/wp-json\/wp\/v2\/categories?post=160346"},{"taxonomy":"post_tag","embeddable":true,"href":"https:\/\/agrund.com\/index.php\/wp-json\/wp\/v2\/tags?post=160346"}],"curies":[{"name":"wp","href":"https:\/\/api.w.org\/{rel}","templated":true}]}}