{"id":159895,"date":"2016-11-25T13:00:08","date_gmt":"2016-11-25T15:00:08","guid":{"rendered":"http:\/\/www.agrund.com\/?p=159895"},"modified":"2016-11-25T11:49:31","modified_gmt":"2016-11-25T13:49:31","slug":"looks-por-ju-ali-parte-ii-34","status":"publish","type":"post","link":"https:\/\/agrund.com\/index.php\/looks-por-ju-ali-parte-ii-34\/","title":{"rendered":"Looks por Ju Ali :: Parte II"},"content":{"rendered":"<p><strong>Hailee Steinfeld:<\/strong> Gosto desse estilo final dos anos 70 meio disco meio Barbarella, super decote e ainda por cima nesse tom de verde maravilhoso. Devia era ter prendido o cabelo pra mostrar mais.<\/p>\n<div id=\"attachment_159896\" style=\"width: 610px\" class=\"wp-caption aligncenter\"><img aria-describedby=\"caption-attachment-159896\" data-attachment-id=\"159896\" data-permalink=\"https:\/\/agrund.com\/index.php\/looks-por-ju-ali-parte-ii-34\/american-music-awards-2016-arrivals\/\" data-orig-file=\"https:\/\/i0.wp.com\/agrund.com\/wp-content\/uploads\/sites\/6\/2016\/11\/hailee-steinfeld.jpg?fit=600%2C1287&amp;ssl=1\" data-orig-size=\"600,1287\" data-comments-opened=\"1\" data-image-meta=\"{&quot;aperture&quot;:&quot;0&quot;,&quot;credit&quot;:&quot;Adriana M. Barraza\\\/WENN.com&quot;,&quot;camera&quot;:&quot;&quot;,&quot;caption&quot;:&quot;2016 American Music Awards Arrivals held at the Microsoft Theatre\\r\\rFeaturing: Hailee Steinfeld\\rWhere: Los Angeles, California, United States\\rWhen: 20 Nov 2016\\rCredit: Adriana M. Barraza\\\/WENN.com&quot;,&quot;created_timestamp&quot;:&quot;1479664440&quot;,&quot;copyright&quot;:&quot;Adriana M. Barraza\\\/WENN.com&quot;,&quot;focal_length&quot;:&quot;0&quot;,&quot;iso&quot;:&quot;0&quot;,&quot;shutter_speed&quot;:&quot;0&quot;,&quot;title&quot;:&quot;American Music Awards 2016 Arrivals&quot;,&quot;orientation&quot;:&quot;1&quot;}\" data-image-title=\"Looks por Ju Ali :: Parte II\" data-image-description=\"\" data-image-caption=\"&lt;p&gt;Looks por Ju Ali :: Parte II &lt;\/p&gt;\n\" data-medium-file=\"https:\/\/i0.wp.com\/agrund.com\/wp-content\/uploads\/sites\/6\/2016\/11\/hailee-steinfeld.jpg?fit=140%2C300&amp;ssl=1\" data-large-file=\"https:\/\/i0.wp.com\/agrund.com\/wp-content\/uploads\/sites\/6\/2016\/11\/hailee-steinfeld.jpg?fit=477%2C1024&amp;ssl=1\" decoding=\"async\" loading=\"lazy\" class=\"size-full wp-image-159896\" src=\"https:\/\/i0.wp.com\/www.agrund.com\/wp-content\/uploads\/sites\/6\/2016\/11\/hailee-steinfeld.jpg?resize=600%2C1287\" alt=\"Looks por Ju Ali :: Parte II \" width=\"600\" height=\"1287\" srcset=\"https:\/\/i0.wp.com\/agrund.com\/wp-content\/uploads\/sites\/6\/2016\/11\/hailee-steinfeld.jpg?w=600&amp;ssl=1 600w, https:\/\/i0.wp.com\/agrund.com\/wp-content\/uploads\/sites\/6\/2016\/11\/hailee-steinfeld.jpg?resize=140%2C300&amp;ssl=1 140w, https:\/\/i0.wp.com\/agrund.com\/wp-content\/uploads\/sites\/6\/2016\/11\/hailee-steinfeld.jpg?resize=477%2C1024&amp;ssl=1 477w\" sizes=\"(max-width: 600px) 100vw, 600px\" data-recalc-dims=\"1\" \/><p id=\"caption-attachment-159896\" class=\"wp-caption-text\">Looks por Ju Ali :: Parte II<\/p><\/div>\n<p>&nbsp;<\/p>\n<p><strong>Heidi Klum:<\/strong> Heavy metal, hein Heidi? GOSHTO. Brilha muito.<\/p>\n<div id=\"attachment_159897\" style=\"width: 610px\" class=\"wp-caption aligncenter\"><img aria-describedby=\"caption-attachment-159897\" data-attachment-id=\"159897\" data-permalink=\"https:\/\/agrund.com\/index.php\/looks-por-ju-ali-parte-ii-34\/heidi-klum-9\/\" data-orig-file=\"https:\/\/i0.wp.com\/agrund.com\/wp-content\/uploads\/sites\/6\/2016\/11\/heidi-klum.jpg?fit=600%2C1102&amp;ssl=1\" data-orig-size=\"600,1102\" data-comments-opened=\"1\" data-image-meta=\"{&quot;aperture&quot;:&quot;0&quot;,&quot;credit&quot;:&quot;&quot;,&quot;camera&quot;:&quot;&quot;,&quot;caption&quot;:&quot;&quot;,&quot;created_timestamp&quot;:&quot;0&quot;,&quot;copyright&quot;:&quot;&quot;,&quot;focal_length&quot;:&quot;0&quot;,&quot;iso&quot;:&quot;0&quot;,&quot;shutter_speed&quot;:&quot;0&quot;,&quot;title&quot;:&quot;&quot;,&quot;orientation&quot;:&quot;1&quot;}\" data-image-title=\"Looks por Ju Ali :: Parte II\" data-image-description=\"\" data-image-caption=\"&lt;p&gt;Looks por Ju Ali :: Parte II&lt;\/p&gt;\n\" data-medium-file=\"https:\/\/i0.wp.com\/agrund.com\/wp-content\/uploads\/sites\/6\/2016\/11\/heidi-klum.jpg?fit=163%2C300&amp;ssl=1\" data-large-file=\"https:\/\/i0.wp.com\/agrund.com\/wp-content\/uploads\/sites\/6\/2016\/11\/heidi-klum.jpg?fit=558%2C1024&amp;ssl=1\" decoding=\"async\" loading=\"lazy\" class=\"size-full wp-image-159897\" src=\"https:\/\/i0.wp.com\/www.agrund.com\/wp-content\/uploads\/sites\/6\/2016\/11\/heidi-klum.jpg?resize=600%2C1102\" alt=\"Looks por Ju Ali :: Parte II\" width=\"600\" height=\"1102\" srcset=\"https:\/\/i0.wp.com\/agrund.com\/wp-content\/uploads\/sites\/6\/2016\/11\/heidi-klum.jpg?w=600&amp;ssl=1 600w, https:\/\/i0.wp.com\/agrund.com\/wp-content\/uploads\/sites\/6\/2016\/11\/heidi-klum.jpg?resize=163%2C300&amp;ssl=1 163w, https:\/\/i0.wp.com\/agrund.com\/wp-content\/uploads\/sites\/6\/2016\/11\/heidi-klum.jpg?resize=558%2C1024&amp;ssl=1 558w\" sizes=\"(max-width: 600px) 100vw, 600px\" data-recalc-dims=\"1\" \/><p id=\"caption-attachment-159897\" class=\"wp-caption-text\">Looks por Ju Ali :: Parte II<\/p><\/div>\n<p>&nbsp;<\/p>\n<p><strong>Lady Gaga:<\/strong> Lady Gaga teu look \u00e9 a coisa mais chique do mundo. T\u00e1 na cara que esse terninho \u00e9 mega bem cortado, tecido de primeir\u00edssima qualidade, tudo impec\u00e1vel, t\u00e1 linda de morrer, adoro o branco. Mas precisava desse chap\u00e9u &#8220;mulher sulista norte americana rica que vai no jogo de polo&#8221;????? Um panam\u00e1 ficaria bem mais bacana.<\/p>\n<div id=\"attachment_159898\" style=\"width: 610px\" class=\"wp-caption aligncenter\"><img aria-describedby=\"caption-attachment-159898\" data-attachment-id=\"159898\" data-permalink=\"https:\/\/agrund.com\/index.php\/looks-por-ju-ali-parte-ii-34\/celebrities-pose-pretty-at-the-2016-american-music-awards\/\" data-orig-file=\"https:\/\/i0.wp.com\/agrund.com\/wp-content\/uploads\/sites\/6\/2016\/11\/lady-gaga.jpg?fit=600%2C1322&amp;ssl=1\" data-orig-size=\"600,1322\" data-comments-opened=\"1\" data-image-meta=\"{&quot;aperture&quot;:&quot;0&quot;,&quot;credit&quot;:&quot;Image Press \\\/ AKM-GSI&quot;,&quot;camera&quot;:&quot;&quot;,&quot;caption&quot;:&quot;AG_152236 -  - Los Angeles, CA - Lady Gaga at the 2016 American Music Awards held at the Microsoft Theater.\\r  \\r\\rAKM-GSI 20 NOVEMBER 2016To License These Photos, Please Contact :\\r\\r Maria Buda\\r (917) 242-1505\\r mbuda@akmgsi.com\\r\\ror\\r  \\rMark Satter\\r (317) 691-9592\\r msatter@akmgsi.com\\r sales@akmgsi.com&quot;,&quot;created_timestamp&quot;:&quot;1479664315&quot;,&quot;copyright&quot;:&quot;Copyright \\u00a9 2016 AKM-GSI, Inc.&quot;,&quot;focal_length&quot;:&quot;0&quot;,&quot;iso&quot;:&quot;0&quot;,&quot;shutter_speed&quot;:&quot;0&quot;,&quot;title&quot;:&quot;Celebrities pose pretty at the 2016 American Music Awards&quot;,&quot;orientation&quot;:&quot;1&quot;}\" data-image-title=\"Looks por Ju Ali :: Parte II\" data-image-description=\"\" data-image-caption=\"&lt;p&gt;Looks por Ju Ali :: Parte II &lt;\/p&gt;\n\" data-medium-file=\"https:\/\/i0.wp.com\/agrund.com\/wp-content\/uploads\/sites\/6\/2016\/11\/lady-gaga.jpg?fit=136%2C300&amp;ssl=1\" data-large-file=\"https:\/\/i0.wp.com\/agrund.com\/wp-content\/uploads\/sites\/6\/2016\/11\/lady-gaga.jpg?fit=465%2C1024&amp;ssl=1\" decoding=\"async\" loading=\"lazy\" class=\"size-full wp-image-159898\" src=\"https:\/\/i0.wp.com\/www.agrund.com\/wp-content\/uploads\/sites\/6\/2016\/11\/lady-gaga.jpg?resize=600%2C1322\" alt=\"Looks por Ju Ali :: Parte II \" width=\"600\" height=\"1322\" srcset=\"https:\/\/i0.wp.com\/agrund.com\/wp-content\/uploads\/sites\/6\/2016\/11\/lady-gaga.jpg?w=600&amp;ssl=1 600w, https:\/\/i0.wp.com\/agrund.com\/wp-content\/uploads\/sites\/6\/2016\/11\/lady-gaga.jpg?resize=136%2C300&amp;ssl=1 136w, https:\/\/i0.wp.com\/agrund.com\/wp-content\/uploads\/sites\/6\/2016\/11\/lady-gaga.jpg?resize=465%2C1024&amp;ssl=1 465w\" sizes=\"(max-width: 600px) 100vw, 600px\" data-recalc-dims=\"1\" \/><p id=\"caption-attachment-159898\" class=\"wp-caption-text\">Looks por Ju Ali :: Parte II<\/p><\/div>\n<p>&nbsp;<\/p>\n<p><strong>Selena Gomez:<\/strong> Selena foi de emoji n\u00e9? Essa cara \u00e9 porque notou bem na hora da foto? N\u00e3o fica assim amiga, o vestido \u00e9 lindo, adoro o look emoji, e n\u00e3o \u00e9 ironia n\u00e3o, esse vestido \u00e9 maravilhoso. Atemporal.<\/p>\n<div id=\"attachment_159899\" style=\"width: 610px\" class=\"wp-caption aligncenter\"><img aria-describedby=\"caption-attachment-159899\" data-attachment-id=\"159899\" data-permalink=\"https:\/\/agrund.com\/index.php\/looks-por-ju-ali-parte-ii-34\/2016-american-music-awards-arrivals-3\/\" data-orig-file=\"https:\/\/i0.wp.com\/agrund.com\/wp-content\/uploads\/sites\/6\/2016\/11\/selena-gomez.jpg?fit=600%2C1035&amp;ssl=1\" data-orig-size=\"600,1035\" data-comments-opened=\"1\" data-image-meta=\"{&quot;aperture&quot;:&quot;8&quot;,&quot;credit&quot;:&quot;Getty Images&quot;,&quot;camera&quot;:&quot;Canon EOS-1D X&quot;,&quot;caption&quot;:&quot;LOS ANGELES, CA - NOVEMBER 20:  Actress\\\/singer Selena Gomez attends the 2016 American Music Awards at Microsoft Theater on November 20, 2016 in Los Angeles, California.  (Photo by Frederick M. Brown\\\/Getty Images)&quot;,&quot;created_timestamp&quot;:&quot;1479670080&quot;,&quot;copyright&quot;:&quot;2016 Getty Images&quot;,&quot;focal_length&quot;:&quot;50&quot;,&quot;iso&quot;:&quot;1000&quot;,&quot;shutter_speed&quot;:&quot;0.00625&quot;,&quot;title&quot;:&quot;2016 American Music Awards - Arrivals&quot;,&quot;orientation&quot;:&quot;1&quot;}\" data-image-title=\"Looks por Ju Ali :: Parte II\" data-image-description=\"\" data-image-caption=\"&lt;p&gt;Looks por Ju Ali :: Parte II &lt;\/p&gt;\n\" data-medium-file=\"https:\/\/i0.wp.com\/agrund.com\/wp-content\/uploads\/sites\/6\/2016\/11\/selena-gomez.jpg?fit=174%2C300&amp;ssl=1\" data-large-file=\"https:\/\/i0.wp.com\/agrund.com\/wp-content\/uploads\/sites\/6\/2016\/11\/selena-gomez.jpg?fit=594%2C1024&amp;ssl=1\" decoding=\"async\" loading=\"lazy\" class=\"size-full wp-image-159899\" src=\"https:\/\/i0.wp.com\/www.agrund.com\/wp-content\/uploads\/sites\/6\/2016\/11\/selena-gomez.jpg?resize=600%2C1035\" alt=\"Looks por Ju Ali :: Parte II \" width=\"600\" height=\"1035\" srcset=\"https:\/\/i0.wp.com\/agrund.com\/wp-content\/uploads\/sites\/6\/2016\/11\/selena-gomez.jpg?w=600&amp;ssl=1 600w, https:\/\/i0.wp.com\/agrund.com\/wp-content\/uploads\/sites\/6\/2016\/11\/selena-gomez.jpg?resize=174%2C300&amp;ssl=1 174w, https:\/\/i0.wp.com\/agrund.com\/wp-content\/uploads\/sites\/6\/2016\/11\/selena-gomez.jpg?resize=594%2C1024&amp;ssl=1 594w\" sizes=\"(max-width: 600px) 100vw, 600px\" data-recalc-dims=\"1\" \/><p id=\"caption-attachment-159899\" class=\"wp-caption-text\">Looks por Ju Ali :: Parte II<\/p><\/div>\n<p>Fotos: Reprodu\u00e7\u00e3o.<\/p>\n","protected":false},"excerpt":{"rendered":"<p>Hailee Steinfeld: Gosto desse estilo final dos anos 70 meio disco meio Barbarella, super decote e ainda por cima nesse tom de verde maravilhoso. Devia era ter prendido o cabelo pra mostrar mais. &nbsp; Heidi Klum: Heavy metal, hein Heidi? GOSHTO. Brilha muito. &nbsp; Lady Gaga: Lady Gaga teu look \u00e9 a coisa mais chique [&hellip;]<\/p>\n","protected":false},"author":8,"featured_media":159901,"comment_status":"open","ping_status":"open","sticky":false,"template":"","format":"standard","meta":{"jetpack_post_was_ever_published":false,"_jetpack_newsletter_access":"","jetpack_publicize_message":"","jetpack_is_tweetstorm":false,"jetpack_publicize_feature_enabled":true,"jetpack_social_post_already_shared":true,"jetpack_social_options":{"image_generator_settings":{"template":"highway","enabled":false}}},"categories":[7,2],"tags":[],"jetpack_publicize_connections":[],"jetpack_featured_media_url":"https:\/\/i0.wp.com\/agrund.com\/wp-content\/uploads\/sites\/6\/2016\/11\/s2-13.jpg?fit=960%2C300&ssl=1","jetpack_sharing_enabled":true,"jetpack_shortlink":"https:\/\/wp.me\/p3Hz0n-FAX","jetpack_likes_enabled":true,"_links":{"self":[{"href":"https:\/\/agrund.com\/index.php\/wp-json\/wp\/v2\/posts\/159895"}],"collection":[{"href":"https:\/\/agrund.com\/index.php\/wp-json\/wp\/v2\/posts"}],"about":[{"href":"https:\/\/agrund.com\/index.php\/wp-json\/wp\/v2\/types\/post"}],"author":[{"embeddable":true,"href":"https:\/\/agrund.com\/index.php\/wp-json\/wp\/v2\/users\/8"}],"replies":[{"embeddable":true,"href":"https:\/\/agrund.com\/index.php\/wp-json\/wp\/v2\/comments?post=159895"}],"version-history":[{"count":0,"href":"https:\/\/agrund.com\/index.php\/wp-json\/wp\/v2\/posts\/159895\/revisions"}],"wp:featuredmedia":[{"embeddable":true,"href":"https:\/\/agrund.com\/index.php\/wp-json\/wp\/v2\/media\/159901"}],"wp:attachment":[{"href":"https:\/\/agrund.com\/index.php\/wp-json\/wp\/v2\/media?parent=159895"}],"wp:term":[{"taxonomy":"category","embeddable":true,"href":"https:\/\/agrund.com\/index.php\/wp-json\/wp\/v2\/categories?post=159895"},{"taxonomy":"post_tag","embeddable":true,"href":"https:\/\/agrund.com\/index.php\/wp-json\/wp\/v2\/tags?post=159895"}],"curies":[{"name":"wp","href":"https:\/\/api.w.org\/{rel}","templated":true}]}}