{"id":159877,"date":"2016-11-25T10:00:54","date_gmt":"2016-11-25T12:00:54","guid":{"rendered":"http:\/\/www.agrund.com\/?p=159877"},"modified":"2016-11-25T10:03:38","modified_gmt":"2016-11-25T12:03:38","slug":"rita-ora-ira-lancar-sua-marca-de-roupas","status":"publish","type":"post","link":"https:\/\/agrund.com\/index.php\/rita-ora-ira-lancar-sua-marca-de-roupas\/","title":{"rendered":"Rita Ora ir\u00e1 lan\u00e7ar sua marca de roupas"},"content":{"rendered":"<p>Sim, \u00e9 exatamente o que voc\u00ea leu no t\u00edtulo. Durante o evento de lan\u00e7amento da nova cole\u00e7\u00e3o da Adidas assinada pela cantora, foi revelado que ap\u00f3s tr\u00eas anos esta ser\u00e1 a \u00faltima parceria entre eles. O motivo? Rita confirmou que ter\u00e1 sua marca pr\u00f3pria.<\/p>\n<p>&#8220;Esta colabora\u00e7\u00e3o expandiu minha marca pessoal. Levou o meu nome para pa\u00edses que eu nem imaginei. Serei eternamente grata por isso. N\u00f3s j\u00e1 estamos trabalhando em minha nova linha, fazendo coisas nos \u00faltimos anos. S\u00f3 preciso de mais alguns meses para constru\u00ed-la corretamente&#8221;, declarou Rita.<\/p>\n<p>Se voc\u00ea gosta da cantora e do estilo dela, ent\u00e3o fique ligado nas novidades!<\/p>\n<div id=\"attachment_159878\" style=\"width: 610px\" class=\"wp-caption aligncenter\"><img aria-describedby=\"caption-attachment-159878\" data-attachment-id=\"159878\" data-permalink=\"https:\/\/agrund.com\/index.php\/rita-ora-ira-lancar-sua-marca-de-roupas\/rita-ora-vera-wang-show-at-spring-2016-ny-fashion-week_1\/\" data-orig-file=\"https:\/\/i0.wp.com\/agrund.com\/wp-content\/uploads\/sites\/6\/2016\/11\/rita-ora-vera-wang-show-at-spring-2016-ny-fashion-week_1.jpg?fit=600%2C900&amp;ssl=1\" data-orig-size=\"600,900\" data-comments-opened=\"1\" data-image-meta=\"{&quot;aperture&quot;:&quot;0&quot;,&quot;credit&quot;:&quot;&quot;,&quot;camera&quot;:&quot;&quot;,&quot;caption&quot;:&quot;&quot;,&quot;created_timestamp&quot;:&quot;0&quot;,&quot;copyright&quot;:&quot;&quot;,&quot;focal_length&quot;:&quot;0&quot;,&quot;iso&quot;:&quot;0&quot;,&quot;shutter_speed&quot;:&quot;0&quot;,&quot;title&quot;:&quot;&quot;,&quot;orientation&quot;:&quot;1&quot;}\" data-image-title=\"Rita Ora ir\u00e1 lan\u00e7ar sua marca de roupas\" data-image-description=\"\" data-image-caption=\"&lt;p&gt;Rita Ora ir\u00e1 lan\u00e7ar sua marca de roupas &lt;\/p&gt;\n\" data-medium-file=\"https:\/\/i0.wp.com\/agrund.com\/wp-content\/uploads\/sites\/6\/2016\/11\/rita-ora-vera-wang-show-at-spring-2016-ny-fashion-week_1.jpg?fit=200%2C300&amp;ssl=1\" data-large-file=\"https:\/\/i0.wp.com\/agrund.com\/wp-content\/uploads\/sites\/6\/2016\/11\/rita-ora-vera-wang-show-at-spring-2016-ny-fashion-week_1.jpg?fit=600%2C900&amp;ssl=1\" decoding=\"async\" loading=\"lazy\" class=\"size-full wp-image-159878\" src=\"https:\/\/i0.wp.com\/www.agrund.com\/wp-content\/uploads\/sites\/6\/2016\/11\/rita-ora-vera-wang-show-at-spring-2016-ny-fashion-week_1.jpg?resize=600%2C900\" alt=\"Rita Ora ir\u00e1 lan\u00e7ar sua marca de roupas  \" width=\"600\" height=\"900\" srcset=\"https:\/\/i0.wp.com\/agrund.com\/wp-content\/uploads\/sites\/6\/2016\/11\/rita-ora-vera-wang-show-at-spring-2016-ny-fashion-week_1.jpg?w=600&amp;ssl=1 600w, https:\/\/i0.wp.com\/agrund.com\/wp-content\/uploads\/sites\/6\/2016\/11\/rita-ora-vera-wang-show-at-spring-2016-ny-fashion-week_1.jpg?resize=200%2C300&amp;ssl=1 200w\" sizes=\"(max-width: 600px) 100vw, 600px\" data-recalc-dims=\"1\" \/><p id=\"caption-attachment-159878\" class=\"wp-caption-text\">Rita Ora ir\u00e1 lan\u00e7ar sua marca de roupas<\/p><\/div>\n<p>Imagem: Reprodu\u00e7\u00e3o.<\/p>\n","protected":false},"excerpt":{"rendered":"<p>Sim, \u00e9 exatamente o que voc\u00ea leu no t\u00edtulo. Durante o evento de lan\u00e7amento da nova cole\u00e7\u00e3o da Adidas assinada pela cantora, foi revelado que ap\u00f3s tr\u00eas anos esta ser\u00e1 a \u00faltima parceria entre eles. O motivo? Rita confirmou que ter\u00e1 sua marca pr\u00f3pria. &#8220;Esta colabora\u00e7\u00e3o expandiu minha marca pessoal. Levou o meu nome para [&hellip;]<\/p>\n","protected":false},"author":8,"featured_media":159879,"comment_status":"open","ping_status":"open","sticky":false,"template":"","format":"standard","meta":{"jetpack_post_was_ever_published":false,"_jetpack_newsletter_access":"","jetpack_publicize_message":"","jetpack_is_tweetstorm":false,"jetpack_publicize_feature_enabled":true,"jetpack_social_post_already_shared":true,"jetpack_social_options":{"image_generator_settings":{"template":"highway","enabled":false}}},"categories":[2],"tags":[],"jetpack_publicize_connections":[],"jetpack_featured_media_url":"https:\/\/i0.wp.com\/agrund.com\/wp-content\/uploads\/sites\/6\/2016\/11\/s-92.jpg?fit=960%2C300&ssl=1","jetpack_sharing_enabled":true,"jetpack_shortlink":"https:\/\/wp.me\/p3Hz0n-FAF","jetpack_likes_enabled":true,"_links":{"self":[{"href":"https:\/\/agrund.com\/index.php\/wp-json\/wp\/v2\/posts\/159877"}],"collection":[{"href":"https:\/\/agrund.com\/index.php\/wp-json\/wp\/v2\/posts"}],"about":[{"href":"https:\/\/agrund.com\/index.php\/wp-json\/wp\/v2\/types\/post"}],"author":[{"embeddable":true,"href":"https:\/\/agrund.com\/index.php\/wp-json\/wp\/v2\/users\/8"}],"replies":[{"embeddable":true,"href":"https:\/\/agrund.com\/index.php\/wp-json\/wp\/v2\/comments?post=159877"}],"version-history":[{"count":0,"href":"https:\/\/agrund.com\/index.php\/wp-json\/wp\/v2\/posts\/159877\/revisions"}],"wp:featuredmedia":[{"embeddable":true,"href":"https:\/\/agrund.com\/index.php\/wp-json\/wp\/v2\/media\/159879"}],"wp:attachment":[{"href":"https:\/\/agrund.com\/index.php\/wp-json\/wp\/v2\/media?parent=159877"}],"wp:term":[{"taxonomy":"category","embeddable":true,"href":"https:\/\/agrund.com\/index.php\/wp-json\/wp\/v2\/categories?post=159877"},{"taxonomy":"post_tag","embeddable":true,"href":"https:\/\/agrund.com\/index.php\/wp-json\/wp\/v2\/tags?post=159877"}],"curies":[{"name":"wp","href":"https:\/\/api.w.org\/{rel}","templated":true}]}}