{"id":159405,"date":"2016-11-16T10:00:21","date_gmt":"2016-11-16T12:00:21","guid":{"rendered":"http:\/\/www.agrund.com\/?p=159405"},"modified":"2016-11-16T10:00:05","modified_gmt":"2016-11-16T12:00:05","slug":"lady-gaga-na-capa-da-harpers-bazaar-us","status":"publish","type":"post","link":"https:\/\/agrund.com\/index.php\/lady-gaga-na-capa-da-harpers-bazaar-us\/","title":{"rendered":"Lady Gaga na capa da &#8216;Harper&#8217;s Bazaar&#8217; US"},"content":{"rendered":"<p>Em comemora\u00e7\u00e3o aos seus 150 anos, a &#8216;Harper&#8217;s Bazaar&#8217; preparou uma edi\u00e7\u00e3o de dezembro pra l\u00e1 de especial, com ningu\u00e9m menos do que Lady Gaga. A cantora, que acaba de lan\u00e7ar seu novo \u00e1lbum &#8216;Joanne&#8217;, aparece em um editorial com inspira\u00e7\u00e3o vintage, onde os chap\u00e9us s\u00e3o os acess\u00f3rios da vez.<\/p>\n<p>Os bel\u00edssimos looks s\u00e3o de marcas como Chanel, Carolina Herrera e Alexander Wang. Bem diferente do que estamos acostumados a v\u00ea-la usar, n\u00e3o \u00e9 mesmo?<\/p>\n<p>A fotografia \u00e9 da dupla Inez &amp; Vinoodh e voc\u00ea confere na galeria abaixo:<\/p>\n<div id=\"attachment_159406\" style=\"width: 610px\" class=\"wp-caption aligncenter\"><img aria-describedby=\"caption-attachment-159406\" data-attachment-id=\"159406\" data-permalink=\"https:\/\/agrund.com\/index.php\/lady-gaga-na-capa-da-harpers-bazaar-us\/lady-gaga-harpers-bazaar-2017-photoshoot01\/\" data-orig-file=\"https:\/\/i0.wp.com\/agrund.com\/wp-content\/uploads\/sites\/6\/2016\/11\/Lady-Gaga-Harpers-Bazaar-2017-Photoshoot01-e1479297469530.jpg?fit=600%2C725&amp;ssl=1\" data-orig-size=\"600,725\" data-comments-opened=\"1\" data-image-meta=\"{&quot;aperture&quot;:&quot;0&quot;,&quot;credit&quot;:&quot;&quot;,&quot;camera&quot;:&quot;&quot;,&quot;caption&quot;:&quot;&quot;,&quot;created_timestamp&quot;:&quot;0&quot;,&quot;copyright&quot;:&quot;&quot;,&quot;focal_length&quot;:&quot;0&quot;,&quot;iso&quot;:&quot;0&quot;,&quot;shutter_speed&quot;:&quot;0&quot;,&quot;title&quot;:&quot;&quot;,&quot;orientation&quot;:&quot;1&quot;}\" data-image-title=\"Lady Gaga na capa da &#8216;Harper&#8217;s Bazaar&#8217; US\" data-image-description=\"\" data-image-caption=\"&lt;p&gt;Lady Gaga na capa da &#8216;Harper&#8217;s Bazaar&#8217; US&lt;\/p&gt;\n\" data-medium-file=\"https:\/\/i0.wp.com\/agrund.com\/wp-content\/uploads\/sites\/6\/2016\/11\/Lady-Gaga-Harpers-Bazaar-2017-Photoshoot01-e1479297469530.jpg?fit=248%2C300&amp;ssl=1\" data-large-file=\"https:\/\/i0.wp.com\/agrund.com\/wp-content\/uploads\/sites\/6\/2016\/11\/Lady-Gaga-Harpers-Bazaar-2017-Photoshoot01-e1479297469530.jpg?fit=600%2C725&amp;ssl=1\" decoding=\"async\" loading=\"lazy\" class=\"size-full wp-image-159406\" src=\"https:\/\/i0.wp.com\/www.agrund.com\/wp-content\/uploads\/sites\/6\/2016\/11\/Lady-Gaga-Harpers-Bazaar-2017-Photoshoot01-e1479297469530.jpg?resize=600%2C725\" alt=\"Lady Gaga na capa da 'Harper's Bazaar' US\" width=\"600\" height=\"725\" data-recalc-dims=\"1\" \/><p id=\"caption-attachment-159406\" class=\"wp-caption-text\">Lady Gaga na capa da &#8216;Harper&#8217;s Bazaar&#8217; US<\/p><\/div>\n<div id=\"attachment_159407\" style=\"width: 610px\" class=\"wp-caption aligncenter\"><img aria-describedby=\"caption-attachment-159407\" data-attachment-id=\"159407\" data-permalink=\"https:\/\/agrund.com\/index.php\/lady-gaga-na-capa-da-harpers-bazaar-us\/lady-gaga-harpers-bazaar-2017-photoshoot02\/\" data-orig-file=\"https:\/\/i0.wp.com\/agrund.com\/wp-content\/uploads\/sites\/6\/2016\/11\/Lady-Gaga-Harpers-Bazaar-2017-Photoshoot02-e1479297488667.jpg?fit=600%2C766&amp;ssl=1\" data-orig-size=\"600,766\" data-comments-opened=\"1\" data-image-meta=\"{&quot;aperture&quot;:&quot;0&quot;,&quot;credit&quot;:&quot;&quot;,&quot;camera&quot;:&quot;&quot;,&quot;caption&quot;:&quot;&quot;,&quot;created_timestamp&quot;:&quot;0&quot;,&quot;copyright&quot;:&quot;&quot;,&quot;focal_length&quot;:&quot;0&quot;,&quot;iso&quot;:&quot;0&quot;,&quot;shutter_speed&quot;:&quot;0&quot;,&quot;title&quot;:&quot;&quot;,&quot;orientation&quot;:&quot;1&quot;}\" data-image-title=\"Lady Gaga na capa da &#8216;Harper&#8217;s Bazaar&#8217; US\" data-image-description=\"\" data-image-caption=\"&lt;p&gt;Lady Gaga na capa da &#8216;Harper&#8217;s Bazaar&#8217; US&lt;\/p&gt;\n\" data-medium-file=\"https:\/\/i0.wp.com\/agrund.com\/wp-content\/uploads\/sites\/6\/2016\/11\/Lady-Gaga-Harpers-Bazaar-2017-Photoshoot02-e1479297488667.jpg?fit=235%2C300&amp;ssl=1\" data-large-file=\"https:\/\/i0.wp.com\/agrund.com\/wp-content\/uploads\/sites\/6\/2016\/11\/Lady-Gaga-Harpers-Bazaar-2017-Photoshoot02-e1479297488667.jpg?fit=600%2C766&amp;ssl=1\" decoding=\"async\" loading=\"lazy\" class=\"size-full wp-image-159407\" src=\"https:\/\/i0.wp.com\/www.agrund.com\/wp-content\/uploads\/sites\/6\/2016\/11\/Lady-Gaga-Harpers-Bazaar-2017-Photoshoot02-e1479297488667.jpg?resize=600%2C766\" alt=\"Lady Gaga na capa da 'Harper's Bazaar' US\" width=\"600\" height=\"766\" data-recalc-dims=\"1\" \/><p id=\"caption-attachment-159407\" class=\"wp-caption-text\">Lady Gaga na capa da &#8216;Harper&#8217;s Bazaar&#8217; US<\/p><\/div>\n<div id=\"attachment_159408\" style=\"width: 610px\" class=\"wp-caption aligncenter\"><img aria-describedby=\"caption-attachment-159408\" data-attachment-id=\"159408\" data-permalink=\"https:\/\/agrund.com\/index.php\/lady-gaga-na-capa-da-harpers-bazaar-us\/lady-gaga-harpers-bazaar-2017-photoshoot03\/\" data-orig-file=\"https:\/\/i0.wp.com\/agrund.com\/wp-content\/uploads\/sites\/6\/2016\/11\/Lady-Gaga-Harpers-Bazaar-2017-Photoshoot03-e1479297499484.jpg?fit=600%2C725&amp;ssl=1\" data-orig-size=\"600,725\" data-comments-opened=\"1\" data-image-meta=\"{&quot;aperture&quot;:&quot;0&quot;,&quot;credit&quot;:&quot;&quot;,&quot;camera&quot;:&quot;&quot;,&quot;caption&quot;:&quot;&quot;,&quot;created_timestamp&quot;:&quot;0&quot;,&quot;copyright&quot;:&quot;&quot;,&quot;focal_length&quot;:&quot;0&quot;,&quot;iso&quot;:&quot;0&quot;,&quot;shutter_speed&quot;:&quot;0&quot;,&quot;title&quot;:&quot;&quot;,&quot;orientation&quot;:&quot;1&quot;}\" data-image-title=\"Lady Gaga na capa da &#8216;Harper&#8217;s Bazaar&#8217; US\" data-image-description=\"\" data-image-caption=\"&lt;p&gt;Lady Gaga na capa da &#8216;Harper&#8217;s Bazaar&#8217; US&lt;\/p&gt;\n\" data-medium-file=\"https:\/\/i0.wp.com\/agrund.com\/wp-content\/uploads\/sites\/6\/2016\/11\/Lady-Gaga-Harpers-Bazaar-2017-Photoshoot03-e1479297499484.jpg?fit=248%2C300&amp;ssl=1\" data-large-file=\"https:\/\/i0.wp.com\/agrund.com\/wp-content\/uploads\/sites\/6\/2016\/11\/Lady-Gaga-Harpers-Bazaar-2017-Photoshoot03-e1479297499484.jpg?fit=600%2C725&amp;ssl=1\" decoding=\"async\" loading=\"lazy\" class=\"size-full wp-image-159408\" src=\"https:\/\/i0.wp.com\/www.agrund.com\/wp-content\/uploads\/sites\/6\/2016\/11\/Lady-Gaga-Harpers-Bazaar-2017-Photoshoot03-e1479297499484.jpg?resize=600%2C725\" alt=\"Lady Gaga na capa da 'Harper's Bazaar' US\" width=\"600\" height=\"725\" data-recalc-dims=\"1\" \/><p id=\"caption-attachment-159408\" class=\"wp-caption-text\">Lady Gaga na capa da &#8216;Harper&#8217;s Bazaar&#8217; US<\/p><\/div>\n<div id=\"attachment_159409\" style=\"width: 610px\" class=\"wp-caption aligncenter\"><img aria-describedby=\"caption-attachment-159409\" data-attachment-id=\"159409\" data-permalink=\"https:\/\/agrund.com\/index.php\/lady-gaga-na-capa-da-harpers-bazaar-us\/lady-gaga-harpers-bazaar-2017-photoshoot04\/\" data-orig-file=\"https:\/\/i0.wp.com\/agrund.com\/wp-content\/uploads\/sites\/6\/2016\/11\/Lady-Gaga-Harpers-Bazaar-2017-Photoshoot04-e1479297510298.jpg?fit=600%2C721&amp;ssl=1\" data-orig-size=\"600,721\" data-comments-opened=\"1\" data-image-meta=\"{&quot;aperture&quot;:&quot;0&quot;,&quot;credit&quot;:&quot;&quot;,&quot;camera&quot;:&quot;&quot;,&quot;caption&quot;:&quot;&quot;,&quot;created_timestamp&quot;:&quot;0&quot;,&quot;copyright&quot;:&quot;&quot;,&quot;focal_length&quot;:&quot;0&quot;,&quot;iso&quot;:&quot;0&quot;,&quot;shutter_speed&quot;:&quot;0&quot;,&quot;title&quot;:&quot;&quot;,&quot;orientation&quot;:&quot;1&quot;}\" data-image-title=\"Lady Gaga na capa da &#8216;Harper&#8217;s Bazaar&#8217; US\" data-image-description=\"\" data-image-caption=\"&lt;p&gt;Lady Gaga na capa da &#8216;Harper&#8217;s Bazaar&#8217; US&lt;\/p&gt;\n\" data-medium-file=\"https:\/\/i0.wp.com\/agrund.com\/wp-content\/uploads\/sites\/6\/2016\/11\/Lady-Gaga-Harpers-Bazaar-2017-Photoshoot04-e1479297510298.jpg?fit=250%2C300&amp;ssl=1\" data-large-file=\"https:\/\/i0.wp.com\/agrund.com\/wp-content\/uploads\/sites\/6\/2016\/11\/Lady-Gaga-Harpers-Bazaar-2017-Photoshoot04-e1479297510298.jpg?fit=600%2C721&amp;ssl=1\" decoding=\"async\" loading=\"lazy\" class=\"size-full wp-image-159409\" src=\"https:\/\/i0.wp.com\/www.agrund.com\/wp-content\/uploads\/sites\/6\/2016\/11\/Lady-Gaga-Harpers-Bazaar-2017-Photoshoot04-e1479297510298.jpg?resize=600%2C721\" alt=\"Lady Gaga na capa da 'Harper's Bazaar' US\" width=\"600\" height=\"721\" data-recalc-dims=\"1\" \/><p id=\"caption-attachment-159409\" class=\"wp-caption-text\">Lady Gaga na capa da &#8216;Harper&#8217;s Bazaar&#8217; US<\/p><\/div>\n<div id=\"attachment_159410\" style=\"width: 610px\" class=\"wp-caption aligncenter\"><img aria-describedby=\"caption-attachment-159410\" data-attachment-id=\"159410\" data-permalink=\"https:\/\/agrund.com\/index.php\/lady-gaga-na-capa-da-harpers-bazaar-us\/lady-gaga-harpers-bazaar-2017-photoshoot05\/\" data-orig-file=\"https:\/\/i0.wp.com\/agrund.com\/wp-content\/uploads\/sites\/6\/2016\/11\/Lady-Gaga-Harpers-Bazaar-2017-Photoshoot05-e1479297520747.jpg?fit=600%2C900&amp;ssl=1\" data-orig-size=\"600,900\" data-comments-opened=\"1\" data-image-meta=\"{&quot;aperture&quot;:&quot;0&quot;,&quot;credit&quot;:&quot;&quot;,&quot;camera&quot;:&quot;&quot;,&quot;caption&quot;:&quot;&quot;,&quot;created_timestamp&quot;:&quot;0&quot;,&quot;copyright&quot;:&quot;&quot;,&quot;focal_length&quot;:&quot;0&quot;,&quot;iso&quot;:&quot;0&quot;,&quot;shutter_speed&quot;:&quot;0&quot;,&quot;title&quot;:&quot;&quot;,&quot;orientation&quot;:&quot;1&quot;}\" data-image-title=\"Lady Gaga na capa da &#8216;Harper&#8217;s Bazaar&#8217; US\" data-image-description=\"\" data-image-caption=\"&lt;p&gt;Lady Gaga na capa da &#8216;Harper&#8217;s Bazaar&#8217; US&lt;\/p&gt;\n\" data-medium-file=\"https:\/\/i0.wp.com\/agrund.com\/wp-content\/uploads\/sites\/6\/2016\/11\/Lady-Gaga-Harpers-Bazaar-2017-Photoshoot05-e1479297520747.jpg?fit=200%2C300&amp;ssl=1\" data-large-file=\"https:\/\/i0.wp.com\/agrund.com\/wp-content\/uploads\/sites\/6\/2016\/11\/Lady-Gaga-Harpers-Bazaar-2017-Photoshoot05-e1479297520747.jpg?fit=683%2C1024&amp;ssl=1\" decoding=\"async\" loading=\"lazy\" class=\"size-full wp-image-159410\" src=\"https:\/\/i0.wp.com\/www.agrund.com\/wp-content\/uploads\/sites\/6\/2016\/11\/Lady-Gaga-Harpers-Bazaar-2017-Photoshoot05-e1479297520747.jpg?resize=600%2C900\" alt=\"Lady Gaga na capa da 'Harper's Bazaar' US\" width=\"600\" height=\"900\" data-recalc-dims=\"1\" \/><p id=\"caption-attachment-159410\" class=\"wp-caption-text\">Lady Gaga na capa da &#8216;Harper&#8217;s Bazaar&#8217; US<\/p><\/div>\n<p>Fotos: Reprodu\u00e7\u00e3o.<\/p>\n","protected":false},"excerpt":{"rendered":"<p>Em comemora\u00e7\u00e3o aos seus 150 anos, a &#8216;Harper&#8217;s Bazaar&#8217; preparou uma edi\u00e7\u00e3o de dezembro pra l\u00e1 de especial, com ningu\u00e9m menos do que Lady Gaga. A cantora, que acaba de lan\u00e7ar seu novo \u00e1lbum &#8216;Joanne&#8217;, aparece em um editorial com inspira\u00e7\u00e3o vintage, onde os chap\u00e9us s\u00e3o os acess\u00f3rios da vez. Os bel\u00edssimos looks s\u00e3o de [&hellip;]<\/p>\n","protected":false},"author":8,"featured_media":159411,"comment_status":"open","ping_status":"open","sticky":false,"template":"","format":"standard","meta":{"jetpack_post_was_ever_published":false,"_jetpack_newsletter_access":"","jetpack_publicize_message":"","jetpack_is_tweetstorm":false,"jetpack_publicize_feature_enabled":true,"jetpack_social_post_already_shared":true,"jetpack_social_options":{"image_generator_settings":{"template":"highway","enabled":false}}},"categories":[2],"tags":[],"jetpack_publicize_connections":[],"jetpack_featured_media_url":"https:\/\/i0.wp.com\/agrund.com\/wp-content\/uploads\/sites\/6\/2016\/11\/s-50.jpg?fit=960%2C300&ssl=1","jetpack_sharing_enabled":true,"jetpack_shortlink":"https:\/\/wp.me\/p3Hz0n-Ft3","jetpack_likes_enabled":true,"_links":{"self":[{"href":"https:\/\/agrund.com\/index.php\/wp-json\/wp\/v2\/posts\/159405"}],"collection":[{"href":"https:\/\/agrund.com\/index.php\/wp-json\/wp\/v2\/posts"}],"about":[{"href":"https:\/\/agrund.com\/index.php\/wp-json\/wp\/v2\/types\/post"}],"author":[{"embeddable":true,"href":"https:\/\/agrund.com\/index.php\/wp-json\/wp\/v2\/users\/8"}],"replies":[{"embeddable":true,"href":"https:\/\/agrund.com\/index.php\/wp-json\/wp\/v2\/comments?post=159405"}],"version-history":[{"count":0,"href":"https:\/\/agrund.com\/index.php\/wp-json\/wp\/v2\/posts\/159405\/revisions"}],"wp:featuredmedia":[{"embeddable":true,"href":"https:\/\/agrund.com\/index.php\/wp-json\/wp\/v2\/media\/159411"}],"wp:attachment":[{"href":"https:\/\/agrund.com\/index.php\/wp-json\/wp\/v2\/media?parent=159405"}],"wp:term":[{"taxonomy":"category","embeddable":true,"href":"https:\/\/agrund.com\/index.php\/wp-json\/wp\/v2\/categories?post=159405"},{"taxonomy":"post_tag","embeddable":true,"href":"https:\/\/agrund.com\/index.php\/wp-json\/wp\/v2\/tags?post=159405"}],"curies":[{"name":"wp","href":"https:\/\/api.w.org\/{rel}","templated":true}]}}