{"id":159266,"date":"2016-11-11T17:00:27","date_gmt":"2016-11-11T19:00:27","guid":{"rendered":"http:\/\/www.agrund.com\/?p=159266"},"modified":"2016-11-11T17:12:11","modified_gmt":"2016-11-11T19:12:11","slug":"casa-de-criadores-inverno-2017-parte-iii","status":"publish","type":"post","link":"https:\/\/agrund.com\/index.php\/casa-de-criadores-inverno-2017-parte-iii\/","title":{"rendered":"Casa de Criadores Inverno 2017 :: Parte III"},"content":{"rendered":"<p>Por Rafaela Piovezani<\/p>\n<p>O terceiro dia da Casa de Criadores foi marcado pelos desfiles inverno 2017 dos estilistas Diego F\u00e1varo, Rafael Caetano e Rober Dognani, al\u00e9m dos novos talentos, no Projeto Lab.<\/p>\n<p><strong>Projeto Lab<\/strong><br \/>\nO Projeto Lab \u00e9 a porta de entrada para novas marcas e estilistas mostrarem seus trabalhos autorais. Nesta temporada, desfilaram a marca ACRVO, os estilistas Caroline Funde, Ellias Kateb, Renata Buzzo, e estudantes de moda da universidade chilena INACAP.<\/p>\n<div id=\"attachment_159268\" style=\"width: 410px\" class=\"wp-caption aligncenter\"><img aria-describedby=\"caption-attachment-159268\" data-attachment-id=\"159268\" data-permalink=\"https:\/\/agrund.com\/index.php\/casa-de-criadores-inverno-2017-parte-iii\/acrvo\/\" data-orig-file=\"https:\/\/i0.wp.com\/agrund.com\/wp-content\/uploads\/sites\/6\/2016\/11\/Desfile-ACRVO-1-1.jpg?fit=400%2C600&amp;ssl=1\" data-orig-size=\"400,600\" data-comments-opened=\"1\" data-image-meta=\"{&quot;aperture&quot;:&quot;0&quot;,&quot;credit&quot;:&quot;Marcelo Soubhia\\\/Fotosite&quot;,&quot;camera&quot;:&quot;&quot;,&quot;caption&quot;:&quot;Desfile ACRVO&quot;,&quot;created_timestamp&quot;:&quot;0&quot;,&quot;copyright&quot;:&quot;AGENCIA FOTOSITE&quot;,&quot;focal_length&quot;:&quot;0&quot;,&quot;iso&quot;:&quot;0&quot;,&quot;shutter_speed&quot;:&quot;0&quot;,&quot;title&quot;:&quot;Acrvo&quot;,&quot;orientation&quot;:&quot;1&quot;}\" data-image-title=\"Casa de Criadores Inverno 2017 :: Parte III\" data-image-description=\"\" data-image-caption=\"&lt;p&gt;Casa de Criadores Inverno 2017 :: Parte III &#8211; ACRVO&lt;\/p&gt;\n\" data-medium-file=\"https:\/\/i0.wp.com\/agrund.com\/wp-content\/uploads\/sites\/6\/2016\/11\/Desfile-ACRVO-1-1.jpg?fit=200%2C300&amp;ssl=1\" data-large-file=\"https:\/\/i0.wp.com\/agrund.com\/wp-content\/uploads\/sites\/6\/2016\/11\/Desfile-ACRVO-1-1.jpg?fit=400%2C600&amp;ssl=1\" decoding=\"async\" loading=\"lazy\" class=\"size-full wp-image-159268\" src=\"https:\/\/i0.wp.com\/www.agrund.com\/wp-content\/uploads\/sites\/6\/2016\/11\/Desfile-ACRVO-1-1.jpg?resize=400%2C600\" alt=\"Casa de Criadores Inverno 2017 :: Parte III - ACRVO\" width=\"400\" height=\"600\" srcset=\"https:\/\/i0.wp.com\/agrund.com\/wp-content\/uploads\/sites\/6\/2016\/11\/Desfile-ACRVO-1-1.jpg?w=400&amp;ssl=1 400w, https:\/\/i0.wp.com\/agrund.com\/wp-content\/uploads\/sites\/6\/2016\/11\/Desfile-ACRVO-1-1.jpg?resize=200%2C300&amp;ssl=1 200w\" sizes=\"(max-width: 400px) 100vw, 400px\" data-recalc-dims=\"1\" \/><p id=\"caption-attachment-159268\" class=\"wp-caption-text\">Casa de Criadores Inverno 2017 :: Parte III &#8211; ACRVO<\/p><\/div>\n<div id=\"attachment_159267\" style=\"width: 410px\" class=\"wp-caption aligncenter\"><img aria-describedby=\"caption-attachment-159267\" data-attachment-id=\"159267\" data-permalink=\"https:\/\/agrund.com\/index.php\/casa-de-criadores-inverno-2017-parte-iii\/caroline-funke\/\" data-orig-file=\"https:\/\/i0.wp.com\/agrund.com\/wp-content\/uploads\/sites\/6\/2016\/11\/Caroline-Funke-14.jpg?fit=400%2C600&amp;ssl=1\" data-orig-size=\"400,600\" data-comments-opened=\"1\" data-image-meta=\"{&quot;aperture&quot;:&quot;0&quot;,&quot;credit&quot;:&quot;Marcelo Soubhia\\\/Fotosite&quot;,&quot;camera&quot;:&quot;&quot;,&quot;caption&quot;:&quot;Desfile ACRVO&quot;,&quot;created_timestamp&quot;:&quot;0&quot;,&quot;copyright&quot;:&quot;AGENCIA FOTOSITE&quot;,&quot;focal_length&quot;:&quot;0&quot;,&quot;iso&quot;:&quot;0&quot;,&quot;shutter_speed&quot;:&quot;0&quot;,&quot;title&quot;:&quot;Caroline Funke&quot;,&quot;orientation&quot;:&quot;1&quot;}\" data-image-title=\"Casa de Criadores Inverno 2017 :: Parte III\" data-image-description=\"\" data-image-caption=\"&lt;p&gt;Casa de Criadores Inverno 2017 :: Parte III &#8211; Caroline Funke&lt;\/p&gt;\n\" data-medium-file=\"https:\/\/i0.wp.com\/agrund.com\/wp-content\/uploads\/sites\/6\/2016\/11\/Caroline-Funke-14.jpg?fit=200%2C300&amp;ssl=1\" data-large-file=\"https:\/\/i0.wp.com\/agrund.com\/wp-content\/uploads\/sites\/6\/2016\/11\/Caroline-Funke-14.jpg?fit=400%2C600&amp;ssl=1\" decoding=\"async\" loading=\"lazy\" class=\"size-full wp-image-159267\" src=\"https:\/\/i0.wp.com\/www.agrund.com\/wp-content\/uploads\/sites\/6\/2016\/11\/Caroline-Funke-14.jpg?resize=400%2C600\" alt=\"Casa de Criadores Inverno 2017 :: Parte III - Caroline Funke\" width=\"400\" height=\"600\" srcset=\"https:\/\/i0.wp.com\/agrund.com\/wp-content\/uploads\/sites\/6\/2016\/11\/Caroline-Funke-14.jpg?w=400&amp;ssl=1 400w, https:\/\/i0.wp.com\/agrund.com\/wp-content\/uploads\/sites\/6\/2016\/11\/Caroline-Funke-14.jpg?resize=200%2C300&amp;ssl=1 200w\" sizes=\"(max-width: 400px) 100vw, 400px\" data-recalc-dims=\"1\" \/><p id=\"caption-attachment-159267\" class=\"wp-caption-text\">Casa de Criadores Inverno 2017 :: Parte III &#8211; Caroline Funke<\/p><\/div>\n<div id=\"attachment_159269\" style=\"width: 410px\" class=\"wp-caption aligncenter\"><img aria-describedby=\"caption-attachment-159269\" data-attachment-id=\"159269\" data-permalink=\"https:\/\/agrund.com\/index.php\/casa-de-criadores-inverno-2017-parte-iii\/ellis-kaleb\/\" data-orig-file=\"https:\/\/i0.wp.com\/agrund.com\/wp-content\/uploads\/sites\/6\/2016\/11\/Elias-Kaleb-18.jpg?fit=400%2C600&amp;ssl=1\" data-orig-size=\"400,600\" data-comments-opened=\"1\" data-image-meta=\"{&quot;aperture&quot;:&quot;0&quot;,&quot;credit&quot;:&quot;Marcelo Soubhia\\\/Fotosite&quot;,&quot;camera&quot;:&quot;&quot;,&quot;caption&quot;:&quot;Desfile Elias Kaleb&quot;,&quot;created_timestamp&quot;:&quot;0&quot;,&quot;copyright&quot;:&quot;AGENCIA FOTOSITE&quot;,&quot;focal_length&quot;:&quot;0&quot;,&quot;iso&quot;:&quot;0&quot;,&quot;shutter_speed&quot;:&quot;0&quot;,&quot;title&quot;:&quot;Ellis Kaleb&quot;,&quot;orientation&quot;:&quot;1&quot;}\" data-image-title=\"Casa de Criadores Inverno 2017 :: Parte III\" data-image-description=\"\" data-image-caption=\"&lt;p&gt;Casa de Criadores Inverno 2017 :: Parte III &#8211; Elias Kaleb&lt;\/p&gt;\n\" data-medium-file=\"https:\/\/i0.wp.com\/agrund.com\/wp-content\/uploads\/sites\/6\/2016\/11\/Elias-Kaleb-18.jpg?fit=200%2C300&amp;ssl=1\" data-large-file=\"https:\/\/i0.wp.com\/agrund.com\/wp-content\/uploads\/sites\/6\/2016\/11\/Elias-Kaleb-18.jpg?fit=400%2C600&amp;ssl=1\" decoding=\"async\" loading=\"lazy\" class=\"size-full wp-image-159269\" src=\"https:\/\/i0.wp.com\/www.agrund.com\/wp-content\/uploads\/sites\/6\/2016\/11\/Elias-Kaleb-18.jpg?resize=400%2C600\" alt=\"Casa de Criadores Inverno 2017 :: Parte III - Elias Kaleb\" width=\"400\" height=\"600\" srcset=\"https:\/\/i0.wp.com\/agrund.com\/wp-content\/uploads\/sites\/6\/2016\/11\/Elias-Kaleb-18.jpg?w=400&amp;ssl=1 400w, https:\/\/i0.wp.com\/agrund.com\/wp-content\/uploads\/sites\/6\/2016\/11\/Elias-Kaleb-18.jpg?resize=200%2C300&amp;ssl=1 200w\" sizes=\"(max-width: 400px) 100vw, 400px\" data-recalc-dims=\"1\" \/><p id=\"caption-attachment-159269\" class=\"wp-caption-text\">Casa de Criadores Inverno 2017 :: Parte III &#8211; Elias Kaleb<\/p><\/div>\n<div id=\"attachment_159271\" style=\"width: 410px\" class=\"wp-caption aligncenter\"><img aria-describedby=\"caption-attachment-159271\" data-attachment-id=\"159271\" data-permalink=\"https:\/\/agrund.com\/index.php\/casa-de-criadores-inverno-2017-parte-iii\/desfile-renata-buzzo\/\" data-orig-file=\"https:\/\/i0.wp.com\/agrund.com\/wp-content\/uploads\/sites\/6\/2016\/11\/rbuz_I17_031.jpg?fit=400%2C600&amp;ssl=1\" data-orig-size=\"400,600\" data-comments-opened=\"1\" data-image-meta=\"{&quot;aperture&quot;:&quot;0&quot;,&quot;credit&quot;:&quot;&quot;,&quot;camera&quot;:&quot;&quot;,&quot;caption&quot;:&quot;Desfile Renata Buzzo&quot;,&quot;created_timestamp&quot;:&quot;0&quot;,&quot;copyright&quot;:&quot;&quot;,&quot;focal_length&quot;:&quot;0&quot;,&quot;iso&quot;:&quot;0&quot;,&quot;shutter_speed&quot;:&quot;0&quot;,&quot;title&quot;:&quot;Desfile Renata Buzzo&quot;,&quot;orientation&quot;:&quot;1&quot;}\" data-image-title=\"Casa de Criadores Inverno 2017 :: Parte III\" data-image-description=\"\" data-image-caption=\"&lt;p&gt;Casa de Criadores Inverno 2017 :: Parte III &#8211; Renata Buzzo&lt;\/p&gt;\n\" data-medium-file=\"https:\/\/i0.wp.com\/agrund.com\/wp-content\/uploads\/sites\/6\/2016\/11\/rbuz_I17_031.jpg?fit=200%2C300&amp;ssl=1\" data-large-file=\"https:\/\/i0.wp.com\/agrund.com\/wp-content\/uploads\/sites\/6\/2016\/11\/rbuz_I17_031.jpg?fit=400%2C600&amp;ssl=1\" decoding=\"async\" loading=\"lazy\" class=\"size-full wp-image-159271\" src=\"https:\/\/i0.wp.com\/www.agrund.com\/wp-content\/uploads\/sites\/6\/2016\/11\/rbuz_I17_031.jpg?resize=400%2C600\" alt=\"Casa de Criadores Inverno 2017 :: Parte III - Renata Buzzo\" width=\"400\" height=\"600\" srcset=\"https:\/\/i0.wp.com\/agrund.com\/wp-content\/uploads\/sites\/6\/2016\/11\/rbuz_I17_031.jpg?w=400&amp;ssl=1 400w, https:\/\/i0.wp.com\/agrund.com\/wp-content\/uploads\/sites\/6\/2016\/11\/rbuz_I17_031.jpg?resize=200%2C300&amp;ssl=1 200w\" sizes=\"(max-width: 400px) 100vw, 400px\" data-recalc-dims=\"1\" \/><p id=\"caption-attachment-159271\" class=\"wp-caption-text\">Casa de Criadores Inverno 2017 :: Parte III &#8211; Renata Buzzo<\/p><\/div>\n<div id=\"attachment_159270\" style=\"width: 410px\" class=\"wp-caption aligncenter\"><img aria-describedby=\"caption-attachment-159270\" data-attachment-id=\"159270\" data-permalink=\"https:\/\/agrund.com\/index.php\/casa-de-criadores-inverno-2017-parte-iii\/modalab-inacap\/\" data-orig-file=\"https:\/\/i0.wp.com\/agrund.com\/wp-content\/uploads\/sites\/6\/2016\/11\/ModaLab-Inacap-14.jpg?fit=400%2C600&amp;ssl=1\" data-orig-size=\"400,600\" data-comments-opened=\"1\" data-image-meta=\"{&quot;aperture&quot;:&quot;0&quot;,&quot;credit&quot;:&quot;Marcelo Soubhia\\\/Fotosite&quot;,&quot;camera&quot;:&quot;&quot;,&quot;caption&quot;:&quot;Desfile ModaLab Inacap&quot;,&quot;created_timestamp&quot;:&quot;0&quot;,&quot;copyright&quot;:&quot;AGENCIA FOTOSITE&quot;,&quot;focal_length&quot;:&quot;0&quot;,&quot;iso&quot;:&quot;0&quot;,&quot;shutter_speed&quot;:&quot;0&quot;,&quot;title&quot;:&quot;ModaLab Inacap&quot;,&quot;orientation&quot;:&quot;1&quot;}\" data-image-title=\"Casa de Criadores Inverno 2017 :: Parte III\" data-image-description=\"\" data-image-caption=\"&lt;p&gt;Casa de Criadores Inverno 2017 :: Parte III &#8211; ModaLab Inacap&lt;\/p&gt;\n\" data-medium-file=\"https:\/\/i0.wp.com\/agrund.com\/wp-content\/uploads\/sites\/6\/2016\/11\/ModaLab-Inacap-14.jpg?fit=200%2C300&amp;ssl=1\" data-large-file=\"https:\/\/i0.wp.com\/agrund.com\/wp-content\/uploads\/sites\/6\/2016\/11\/ModaLab-Inacap-14.jpg?fit=400%2C600&amp;ssl=1\" decoding=\"async\" loading=\"lazy\" class=\"size-full wp-image-159270\" src=\"https:\/\/i0.wp.com\/www.agrund.com\/wp-content\/uploads\/sites\/6\/2016\/11\/ModaLab-Inacap-14.jpg?resize=400%2C600\" alt=\"Casa de Criadores Inverno 2017 :: Parte III - ModaLab Inacap\" width=\"400\" height=\"600\" srcset=\"https:\/\/i0.wp.com\/agrund.com\/wp-content\/uploads\/sites\/6\/2016\/11\/ModaLab-Inacap-14.jpg?w=400&amp;ssl=1 400w, https:\/\/i0.wp.com\/agrund.com\/wp-content\/uploads\/sites\/6\/2016\/11\/ModaLab-Inacap-14.jpg?resize=200%2C300&amp;ssl=1 200w\" sizes=\"(max-width: 400px) 100vw, 400px\" data-recalc-dims=\"1\" \/><p id=\"caption-attachment-159270\" class=\"wp-caption-text\">Casa de Criadores Inverno 2017 :: Parte III &#8211; ModaLab Inacap<\/p><\/div>\n<p>&nbsp;<\/p>\n<p><strong>Diego F\u00e1varo<\/strong><br \/>\nA cole\u00e7\u00e3o batizada de BRONX tem refer\u00eancias diretamente com o distrito localizado na cidade de Nova Iorque, mais especificamente l\u00e1 pelos anos 70, no surgimento do hip hop e do break dance. Al\u00e9m da malharia j\u00e1 caracter\u00edstica do estilista, desta vez Diego trouxe tamb\u00e9m jeans colorido e o beachwear.<\/p>\n<div id=\"attachment_159272\" style=\"width: 410px\" class=\"wp-caption aligncenter\"><img aria-describedby=\"caption-attachment-159272\" data-attachment-id=\"159272\" data-permalink=\"https:\/\/agrund.com\/index.php\/casa-de-criadores-inverno-2017-parte-iii\/diego-favaro-2\/\" data-orig-file=\"https:\/\/i0.wp.com\/agrund.com\/wp-content\/uploads\/sites\/6\/2016\/11\/dfav_i17_003.jpg?fit=400%2C600&amp;ssl=1\" data-orig-size=\"400,600\" data-comments-opened=\"1\" data-image-meta=\"{&quot;aperture&quot;:&quot;0&quot;,&quot;credit&quot;:&quot;Marcelo Soubhia\\\/Fotosite&quot;,&quot;camera&quot;:&quot;&quot;,&quot;caption&quot;:&quot;Diego Favaro\\r\\r- Casa de Criadores- Inverno 2017\\r\\rNovembro \\\/ 2016\\r\\rfoto: Marcelo Soubhia\\\/Fotosite&quot;,&quot;created_timestamp&quot;:&quot;0&quot;,&quot;copyright&quot;:&quot;AGENCIA FOTOSITE&quot;,&quot;focal_length&quot;:&quot;0&quot;,&quot;iso&quot;:&quot;0&quot;,&quot;shutter_speed&quot;:&quot;0&quot;,&quot;title&quot;:&quot;Diego Favaro&quot;,&quot;orientation&quot;:&quot;1&quot;}\" data-image-title=\"Casa de Criadores Inverno 2017 :: Parte III\" data-image-description=\"\" data-image-caption=\"&lt;p&gt;Casa de Criadores Inverno 2017 :: Parte III &#8211; Diego Favaro&lt;\/p&gt;\n\" data-medium-file=\"https:\/\/i0.wp.com\/agrund.com\/wp-content\/uploads\/sites\/6\/2016\/11\/dfav_i17_003.jpg?fit=200%2C300&amp;ssl=1\" data-large-file=\"https:\/\/i0.wp.com\/agrund.com\/wp-content\/uploads\/sites\/6\/2016\/11\/dfav_i17_003.jpg?fit=400%2C600&amp;ssl=1\" decoding=\"async\" loading=\"lazy\" class=\"size-full wp-image-159272\" src=\"https:\/\/i0.wp.com\/www.agrund.com\/wp-content\/uploads\/sites\/6\/2016\/11\/dfav_i17_003.jpg?resize=400%2C600\" alt=\"Casa de Criadores Inverno 2017 :: Parte III - Diego Favaro \" width=\"400\" height=\"600\" srcset=\"https:\/\/i0.wp.com\/agrund.com\/wp-content\/uploads\/sites\/6\/2016\/11\/dfav_i17_003.jpg?w=400&amp;ssl=1 400w, https:\/\/i0.wp.com\/agrund.com\/wp-content\/uploads\/sites\/6\/2016\/11\/dfav_i17_003.jpg?resize=200%2C300&amp;ssl=1 200w\" sizes=\"(max-width: 400px) 100vw, 400px\" data-recalc-dims=\"1\" \/><p id=\"caption-attachment-159272\" class=\"wp-caption-text\">Casa de Criadores Inverno 2017 :: Parte III &#8211; Diego Favaro<\/p><\/div>\n<div id=\"attachment_159273\" style=\"width: 410px\" class=\"wp-caption aligncenter\"><img aria-describedby=\"caption-attachment-159273\" data-attachment-id=\"159273\" data-permalink=\"https:\/\/agrund.com\/index.php\/casa-de-criadores-inverno-2017-parte-iii\/diego-favaro-3\/\" data-orig-file=\"https:\/\/i0.wp.com\/agrund.com\/wp-content\/uploads\/sites\/6\/2016\/11\/dfav_i17_025.jpg?fit=400%2C600&amp;ssl=1\" data-orig-size=\"400,600\" data-comments-opened=\"1\" data-image-meta=\"{&quot;aperture&quot;:&quot;0&quot;,&quot;credit&quot;:&quot;Marcelo Soubhia\\\/Fotosite&quot;,&quot;camera&quot;:&quot;&quot;,&quot;caption&quot;:&quot;Diego Favaro\\r\\r- Casa de Criadores- Inverno 2017\\r\\rNovembro \\\/ 2016\\r\\rfoto: Marcelo Soubhia\\\/Fotosite&quot;,&quot;created_timestamp&quot;:&quot;0&quot;,&quot;copyright&quot;:&quot;AGENCIA FOTOSITE&quot;,&quot;focal_length&quot;:&quot;0&quot;,&quot;iso&quot;:&quot;0&quot;,&quot;shutter_speed&quot;:&quot;0&quot;,&quot;title&quot;:&quot;Diego Favaro&quot;,&quot;orientation&quot;:&quot;1&quot;}\" data-image-title=\"Casa de Criadores Inverno 2017 :: Parte III\" data-image-description=\"\" data-image-caption=\"&lt;p&gt;Casa de Criadores Inverno 2017 :: Parte III &#8211; Diego Favaro&lt;\/p&gt;\n\" data-medium-file=\"https:\/\/i0.wp.com\/agrund.com\/wp-content\/uploads\/sites\/6\/2016\/11\/dfav_i17_025.jpg?fit=200%2C300&amp;ssl=1\" data-large-file=\"https:\/\/i0.wp.com\/agrund.com\/wp-content\/uploads\/sites\/6\/2016\/11\/dfav_i17_025.jpg?fit=400%2C600&amp;ssl=1\" decoding=\"async\" loading=\"lazy\" class=\"size-full wp-image-159273\" src=\"https:\/\/i0.wp.com\/www.agrund.com\/wp-content\/uploads\/sites\/6\/2016\/11\/dfav_i17_025.jpg?resize=400%2C600\" alt=\"Casa de Criadores Inverno 2017 :: Parte III - Diego Favaro \" width=\"400\" height=\"600\" srcset=\"https:\/\/i0.wp.com\/agrund.com\/wp-content\/uploads\/sites\/6\/2016\/11\/dfav_i17_025.jpg?w=400&amp;ssl=1 400w, https:\/\/i0.wp.com\/agrund.com\/wp-content\/uploads\/sites\/6\/2016\/11\/dfav_i17_025.jpg?resize=200%2C300&amp;ssl=1 200w\" sizes=\"(max-width: 400px) 100vw, 400px\" data-recalc-dims=\"1\" \/><p id=\"caption-attachment-159273\" class=\"wp-caption-text\">Casa de Criadores Inverno 2017 :: Parte III &#8211; Diego Favaro<\/p><\/div>\n<div id=\"attachment_159274\" style=\"width: 410px\" class=\"wp-caption aligncenter\"><img aria-describedby=\"caption-attachment-159274\" data-attachment-id=\"159274\" data-permalink=\"https:\/\/agrund.com\/index.php\/casa-de-criadores-inverno-2017-parte-iii\/diego-favaro-4\/\" data-orig-file=\"https:\/\/i0.wp.com\/agrund.com\/wp-content\/uploads\/sites\/6\/2016\/11\/dfav_i17_043.jpg?fit=400%2C600&amp;ssl=1\" data-orig-size=\"400,600\" data-comments-opened=\"1\" data-image-meta=\"{&quot;aperture&quot;:&quot;0&quot;,&quot;credit&quot;:&quot;Marcelo Soubhia\\\/Fotosite&quot;,&quot;camera&quot;:&quot;&quot;,&quot;caption&quot;:&quot;Diego Favaro\\r\\r- Casa de Criadores- Inverno 2017\\r\\rNovembro \\\/ 2016\\r\\rfoto: Marcelo Soubhia\\\/Fotosite&quot;,&quot;created_timestamp&quot;:&quot;0&quot;,&quot;copyright&quot;:&quot;AGENCIA FOTOSITE&quot;,&quot;focal_length&quot;:&quot;0&quot;,&quot;iso&quot;:&quot;0&quot;,&quot;shutter_speed&quot;:&quot;0&quot;,&quot;title&quot;:&quot;Diego Favaro&quot;,&quot;orientation&quot;:&quot;1&quot;}\" data-image-title=\"Casa de Criadores Inverno 2017 :: Parte III\" data-image-description=\"\" data-image-caption=\"&lt;p&gt;Casa de Criadores Inverno 2017 :: Parte III &#8211; Diego Favaro&lt;\/p&gt;\n\" data-medium-file=\"https:\/\/i0.wp.com\/agrund.com\/wp-content\/uploads\/sites\/6\/2016\/11\/dfav_i17_043.jpg?fit=200%2C300&amp;ssl=1\" data-large-file=\"https:\/\/i0.wp.com\/agrund.com\/wp-content\/uploads\/sites\/6\/2016\/11\/dfav_i17_043.jpg?fit=400%2C600&amp;ssl=1\" decoding=\"async\" loading=\"lazy\" class=\"size-full wp-image-159274\" src=\"https:\/\/i0.wp.com\/www.agrund.com\/wp-content\/uploads\/sites\/6\/2016\/11\/dfav_i17_043.jpg?resize=400%2C600\" alt=\"Casa de Criadores Inverno 2017 :: Parte III - Diego Favaro \" width=\"400\" height=\"600\" srcset=\"https:\/\/i0.wp.com\/agrund.com\/wp-content\/uploads\/sites\/6\/2016\/11\/dfav_i17_043.jpg?w=400&amp;ssl=1 400w, https:\/\/i0.wp.com\/agrund.com\/wp-content\/uploads\/sites\/6\/2016\/11\/dfav_i17_043.jpg?resize=200%2C300&amp;ssl=1 200w\" sizes=\"(max-width: 400px) 100vw, 400px\" data-recalc-dims=\"1\" \/><p id=\"caption-attachment-159274\" class=\"wp-caption-text\">Casa de Criadores Inverno 2017 :: Parte III &#8211; Diego Favaro<\/p><\/div>\n<div id=\"attachment_159275\" style=\"width: 410px\" class=\"wp-caption aligncenter\"><img aria-describedby=\"caption-attachment-159275\" data-attachment-id=\"159275\" data-permalink=\"https:\/\/agrund.com\/index.php\/casa-de-criadores-inverno-2017-parte-iii\/diego-favaro-5\/\" data-orig-file=\"https:\/\/i0.wp.com\/agrund.com\/wp-content\/uploads\/sites\/6\/2016\/11\/dfav_i17_045.jpg?fit=400%2C600&amp;ssl=1\" data-orig-size=\"400,600\" data-comments-opened=\"1\" data-image-meta=\"{&quot;aperture&quot;:&quot;0&quot;,&quot;credit&quot;:&quot;Marcelo Soubhia\\\/Fotosite&quot;,&quot;camera&quot;:&quot;&quot;,&quot;caption&quot;:&quot;Diego Favaro\\r\\r- Casa de Criadores- Inverno 2017\\r\\rNovembro \\\/ 2016\\r\\rfoto: Marcelo Soubhia\\\/Fotosite&quot;,&quot;created_timestamp&quot;:&quot;0&quot;,&quot;copyright&quot;:&quot;AGENCIA FOTOSITE&quot;,&quot;focal_length&quot;:&quot;0&quot;,&quot;iso&quot;:&quot;0&quot;,&quot;shutter_speed&quot;:&quot;0&quot;,&quot;title&quot;:&quot;Diego Favaro&quot;,&quot;orientation&quot;:&quot;1&quot;}\" data-image-title=\"Casa de Criadores Inverno 2017 :: Parte III\" data-image-description=\"\" data-image-caption=\"&lt;p&gt;Casa de Criadores Inverno 2017 :: Parte III &#8211; Diego Favaro&lt;\/p&gt;\n\" data-medium-file=\"https:\/\/i0.wp.com\/agrund.com\/wp-content\/uploads\/sites\/6\/2016\/11\/dfav_i17_045.jpg?fit=200%2C300&amp;ssl=1\" data-large-file=\"https:\/\/i0.wp.com\/agrund.com\/wp-content\/uploads\/sites\/6\/2016\/11\/dfav_i17_045.jpg?fit=400%2C600&amp;ssl=1\" decoding=\"async\" loading=\"lazy\" class=\"size-full wp-image-159275\" src=\"https:\/\/i0.wp.com\/www.agrund.com\/wp-content\/uploads\/sites\/6\/2016\/11\/dfav_i17_045.jpg?resize=400%2C600\" alt=\"Casa de Criadores Inverno 2017 :: Parte III - Diego Favaro \" width=\"400\" height=\"600\" srcset=\"https:\/\/i0.wp.com\/agrund.com\/wp-content\/uploads\/sites\/6\/2016\/11\/dfav_i17_045.jpg?w=400&amp;ssl=1 400w, https:\/\/i0.wp.com\/agrund.com\/wp-content\/uploads\/sites\/6\/2016\/11\/dfav_i17_045.jpg?resize=200%2C300&amp;ssl=1 200w\" sizes=\"(max-width: 400px) 100vw, 400px\" data-recalc-dims=\"1\" \/><p id=\"caption-attachment-159275\" class=\"wp-caption-text\">Casa de Criadores Inverno 2017 :: Parte III &#8211; Diego Favaro<\/p><\/div>\n<p>&nbsp;<\/p>\n<p><strong>Rafael Caetano<\/strong><br \/>\nO estilista foi buscar inspira\u00e7\u00e3o no seu pr\u00f3prio produto e seu processo criativo para desenvolver a cole\u00e7\u00e3o inverno 2017. O neoprene, moletom e nylon resinado s\u00e3o os destaques e aparecem em pe\u00e7as com modelagens amplas e longil\u00edneas.<\/p>\n<div id=\"attachment_159276\" style=\"width: 410px\" class=\"wp-caption aligncenter\"><img aria-describedby=\"caption-attachment-159276\" data-attachment-id=\"159276\" data-permalink=\"https:\/\/agrund.com\/index.php\/casa-de-criadores-inverno-2017-parte-iii\/rafael-caetano-5\/\" data-orig-file=\"https:\/\/i0.wp.com\/agrund.com\/wp-content\/uploads\/sites\/6\/2016\/11\/rcae_I17_001.jpg?fit=400%2C600&amp;ssl=1\" data-orig-size=\"400,600\" data-comments-opened=\"1\" data-image-meta=\"{&quot;aperture&quot;:&quot;0&quot;,&quot;credit&quot;:&quot;Marcelo Soubhia\\\/Fotosite&quot;,&quot;camera&quot;:&quot;&quot;,&quot;caption&quot;:&quot;Rafael Caetano\\r\\r- Casa de Criadores- Inverno 2017\\r\\rNovembro \\\/ 2016\\r\\rfoto: Marcelo Soubhia\\\/Fotosite&quot;,&quot;created_timestamp&quot;:&quot;0&quot;,&quot;copyright&quot;:&quot;AGENCIA FOTOSITE&quot;,&quot;focal_length&quot;:&quot;0&quot;,&quot;iso&quot;:&quot;0&quot;,&quot;shutter_speed&quot;:&quot;0&quot;,&quot;title&quot;:&quot;Rafael Caetano&quot;,&quot;orientation&quot;:&quot;1&quot;}\" data-image-title=\"Casa de Criadores Inverno 2017 :: Parte III\" data-image-description=\"\" data-image-caption=\"&lt;p&gt;Casa de Criadores Inverno 2017 :: Parte III &#8211; Rafael Caetano&lt;\/p&gt;\n\" data-medium-file=\"https:\/\/i0.wp.com\/agrund.com\/wp-content\/uploads\/sites\/6\/2016\/11\/rcae_I17_001.jpg?fit=200%2C300&amp;ssl=1\" data-large-file=\"https:\/\/i0.wp.com\/agrund.com\/wp-content\/uploads\/sites\/6\/2016\/11\/rcae_I17_001.jpg?fit=400%2C600&amp;ssl=1\" decoding=\"async\" loading=\"lazy\" class=\"size-full wp-image-159276\" src=\"https:\/\/i0.wp.com\/www.agrund.com\/wp-content\/uploads\/sites\/6\/2016\/11\/rcae_I17_001.jpg?resize=400%2C600\" alt=\"Casa de Criadores Inverno 2017 :: Parte III - Rafael Caetano \" width=\"400\" height=\"600\" srcset=\"https:\/\/i0.wp.com\/agrund.com\/wp-content\/uploads\/sites\/6\/2016\/11\/rcae_I17_001.jpg?w=400&amp;ssl=1 400w, https:\/\/i0.wp.com\/agrund.com\/wp-content\/uploads\/sites\/6\/2016\/11\/rcae_I17_001.jpg?resize=200%2C300&amp;ssl=1 200w\" sizes=\"(max-width: 400px) 100vw, 400px\" data-recalc-dims=\"1\" \/><p id=\"caption-attachment-159276\" class=\"wp-caption-text\">Casa de Criadores Inverno 2017 :: Parte III &#8211; Rafael Caetano<\/p><\/div>\n<div id=\"attachment_159277\" style=\"width: 410px\" class=\"wp-caption aligncenter\"><img aria-describedby=\"caption-attachment-159277\" data-attachment-id=\"159277\" data-permalink=\"https:\/\/agrund.com\/index.php\/casa-de-criadores-inverno-2017-parte-iii\/rafael-caetano-6\/\" data-orig-file=\"https:\/\/i0.wp.com\/agrund.com\/wp-content\/uploads\/sites\/6\/2016\/11\/rcae_I17_017.jpg?fit=400%2C600&amp;ssl=1\" data-orig-size=\"400,600\" data-comments-opened=\"1\" data-image-meta=\"{&quot;aperture&quot;:&quot;0&quot;,&quot;credit&quot;:&quot;Marcelo Soubhia\\\/Fotosite&quot;,&quot;camera&quot;:&quot;&quot;,&quot;caption&quot;:&quot;Rafael Caetano\\r\\r- Casa de Criadores- Inverno 2017\\r\\rNovembro \\\/ 2016\\r\\rfoto: Marcelo Soubhia\\\/Fotosite&quot;,&quot;created_timestamp&quot;:&quot;0&quot;,&quot;copyright&quot;:&quot;AGENCIA FOTOSITE&quot;,&quot;focal_length&quot;:&quot;0&quot;,&quot;iso&quot;:&quot;0&quot;,&quot;shutter_speed&quot;:&quot;0&quot;,&quot;title&quot;:&quot;Rafael Caetano&quot;,&quot;orientation&quot;:&quot;1&quot;}\" data-image-title=\"Casa de Criadores Inverno 2017 :: Parte III\" data-image-description=\"\" data-image-caption=\"&lt;p&gt;Casa de Criadores Inverno 2017 :: Parte III &#8211; Rafael Caetano&lt;\/p&gt;\n\" data-medium-file=\"https:\/\/i0.wp.com\/agrund.com\/wp-content\/uploads\/sites\/6\/2016\/11\/rcae_I17_017.jpg?fit=200%2C300&amp;ssl=1\" data-large-file=\"https:\/\/i0.wp.com\/agrund.com\/wp-content\/uploads\/sites\/6\/2016\/11\/rcae_I17_017.jpg?fit=400%2C600&amp;ssl=1\" decoding=\"async\" loading=\"lazy\" class=\"size-full wp-image-159277\" src=\"https:\/\/i0.wp.com\/www.agrund.com\/wp-content\/uploads\/sites\/6\/2016\/11\/rcae_I17_017.jpg?resize=400%2C600\" alt=\"Casa de Criadores Inverno 2017 :: Parte III - Rafael Caetano \" width=\"400\" height=\"600\" srcset=\"https:\/\/i0.wp.com\/agrund.com\/wp-content\/uploads\/sites\/6\/2016\/11\/rcae_I17_017.jpg?w=400&amp;ssl=1 400w, https:\/\/i0.wp.com\/agrund.com\/wp-content\/uploads\/sites\/6\/2016\/11\/rcae_I17_017.jpg?resize=200%2C300&amp;ssl=1 200w\" sizes=\"(max-width: 400px) 100vw, 400px\" data-recalc-dims=\"1\" \/><p id=\"caption-attachment-159277\" class=\"wp-caption-text\">Casa de Criadores Inverno 2017 :: Parte III &#8211; Rafael Caetano<\/p><\/div>\n<div id=\"attachment_159278\" style=\"width: 410px\" class=\"wp-caption aligncenter\"><img aria-describedby=\"caption-attachment-159278\" data-attachment-id=\"159278\" data-permalink=\"https:\/\/agrund.com\/index.php\/casa-de-criadores-inverno-2017-parte-iii\/rafael-caetano-7\/\" data-orig-file=\"https:\/\/i0.wp.com\/agrund.com\/wp-content\/uploads\/sites\/6\/2016\/11\/rcae_I17_025.jpg?fit=400%2C600&amp;ssl=1\" data-orig-size=\"400,600\" data-comments-opened=\"1\" data-image-meta=\"{&quot;aperture&quot;:&quot;0&quot;,&quot;credit&quot;:&quot;Marcelo Soubhia\\\/Fotosite&quot;,&quot;camera&quot;:&quot;&quot;,&quot;caption&quot;:&quot;Rafael Caetano\\r\\r- Casa de Criadores- Inverno 2017\\r\\rNovembro \\\/ 2016\\r\\rfoto: Marcelo Soubhia\\\/Fotosite&quot;,&quot;created_timestamp&quot;:&quot;0&quot;,&quot;copyright&quot;:&quot;AGENCIA FOTOSITE&quot;,&quot;focal_length&quot;:&quot;0&quot;,&quot;iso&quot;:&quot;0&quot;,&quot;shutter_speed&quot;:&quot;0&quot;,&quot;title&quot;:&quot;Rafael Caetano&quot;,&quot;orientation&quot;:&quot;1&quot;}\" data-image-title=\"Casa de Criadores Inverno 2017 :: Parte III\" data-image-description=\"\" data-image-caption=\"&lt;p&gt;Casa de Criadores Inverno 2017 :: Parte III &#8211; Rafael Caetano&lt;\/p&gt;\n\" data-medium-file=\"https:\/\/i0.wp.com\/agrund.com\/wp-content\/uploads\/sites\/6\/2016\/11\/rcae_I17_025.jpg?fit=200%2C300&amp;ssl=1\" data-large-file=\"https:\/\/i0.wp.com\/agrund.com\/wp-content\/uploads\/sites\/6\/2016\/11\/rcae_I17_025.jpg?fit=400%2C600&amp;ssl=1\" decoding=\"async\" loading=\"lazy\" class=\"size-full wp-image-159278\" src=\"https:\/\/i0.wp.com\/www.agrund.com\/wp-content\/uploads\/sites\/6\/2016\/11\/rcae_I17_025.jpg?resize=400%2C600\" alt=\"Casa de Criadores Inverno 2017 :: Parte III - Rafael Caetano \" width=\"400\" height=\"600\" srcset=\"https:\/\/i0.wp.com\/agrund.com\/wp-content\/uploads\/sites\/6\/2016\/11\/rcae_I17_025.jpg?w=400&amp;ssl=1 400w, https:\/\/i0.wp.com\/agrund.com\/wp-content\/uploads\/sites\/6\/2016\/11\/rcae_I17_025.jpg?resize=200%2C300&amp;ssl=1 200w\" sizes=\"(max-width: 400px) 100vw, 400px\" data-recalc-dims=\"1\" \/><p id=\"caption-attachment-159278\" class=\"wp-caption-text\">Casa de Criadores Inverno 2017 :: Parte III &#8211; Rafael Caetano<\/p><\/div>\n<div id=\"attachment_159279\" style=\"width: 410px\" class=\"wp-caption aligncenter\"><img aria-describedby=\"caption-attachment-159279\" data-attachment-id=\"159279\" data-permalink=\"https:\/\/agrund.com\/index.php\/casa-de-criadores-inverno-2017-parte-iii\/rafael-caetano-8\/\" data-orig-file=\"https:\/\/i0.wp.com\/agrund.com\/wp-content\/uploads\/sites\/6\/2016\/11\/rcae_I17_041.jpg?fit=400%2C600&amp;ssl=1\" data-orig-size=\"400,600\" data-comments-opened=\"1\" data-image-meta=\"{&quot;aperture&quot;:&quot;0&quot;,&quot;credit&quot;:&quot;Marcelo Soubhia\\\/Fotosite&quot;,&quot;camera&quot;:&quot;&quot;,&quot;caption&quot;:&quot;Rafael Caetano\\r\\r- Casa de Criadores- Inverno 2017\\r\\rNovembro \\\/ 2016\\r\\rfoto: Marcelo Soubhia\\\/Fotosite&quot;,&quot;created_timestamp&quot;:&quot;0&quot;,&quot;copyright&quot;:&quot;AGENCIA FOTOSITE&quot;,&quot;focal_length&quot;:&quot;0&quot;,&quot;iso&quot;:&quot;0&quot;,&quot;shutter_speed&quot;:&quot;0&quot;,&quot;title&quot;:&quot;Rafael Caetano&quot;,&quot;orientation&quot;:&quot;1&quot;}\" data-image-title=\"Casa de Criadores Inverno 2017 :: Parte III\" data-image-description=\"\" data-image-caption=\"&lt;p&gt;Casa de Criadores Inverno 2017 :: Parte III &#8211; Rafael Caetano&lt;\/p&gt;\n\" data-medium-file=\"https:\/\/i0.wp.com\/agrund.com\/wp-content\/uploads\/sites\/6\/2016\/11\/rcae_I17_041.jpg?fit=200%2C300&amp;ssl=1\" data-large-file=\"https:\/\/i0.wp.com\/agrund.com\/wp-content\/uploads\/sites\/6\/2016\/11\/rcae_I17_041.jpg?fit=400%2C600&amp;ssl=1\" decoding=\"async\" loading=\"lazy\" class=\"size-full wp-image-159279\" src=\"https:\/\/i0.wp.com\/www.agrund.com\/wp-content\/uploads\/sites\/6\/2016\/11\/rcae_I17_041.jpg?resize=400%2C600\" alt=\"Casa de Criadores Inverno 2017 :: Parte III - Rafael Caetano \" width=\"400\" height=\"600\" srcset=\"https:\/\/i0.wp.com\/agrund.com\/wp-content\/uploads\/sites\/6\/2016\/11\/rcae_I17_041.jpg?w=400&amp;ssl=1 400w, https:\/\/i0.wp.com\/agrund.com\/wp-content\/uploads\/sites\/6\/2016\/11\/rcae_I17_041.jpg?resize=200%2C300&amp;ssl=1 200w\" sizes=\"(max-width: 400px) 100vw, 400px\" data-recalc-dims=\"1\" \/><p id=\"caption-attachment-159279\" class=\"wp-caption-text\">Casa de Criadores Inverno 2017 :: Parte III &#8211; Rafael Caetano<\/p><\/div>\n<p>&nbsp;<\/p>\n<p><strong>Rober Dognani<\/strong><br \/>\nConhecido por seu corte inconfund\u00edvel, com modelagens ousadas e criativas, Rober apresentou uma cole\u00e7\u00e3o para a noite, mas que n\u00e3o \u00e9 festa, segundo ele. Os anos 70 s\u00e3o a grande inspira\u00e7\u00e3o e as refer\u00eancias do livro \u2018O Vale das bonecas\u2019 tamb\u00e9m est\u00e3o presente dando forma \u00e0 mulher sexy e divertida de Dognani.<\/p>\n<div id=\"attachment_159280\" style=\"width: 410px\" class=\"wp-caption aligncenter\"><img aria-describedby=\"caption-attachment-159280\" data-attachment-id=\"159280\" data-permalink=\"https:\/\/agrund.com\/index.php\/casa-de-criadores-inverno-2017-parte-iii\/rober-dognani\/\" data-orig-file=\"https:\/\/i0.wp.com\/agrund.com\/wp-content\/uploads\/sites\/6\/2016\/11\/rdog_I17_006.jpg?fit=400%2C600&amp;ssl=1\" data-orig-size=\"400,600\" data-comments-opened=\"1\" data-image-meta=\"{&quot;aperture&quot;:&quot;0&quot;,&quot;credit&quot;:&quot;Marcelo Soubhia\\\/Fotosite&quot;,&quot;camera&quot;:&quot;&quot;,&quot;caption&quot;:&quot;Rober Dognani\\r\\r- Casa de Criadores- Inverno 2017\\r\\rNovembro \\\/ 2016\\r\\rfoto: Marcelo Soubhia\\\/Fotosite&quot;,&quot;created_timestamp&quot;:&quot;0&quot;,&quot;copyright&quot;:&quot;AGENCIA FOTOSITE&quot;,&quot;focal_length&quot;:&quot;0&quot;,&quot;iso&quot;:&quot;0&quot;,&quot;shutter_speed&quot;:&quot;0&quot;,&quot;title&quot;:&quot;Rober Dognani&quot;,&quot;orientation&quot;:&quot;1&quot;}\" data-image-title=\"Casa de Criadores Inverno 2017 :: Parte III\" data-image-description=\"\" data-image-caption=\"&lt;p&gt;Casa de Criadores Inverno 2017 :: Parte III &#8211; Rober Dognani&lt;\/p&gt;\n\" data-medium-file=\"https:\/\/i0.wp.com\/agrund.com\/wp-content\/uploads\/sites\/6\/2016\/11\/rdog_I17_006.jpg?fit=200%2C300&amp;ssl=1\" data-large-file=\"https:\/\/i0.wp.com\/agrund.com\/wp-content\/uploads\/sites\/6\/2016\/11\/rdog_I17_006.jpg?fit=400%2C600&amp;ssl=1\" decoding=\"async\" loading=\"lazy\" class=\"size-full wp-image-159280\" src=\"https:\/\/i0.wp.com\/www.agrund.com\/wp-content\/uploads\/sites\/6\/2016\/11\/rdog_I17_006.jpg?resize=400%2C600\" alt=\"Casa de Criadores Inverno 2017 :: Parte III - Rober Dognani \" width=\"400\" height=\"600\" srcset=\"https:\/\/i0.wp.com\/agrund.com\/wp-content\/uploads\/sites\/6\/2016\/11\/rdog_I17_006.jpg?w=400&amp;ssl=1 400w, https:\/\/i0.wp.com\/agrund.com\/wp-content\/uploads\/sites\/6\/2016\/11\/rdog_I17_006.jpg?resize=200%2C300&amp;ssl=1 200w\" sizes=\"(max-width: 400px) 100vw, 400px\" data-recalc-dims=\"1\" \/><p id=\"caption-attachment-159280\" class=\"wp-caption-text\">Casa de Criadores Inverno 2017 :: Parte III &#8211; Rober Dognani<\/p><\/div>\n<div id=\"attachment_159281\" style=\"width: 410px\" class=\"wp-caption aligncenter\"><img aria-describedby=\"caption-attachment-159281\" data-attachment-id=\"159281\" data-permalink=\"https:\/\/agrund.com\/index.php\/casa-de-criadores-inverno-2017-parte-iii\/rober-dognani-2\/\" data-orig-file=\"https:\/\/i0.wp.com\/agrund.com\/wp-content\/uploads\/sites\/6\/2016\/11\/rdog_I17_032.jpg?fit=400%2C600&amp;ssl=1\" data-orig-size=\"400,600\" data-comments-opened=\"1\" data-image-meta=\"{&quot;aperture&quot;:&quot;0&quot;,&quot;credit&quot;:&quot;Marcelo Soubhia\\\/Fotosite&quot;,&quot;camera&quot;:&quot;&quot;,&quot;caption&quot;:&quot;Rober Dognani\\r\\r- Casa de Criadores- Inverno 2017\\r\\rNovembro \\\/ 2016\\r\\rfoto: Marcelo Soubhia\\\/Fotosite&quot;,&quot;created_timestamp&quot;:&quot;0&quot;,&quot;copyright&quot;:&quot;AGENCIA FOTOSITE&quot;,&quot;focal_length&quot;:&quot;0&quot;,&quot;iso&quot;:&quot;0&quot;,&quot;shutter_speed&quot;:&quot;0&quot;,&quot;title&quot;:&quot;Rober Dognani&quot;,&quot;orientation&quot;:&quot;1&quot;}\" data-image-title=\"Casa de Criadores Inverno 2017 :: Parte III\" data-image-description=\"\" data-image-caption=\"&lt;p&gt;Casa de Criadores Inverno 2017 :: Parte III &#8211; Rober Dognani&lt;\/p&gt;\n\" data-medium-file=\"https:\/\/i0.wp.com\/agrund.com\/wp-content\/uploads\/sites\/6\/2016\/11\/rdog_I17_032.jpg?fit=200%2C300&amp;ssl=1\" data-large-file=\"https:\/\/i0.wp.com\/agrund.com\/wp-content\/uploads\/sites\/6\/2016\/11\/rdog_I17_032.jpg?fit=400%2C600&amp;ssl=1\" decoding=\"async\" loading=\"lazy\" class=\"size-full wp-image-159281\" src=\"https:\/\/i0.wp.com\/www.agrund.com\/wp-content\/uploads\/sites\/6\/2016\/11\/rdog_I17_032.jpg?resize=400%2C600\" alt=\"Casa de Criadores Inverno 2017 :: Parte III - Rober Dognani \" width=\"400\" height=\"600\" srcset=\"https:\/\/i0.wp.com\/agrund.com\/wp-content\/uploads\/sites\/6\/2016\/11\/rdog_I17_032.jpg?w=400&amp;ssl=1 400w, https:\/\/i0.wp.com\/agrund.com\/wp-content\/uploads\/sites\/6\/2016\/11\/rdog_I17_032.jpg?resize=200%2C300&amp;ssl=1 200w\" sizes=\"(max-width: 400px) 100vw, 400px\" data-recalc-dims=\"1\" \/><p id=\"caption-attachment-159281\" class=\"wp-caption-text\">Casa de Criadores Inverno 2017 :: Parte III &#8211; Rober Dognani<\/p><\/div>\n<div id=\"attachment_159282\" style=\"width: 410px\" class=\"wp-caption aligncenter\"><img aria-describedby=\"caption-attachment-159282\" data-attachment-id=\"159282\" data-permalink=\"https:\/\/agrund.com\/index.php\/casa-de-criadores-inverno-2017-parte-iii\/rober-dognani-3\/\" data-orig-file=\"https:\/\/i0.wp.com\/agrund.com\/wp-content\/uploads\/sites\/6\/2016\/11\/rdog_I17_052.jpg?fit=400%2C600&amp;ssl=1\" data-orig-size=\"400,600\" data-comments-opened=\"1\" data-image-meta=\"{&quot;aperture&quot;:&quot;0&quot;,&quot;credit&quot;:&quot;Marcelo Soubhia\\\/Fotosite&quot;,&quot;camera&quot;:&quot;&quot;,&quot;caption&quot;:&quot;Rober Dognani\\r\\r- Casa de Criadores- Inverno 2017\\r\\rNovembro \\\/ 2016\\r\\rfoto: Marcelo Soubhia\\\/Fotosite&quot;,&quot;created_timestamp&quot;:&quot;0&quot;,&quot;copyright&quot;:&quot;AGENCIA FOTOSITE&quot;,&quot;focal_length&quot;:&quot;0&quot;,&quot;iso&quot;:&quot;0&quot;,&quot;shutter_speed&quot;:&quot;0&quot;,&quot;title&quot;:&quot;Rober Dognani&quot;,&quot;orientation&quot;:&quot;1&quot;}\" data-image-title=\"Casa de Criadores Inverno 2017 :: Parte III\" data-image-description=\"\" data-image-caption=\"&lt;p&gt;Casa de Criadores Inverno 2017 :: Parte III &#8211; Rober Dognani&lt;\/p&gt;\n\" data-medium-file=\"https:\/\/i0.wp.com\/agrund.com\/wp-content\/uploads\/sites\/6\/2016\/11\/rdog_I17_052.jpg?fit=200%2C300&amp;ssl=1\" data-large-file=\"https:\/\/i0.wp.com\/agrund.com\/wp-content\/uploads\/sites\/6\/2016\/11\/rdog_I17_052.jpg?fit=400%2C600&amp;ssl=1\" decoding=\"async\" loading=\"lazy\" class=\"size-full wp-image-159282\" src=\"https:\/\/i0.wp.com\/www.agrund.com\/wp-content\/uploads\/sites\/6\/2016\/11\/rdog_I17_052.jpg?resize=400%2C600\" alt=\"Casa de Criadores Inverno 2017 :: Parte III - Rober Dognani \" width=\"400\" height=\"600\" srcset=\"https:\/\/i0.wp.com\/agrund.com\/wp-content\/uploads\/sites\/6\/2016\/11\/rdog_I17_052.jpg?w=400&amp;ssl=1 400w, https:\/\/i0.wp.com\/agrund.com\/wp-content\/uploads\/sites\/6\/2016\/11\/rdog_I17_052.jpg?resize=200%2C300&amp;ssl=1 200w\" sizes=\"(max-width: 400px) 100vw, 400px\" data-recalc-dims=\"1\" \/><p id=\"caption-attachment-159282\" class=\"wp-caption-text\">Casa de Criadores Inverno 2017 :: Parte III &#8211; Rober Dognani<\/p><\/div>\n<div id=\"attachment_159283\" style=\"width: 410px\" class=\"wp-caption aligncenter\"><img aria-describedby=\"caption-attachment-159283\" data-attachment-id=\"159283\" data-permalink=\"https:\/\/agrund.com\/index.php\/casa-de-criadores-inverno-2017-parte-iii\/rober-dognani-4\/\" data-orig-file=\"https:\/\/i0.wp.com\/agrund.com\/wp-content\/uploads\/sites\/6\/2016\/11\/rdog_I17_064.jpg?fit=400%2C600&amp;ssl=1\" data-orig-size=\"400,600\" data-comments-opened=\"1\" data-image-meta=\"{&quot;aperture&quot;:&quot;0&quot;,&quot;credit&quot;:&quot;Marcelo Soubhia\\\/Fotosite&quot;,&quot;camera&quot;:&quot;&quot;,&quot;caption&quot;:&quot;Rober Dognani\\r\\r- Casa de Criadores- Inverno 2017\\r\\rNovembro \\\/ 2016\\r\\rfoto: Marcelo Soubhia\\\/Fotosite&quot;,&quot;created_timestamp&quot;:&quot;0&quot;,&quot;copyright&quot;:&quot;AGENCIA FOTOSITE&quot;,&quot;focal_length&quot;:&quot;0&quot;,&quot;iso&quot;:&quot;0&quot;,&quot;shutter_speed&quot;:&quot;0&quot;,&quot;title&quot;:&quot;Rober Dognani&quot;,&quot;orientation&quot;:&quot;1&quot;}\" data-image-title=\"Casa de Criadores Inverno 2017 :: Parte III\" data-image-description=\"\" data-image-caption=\"&lt;p&gt;Casa de Criadores Inverno 2017 :: Parte III &#8211; Rober Dognani&lt;\/p&gt;\n\" data-medium-file=\"https:\/\/i0.wp.com\/agrund.com\/wp-content\/uploads\/sites\/6\/2016\/11\/rdog_I17_064.jpg?fit=200%2C300&amp;ssl=1\" data-large-file=\"https:\/\/i0.wp.com\/agrund.com\/wp-content\/uploads\/sites\/6\/2016\/11\/rdog_I17_064.jpg?fit=400%2C600&amp;ssl=1\" decoding=\"async\" loading=\"lazy\" class=\"size-full wp-image-159283\" src=\"https:\/\/i0.wp.com\/www.agrund.com\/wp-content\/uploads\/sites\/6\/2016\/11\/rdog_I17_064.jpg?resize=400%2C600\" alt=\"Casa de Criadores Inverno 2017 :: Parte III - Rober Dognani \" width=\"400\" height=\"600\" srcset=\"https:\/\/i0.wp.com\/agrund.com\/wp-content\/uploads\/sites\/6\/2016\/11\/rdog_I17_064.jpg?w=400&amp;ssl=1 400w, https:\/\/i0.wp.com\/agrund.com\/wp-content\/uploads\/sites\/6\/2016\/11\/rdog_I17_064.jpg?resize=200%2C300&amp;ssl=1 200w\" sizes=\"(max-width: 400px) 100vw, 400px\" data-recalc-dims=\"1\" \/><p id=\"caption-attachment-159283\" class=\"wp-caption-text\">Casa de Criadores Inverno 2017 :: Parte III &#8211; Rober Dognani<\/p><\/div>\n<p>Fotos: Divulga\u00e7\u00e3o\/Ag\u00eancia Fotosite.<\/p>\n","protected":false},"excerpt":{"rendered":"<p>Por Rafaela Piovezani O terceiro dia da Casa de Criadores foi marcado pelos desfiles inverno 2017 dos estilistas Diego F\u00e1varo, Rafael Caetano e Rober Dognani, al\u00e9m dos novos talentos, no Projeto Lab. Projeto Lab O Projeto Lab \u00e9 a porta de entrada para novas marcas e estilistas mostrarem seus trabalhos autorais. Nesta temporada, desfilaram a [&hellip;]<\/p>\n","protected":false},"author":8,"featured_media":159284,"comment_status":"open","ping_status":"open","sticky":false,"template":"","format":"standard","meta":{"jetpack_post_was_ever_published":false,"_jetpack_newsletter_access":"","jetpack_publicize_message":"","jetpack_is_tweetstorm":false,"jetpack_publicize_feature_enabled":true,"jetpack_social_post_already_shared":true,"jetpack_social_options":{"image_generator_settings":{"template":"highway","enabled":false}}},"categories":[9,2],"tags":[],"jetpack_publicize_connections":[],"jetpack_featured_media_url":"https:\/\/i0.wp.com\/agrund.com\/wp-content\/uploads\/sites\/6\/2016\/11\/s-42.jpg?fit=960%2C300&ssl=1","jetpack_sharing_enabled":true,"jetpack_shortlink":"https:\/\/wp.me\/p3Hz0n-FqO","jetpack_likes_enabled":true,"_links":{"self":[{"href":"https:\/\/agrund.com\/index.php\/wp-json\/wp\/v2\/posts\/159266"}],"collection":[{"href":"https:\/\/agrund.com\/index.php\/wp-json\/wp\/v2\/posts"}],"about":[{"href":"https:\/\/agrund.com\/index.php\/wp-json\/wp\/v2\/types\/post"}],"author":[{"embeddable":true,"href":"https:\/\/agrund.com\/index.php\/wp-json\/wp\/v2\/users\/8"}],"replies":[{"embeddable":true,"href":"https:\/\/agrund.com\/index.php\/wp-json\/wp\/v2\/comments?post=159266"}],"version-history":[{"count":0,"href":"https:\/\/agrund.com\/index.php\/wp-json\/wp\/v2\/posts\/159266\/revisions"}],"wp:featuredmedia":[{"embeddable":true,"href":"https:\/\/agrund.com\/index.php\/wp-json\/wp\/v2\/media\/159284"}],"wp:attachment":[{"href":"https:\/\/agrund.com\/index.php\/wp-json\/wp\/v2\/media?parent=159266"}],"wp:term":[{"taxonomy":"category","embeddable":true,"href":"https:\/\/agrund.com\/index.php\/wp-json\/wp\/v2\/categories?post=159266"},{"taxonomy":"post_tag","embeddable":true,"href":"https:\/\/agrund.com\/index.php\/wp-json\/wp\/v2\/tags?post=159266"}],"curies":[{"name":"wp","href":"https:\/\/api.w.org\/{rel}","templated":true}]}}