{"id":1592,"date":"2010-11-30T00:00:38","date_gmt":"2010-11-30T02:00:38","guid":{"rendered":"http:\/\/www.agrund.com\/blogs\/notas\/?p=1592"},"modified":"2010-11-30T00:00:38","modified_gmt":"2010-11-30T02:00:38","slug":"gloria-coelho-na-ca","status":"publish","type":"post","link":"https:\/\/agrund.com\/index.php\/gloria-coelho-na-ca\/","title":{"rendered":"Gloria Coelho na C&amp;A"},"content":{"rendered":"<p><!-- @font-face {   font-family: \"Times New Roman\"; }@font-face {   font-family: \"Arial\"; }@font-face {   font-family: \"Verdana\"; }p.MsoNormal, li.MsoNormal, div.MsoNormal { margin: 0cm 0cm 0.0001pt; font-size: 12pt; font-family: \"Times New Roman\"; }p { margin-right: 0cm; margin-left: 0cm; font-size: 12pt; font-family: \"Times New Roman\"; }table.MsoNormalTable { font-size: 10pt; font-family: \"Times New Roman\"; }div.Section1 { page: Section1; } --><img decoding=\"async\" loading=\"lazy\" class=\"alignleft size-medium wp-image-1594\" title=\"Gloria CEA 2\" src=\"https:\/\/i0.wp.com\/www.agrund.com\/arquivo\/notas\/files\/2010\/11\/Gloria-CEA-2-204x300.jpg?resize=204%2C300\" alt=\"\" width=\"204\" height=\"300\" data-recalc-dims=\"1\" \/>Gloria Coelho chega \u00e0s lojas com uma parceria para l\u00e1 de global.<\/p>\n<p>Os recortes assim\u00e9tricos e as formas para l\u00e1 de modernas da renomada estilista paulista agora nas araras da C&amp;A com roupas para academia e que podem muito bem ser usadas no seu dia-a-dia.<\/p>\n<p>A estilista a Milena Gouveia de Passione, personagem de Mayana Moura, fez dueto com a designer e apresenta uma linha que se chama Skynni Fashion por Gloria Coelho.<\/p>\n<p>A fast-collection tem de tops a shorts, de vestidos a leggings. S\u00e3o aproximadamente 15 itens da cole\u00e7\u00e3o.<\/p>\n<p>Os pre\u00e7os? Muito legais como as roupas!<\/p>\n<p>Agora \u00e9 correr e ver o que t\u00e1 na vitrine!<\/p>\n<p style=\"text-align: center\"><img decoding=\"async\" loading=\"lazy\" class=\"aligncenter size-full wp-image-1593\" title=\"Gloria CEA 1\" src=\"\/wp-content\/uploads\/2010\/11\/Gloria-CEA-1.jpg\" alt=\"\" width=\"495\" height=\"371\" \/><\/p>\n<p style=\"text-align: center\"><img decoding=\"async\" loading=\"lazy\" class=\"aligncenter size-full wp-image-1595\" title=\"Gloria CEA 3\" src=\"\/wp-content\/uploads\/2010\/11\/Gloria-CEA-3.jpg\" alt=\"\" width=\"329\" height=\"464\" \/><\/p>\n<p style=\"text-align: center\"><img decoding=\"async\" loading=\"lazy\" class=\"aligncenter size-full wp-image-1596\" title=\"Gloria CEA\" src=\"\/wp-content\/uploads\/2010\/11\/Gloria-CEA.jpg\" alt=\"\" width=\"301\" height=\"401\" \/><\/p>\n","protected":false},"excerpt":{"rendered":"<p>Gloria Coelho chega \u00e0s lojas com uma parceria para l\u00e1 de global. Os recortes assim\u00e9tricos e as formas para l\u00e1 de modernas da renomada estilista paulista agora nas araras da C&amp;A com roupas para academia e que podem muito bem ser usadas no seu dia-a-dia. A estilista a Milena Gouveia de Passione, personagem de Mayana [&hellip;]<\/p>\n","protected":false},"author":8,"featured_media":1594,"comment_status":"open","ping_status":"open","sticky":false,"template":"","format":"standard","meta":{"jetpack_post_was_ever_published":false,"_jetpack_newsletter_access":"","jetpack_publicize_message":"","jetpack_is_tweetstorm":false,"jetpack_publicize_feature_enabled":true,"jetpack_social_post_already_shared":false,"jetpack_social_options":{"image_generator_settings":{"template":"highway","enabled":false}}},"categories":[2],"tags":[],"jetpack_publicize_connections":[],"jetpack_featured_media_url":"","jetpack_sharing_enabled":true,"jetpack_shortlink":"https:\/\/wp.me\/p3Hz0n-pG","jetpack_likes_enabled":true,"_links":{"self":[{"href":"https:\/\/agrund.com\/index.php\/wp-json\/wp\/v2\/posts\/1592"}],"collection":[{"href":"https:\/\/agrund.com\/index.php\/wp-json\/wp\/v2\/posts"}],"about":[{"href":"https:\/\/agrund.com\/index.php\/wp-json\/wp\/v2\/types\/post"}],"author":[{"embeddable":true,"href":"https:\/\/agrund.com\/index.php\/wp-json\/wp\/v2\/users\/8"}],"replies":[{"embeddable":true,"href":"https:\/\/agrund.com\/index.php\/wp-json\/wp\/v2\/comments?post=1592"}],"version-history":[{"count":0,"href":"https:\/\/agrund.com\/index.php\/wp-json\/wp\/v2\/posts\/1592\/revisions"}],"wp:featuredmedia":[{"embeddable":true,"href":"https:\/\/agrund.com\/index.php\/wp-json\/"}],"wp:attachment":[{"href":"https:\/\/agrund.com\/index.php\/wp-json\/wp\/v2\/media?parent=1592"}],"wp:term":[{"taxonomy":"category","embeddable":true,"href":"https:\/\/agrund.com\/index.php\/wp-json\/wp\/v2\/categories?post=1592"},{"taxonomy":"post_tag","embeddable":true,"href":"https:\/\/agrund.com\/index.php\/wp-json\/wp\/v2\/tags?post=1592"}],"curies":[{"name":"wp","href":"https:\/\/api.w.org\/{rel}","templated":true}]}}