{"id":159029,"date":"2016-11-07T19:00:42","date_gmt":"2016-11-07T21:00:42","guid":{"rendered":"http:\/\/www.agrund.com\/?p=159029"},"modified":"2016-11-07T19:52:07","modified_gmt":"2016-11-07T21:52:07","slug":"agenda-wear-conectando-moda-e-tecnologia","status":"publish","type":"post","link":"https:\/\/agrund.com\/index.php\/agenda-wear-conectando-moda-e-tecnologia\/","title":{"rendered":"Agenda :: &#8216;WeAr &#8211; Conectando Moda e Tecnologia&#8217;"},"content":{"rendered":"<p>Procurando um evento com informa\u00e7\u00e3o atual de moda? Amanh\u00e3 (08), acontece a segunda edi\u00e7\u00e3o do &#8216;WeAr &#8211; Conectando Moda e Tecnologia&#8217;. O festival tem curadoria da jornalista Alexandra Farah, e aborda o tema dos wearables, ou vest\u00edveis conectados, que est\u00e3o mudando a maneira como as pessoas se relacionam com as roupas.<\/p>\n<p>Atrav\u00e9s de semin\u00e1rios, oficinas e instala\u00e7\u00f5es, o WeAR discute o futuro das roupas. O semin\u00e1rio contar\u00e1 com renomados nomes da moda, da tecnologia e do design, como as estilistas Becca McCharen e Clara Daguin.<\/p>\n<p>Para se inscrever e saber mais detalhes acesse o site\u00a0<a href=\"http:\/\/www.wearbrasil.info\/\" target=\"_blank\">www.wearbrasil.info<\/a><\/p>\n<div id=\"attachment_159030\" style=\"width: 610px\" class=\"wp-caption aligncenter\"><img aria-describedby=\"caption-attachment-159030\" data-attachment-id=\"159030\" data-permalink=\"https:\/\/agrund.com\/index.php\/agenda-wear-conectando-moda-e-tecnologia\/image001-5\/\" data-orig-file=\"https:\/\/i0.wp.com\/agrund.com\/wp-content\/uploads\/sites\/6\/2016\/11\/image001-e1478544549387.jpg?fit=600%2C899&amp;ssl=1\" data-orig-size=\"600,899\" data-comments-opened=\"1\" data-image-meta=\"{&quot;aperture&quot;:&quot;0&quot;,&quot;credit&quot;:&quot;&quot;,&quot;camera&quot;:&quot;&quot;,&quot;caption&quot;:&quot;&quot;,&quot;created_timestamp&quot;:&quot;0&quot;,&quot;copyright&quot;:&quot;&quot;,&quot;focal_length&quot;:&quot;0&quot;,&quot;iso&quot;:&quot;0&quot;,&quot;shutter_speed&quot;:&quot;0&quot;,&quot;title&quot;:&quot;&quot;,&quot;orientation&quot;:&quot;0&quot;}\" data-image-title=\"Agenda :: &#8216;WeAr &#8211; Conectando Moda e Tecnologia&#8217;\" data-image-description=\"\" data-image-caption=\"&lt;p&gt;Agenda :: &#8216;WeAr &#8211; Conectando Moda e Tecnologia&#8217; &lt;\/p&gt;\n\" data-medium-file=\"https:\/\/i0.wp.com\/agrund.com\/wp-content\/uploads\/sites\/6\/2016\/11\/image001-e1478544549387.jpg?fit=200%2C300&amp;ssl=1\" data-large-file=\"https:\/\/i0.wp.com\/agrund.com\/wp-content\/uploads\/sites\/6\/2016\/11\/image001-e1478544549387.jpg?fit=684%2C1024&amp;ssl=1\" decoding=\"async\" loading=\"lazy\" class=\"size-full wp-image-159030\" src=\"https:\/\/i0.wp.com\/www.agrund.com\/wp-content\/uploads\/sites\/6\/2016\/11\/image001-e1478544549387.jpg?resize=600%2C899\" alt=\"Agenda :: 'WeAr - Conectando Moda e Tecnologia' \" width=\"600\" height=\"899\" data-recalc-dims=\"1\" \/><p id=\"caption-attachment-159030\" class=\"wp-caption-text\">Agenda :: &#8216;WeAr &#8211; Conectando Moda e Tecnologia&#8217;<\/p><\/div>\n<p>Imagem: Divulga\u00e7\u00e3o.<\/p>\n","protected":false},"excerpt":{"rendered":"<p>Procurando um evento com informa\u00e7\u00e3o atual de moda? Amanh\u00e3 (08), acontece a segunda edi\u00e7\u00e3o do &#8216;WeAr &#8211; Conectando Moda e Tecnologia&#8217;. O festival tem curadoria da jornalista Alexandra Farah, e aborda o tema dos wearables, ou vest\u00edveis conectados, que est\u00e3o mudando a maneira como as pessoas se relacionam com as roupas. Atrav\u00e9s de semin\u00e1rios, oficinas [&hellip;]<\/p>\n","protected":false},"author":8,"featured_media":159031,"comment_status":"open","ping_status":"open","sticky":false,"template":"","format":"standard","meta":{"jetpack_post_was_ever_published":false,"_jetpack_newsletter_access":"","jetpack_publicize_message":"","jetpack_is_tweetstorm":false,"jetpack_publicize_feature_enabled":true,"jetpack_social_post_already_shared":true,"jetpack_social_options":{"image_generator_settings":{"template":"highway","enabled":false}}},"categories":[2],"tags":[],"jetpack_publicize_connections":[],"jetpack_featured_media_url":"https:\/\/i0.wp.com\/agrund.com\/wp-content\/uploads\/sites\/6\/2016\/11\/s-17.jpg?fit=960%2C300&ssl=1","jetpack_sharing_enabled":true,"jetpack_shortlink":"https:\/\/wp.me\/p3Hz0n-FmZ","jetpack_likes_enabled":true,"_links":{"self":[{"href":"https:\/\/agrund.com\/index.php\/wp-json\/wp\/v2\/posts\/159029"}],"collection":[{"href":"https:\/\/agrund.com\/index.php\/wp-json\/wp\/v2\/posts"}],"about":[{"href":"https:\/\/agrund.com\/index.php\/wp-json\/wp\/v2\/types\/post"}],"author":[{"embeddable":true,"href":"https:\/\/agrund.com\/index.php\/wp-json\/wp\/v2\/users\/8"}],"replies":[{"embeddable":true,"href":"https:\/\/agrund.com\/index.php\/wp-json\/wp\/v2\/comments?post=159029"}],"version-history":[{"count":0,"href":"https:\/\/agrund.com\/index.php\/wp-json\/wp\/v2\/posts\/159029\/revisions"}],"wp:featuredmedia":[{"embeddable":true,"href":"https:\/\/agrund.com\/index.php\/wp-json\/wp\/v2\/media\/159031"}],"wp:attachment":[{"href":"https:\/\/agrund.com\/index.php\/wp-json\/wp\/v2\/media?parent=159029"}],"wp:term":[{"taxonomy":"category","embeddable":true,"href":"https:\/\/agrund.com\/index.php\/wp-json\/wp\/v2\/categories?post=159029"},{"taxonomy":"post_tag","embeddable":true,"href":"https:\/\/agrund.com\/index.php\/wp-json\/wp\/v2\/tags?post=159029"}],"curies":[{"name":"wp","href":"https:\/\/api.w.org\/{rel}","templated":true}]}}