{"id":158832,"date":"2016-11-01T16:00:08","date_gmt":"2016-11-01T18:00:08","guid":{"rendered":"http:\/\/www.agrund.com\/?p=158832"},"modified":"2016-11-01T13:46:31","modified_gmt":"2016-11-01T15:46:31","slug":"video-a-historia-da-burberry","status":"publish","type":"post","link":"https:\/\/agrund.com\/index.php\/video-a-historia-da-burberry\/","title":{"rendered":"V\u00eddeo :: A hist\u00f3ria da Burberry"},"content":{"rendered":"<div id=\"attachment_158834\" style=\"width: 610px\" class=\"wp-caption aligncenter\"><img aria-describedby=\"caption-attachment-158834\" data-attachment-id=\"158834\" data-permalink=\"https:\/\/agrund.com\/index.php\/video-a-historia-da-burberry\/the_tale_of_thomas_burberry_campaign_on_embargo_until_1_november_2016_8am_uk_time\/\" data-orig-file=\"https:\/\/i0.wp.com\/agrund.com\/wp-content\/uploads\/sites\/6\/2016\/11\/the_tale_of_thomas_burberry_campaign_on_embargo_until_1_november_2016_8am_uk_time.jpg?fit=640%2C413&amp;ssl=1\" data-orig-size=\"640,413\" data-comments-opened=\"1\" data-image-meta=\"{&quot;aperture&quot;:&quot;0&quot;,&quot;credit&quot;:&quot;&quot;,&quot;camera&quot;:&quot;&quot;,&quot;caption&quot;:&quot;&quot;,&quot;created_timestamp&quot;:&quot;0&quot;,&quot;copyright&quot;:&quot;&quot;,&quot;focal_length&quot;:&quot;0&quot;,&quot;iso&quot;:&quot;0&quot;,&quot;shutter_speed&quot;:&quot;0&quot;,&quot;title&quot;:&quot;&quot;,&quot;orientation&quot;:&quot;0&quot;}\" data-image-title=\"V\u00eddeo :: A hist\u00f3ria da Burberry\" data-image-description=\"\" data-image-caption=\"&lt;p&gt;V\u00eddeo :: A hist\u00f3ria da Burberry &lt;\/p&gt;\n\" data-medium-file=\"https:\/\/i0.wp.com\/agrund.com\/wp-content\/uploads\/sites\/6\/2016\/11\/the_tale_of_thomas_burberry_campaign_on_embargo_until_1_november_2016_8am_uk_time.jpg?fit=300%2C194&amp;ssl=1\" data-large-file=\"https:\/\/i0.wp.com\/agrund.com\/wp-content\/uploads\/sites\/6\/2016\/11\/the_tale_of_thomas_burberry_campaign_on_embargo_until_1_november_2016_8am_uk_time.jpg?fit=640%2C413&amp;ssl=1\" decoding=\"async\" loading=\"lazy\" class=\"wp-image-158834\" src=\"https:\/\/i0.wp.com\/www.agrund.com\/wp-content\/uploads\/sites\/6\/2016\/11\/the_tale_of_thomas_burberry_campaign_on_embargo_until_1_november_2016_8am_uk_time.jpg?resize=600%2C387\" alt=\"V\u00eddeo :: A hist\u00f3ria da Burberry \" width=\"600\" height=\"387\" srcset=\"https:\/\/i0.wp.com\/agrund.com\/wp-content\/uploads\/sites\/6\/2016\/11\/the_tale_of_thomas_burberry_campaign_on_embargo_until_1_november_2016_8am_uk_time.jpg?w=640&amp;ssl=1 640w, https:\/\/i0.wp.com\/agrund.com\/wp-content\/uploads\/sites\/6\/2016\/11\/the_tale_of_thomas_burberry_campaign_on_embargo_until_1_november_2016_8am_uk_time.jpg?resize=300%2C194&amp;ssl=1 300w\" sizes=\"(max-width: 600px) 100vw, 600px\" data-recalc-dims=\"1\" \/><p id=\"caption-attachment-158834\" class=\"wp-caption-text\">V\u00eddeo :: A hist\u00f3ria da Burberry<\/p><\/div>\n<p>A campanha de Natal da Burberry acaba de sair do forno e, como de costume, tem um casting estrelado. As atrizes Lily James, Sienna Miller e os atores Dominic West e Domhnall Gleesonn voltam no tempo para estrelar um v\u00eddeo que retrata o in\u00edcio da marca brit\u00e2nica, l\u00e1 em 1856, quando foi fundada por Thomas Burberry, interpretado por Domhnall.<\/p>\n<p>O &#8216;The Tale of Thomas Burberry&#8217; tem dire\u00e7\u00e3o de Asif Kapadia, que fez os document\u00e1rios Amy e Senna. J\u00e1 podemos imaginar o resultado, n\u00e3o \u00e9 mesmo? O figurino \u00e9 um show \u00e0 parte, com todos os looks da Burberry, claro.<\/p>\n<p>Aperte o play!<\/p>\n<span class=\"embed-youtube\" style=\"text-align:center; display: block;\"><iframe class=\"youtube-player\" width=\"600\" height=\"338\" src=\"https:\/\/www.youtube.com\/embed\/6D5IZtDCS5c?version=3&#038;rel=1&#038;showsearch=0&#038;showinfo=1&#038;iv_load_policy=1&#038;fs=1&#038;hl=pt-BR&#038;autohide=2&#038;wmode=transparent\" allowfullscreen=\"true\" style=\"border:0;\" sandbox=\"allow-scripts allow-same-origin allow-popups allow-presentation\"><\/iframe><\/span>\n<p>Imagem e V\u00eddeo: Reprodu\u00e7\u00e3o.<\/p>\n","protected":false},"excerpt":{"rendered":"<p>A campanha de Natal da Burberry acaba de sair do forno e, como de costume, tem um casting estrelado. As atrizes Lily James, Sienna Miller e os atores Dominic West e Domhnall Gleesonn voltam no tempo para estrelar um v\u00eddeo que retrata o in\u00edcio da marca brit\u00e2nica, l\u00e1 em 1856, quando foi fundada por Thomas [&hellip;]<\/p>\n","protected":false},"author":8,"featured_media":158835,"comment_status":"open","ping_status":"open","sticky":false,"template":"","format":"standard","meta":{"jetpack_post_was_ever_published":false,"_jetpack_newsletter_access":"","jetpack_publicize_message":"","jetpack_is_tweetstorm":false,"jetpack_publicize_feature_enabled":true,"jetpack_social_post_already_shared":true,"jetpack_social_options":{"image_generator_settings":{"template":"highway","enabled":false}}},"categories":[2],"tags":[],"jetpack_publicize_connections":[],"jetpack_featured_media_url":"https:\/\/i0.wp.com\/agrund.com\/wp-content\/uploads\/sites\/6\/2016\/11\/sb.jpg?fit=960%2C300&ssl=1","jetpack_sharing_enabled":true,"jetpack_shortlink":"https:\/\/wp.me\/p3Hz0n-FjO","jetpack_likes_enabled":true,"_links":{"self":[{"href":"https:\/\/agrund.com\/index.php\/wp-json\/wp\/v2\/posts\/158832"}],"collection":[{"href":"https:\/\/agrund.com\/index.php\/wp-json\/wp\/v2\/posts"}],"about":[{"href":"https:\/\/agrund.com\/index.php\/wp-json\/wp\/v2\/types\/post"}],"author":[{"embeddable":true,"href":"https:\/\/agrund.com\/index.php\/wp-json\/wp\/v2\/users\/8"}],"replies":[{"embeddable":true,"href":"https:\/\/agrund.com\/index.php\/wp-json\/wp\/v2\/comments?post=158832"}],"version-history":[{"count":0,"href":"https:\/\/agrund.com\/index.php\/wp-json\/wp\/v2\/posts\/158832\/revisions"}],"wp:featuredmedia":[{"embeddable":true,"href":"https:\/\/agrund.com\/index.php\/wp-json\/wp\/v2\/media\/158835"}],"wp:attachment":[{"href":"https:\/\/agrund.com\/index.php\/wp-json\/wp\/v2\/media?parent=158832"}],"wp:term":[{"taxonomy":"category","embeddable":true,"href":"https:\/\/agrund.com\/index.php\/wp-json\/wp\/v2\/categories?post=158832"},{"taxonomy":"post_tag","embeddable":true,"href":"https:\/\/agrund.com\/index.php\/wp-json\/wp\/v2\/tags?post=158832"}],"curies":[{"name":"wp","href":"https:\/\/api.w.org\/{rel}","templated":true}]}}